{"id":10714,"date":"2015-11-16T11:16:44","date_gmt":"2015-11-16T16:16:44","guid":{"rendered":"http:\/\/staging.hispanicizewire.com\/es\/?p=10714"},"modified":"2017-02-23T10:36:57","modified_gmt":"2017-02-23T15:36:57","slug":"alberto-sardinas-celebra-dos-millones-de-seguidores-en-facebook","status":"publish","type":"post","link":"https:\/\/www.noticiasnewswire.com\/es\/alberto-sardinas-celebra-dos-millones-de-seguidores-en-facebook\/","title":{"rendered":"Alberto Sardi\u00f1as celebra dos millones de seguidores en Facebook"},"content":{"rendered":"<p>MIAMI, FL &#8211; 16 de noviembre de 2015 &#8211; (HISPANICIZE WIRE) &#8211; Despu\u00e9s de ser uno de los primeros presentadores de los medios hispanos en llegar al mill\u00f3n de seguidores en Facebook, ahora Alberto Sardi\u00f1as duplica esa cifra en menos de un a\u00f1o, celebrando la llegada a las dos millones de personas que comparten con \u00e9l a trav\u00e9s de esta red social. El locutor de Univisi\u00f3n logr\u00f3 el reconocimiento nacional a trav\u00e9s de su programa radial \u201c\u00cdntimo\u201d &#8211; en el cual cada domingo sus radioescuchas llaman para contarle las historias de su vida, muchas veces pidiendo su opini\u00f3n como amigo &#8211;  y tambi\u00e9n por medio de sus colaboraciones en televisi\u00f3n nacional.<\/p>\n<p>Sardi\u00f1as, quien es considerado por sus oyentes como \u201cun amigo en la Radio\u00bb, comparte tambi\u00e9n sus palabras de apoyo y \u00e1nimo a trav\u00e9s de Facebook, en donde conecta con estas ya dos millones de personas, que cuentan con su mano amiga. Tras el \u00e9xito de \u00abIntimo\u00bb, Alberto lanz\u00f3 su libro \u00abEl Poder de Tu historia\u201d, el cual tambi\u00e9n fue traducido al ingl\u00e9s, y recientemente le ofreci\u00f3 a sus seguidoras otra valiosa herramienta para la vida, con el lanzamiento de su gu\u00eda electr\u00f3nica \u201cLos 5 Pasos De La Mujer Segura\u201d, que se ha posicionado como n\u00famero 1 en ventas digitales en Amazon Kindle, en varias categor\u00edas.<\/p>\n<p>Alberto est\u00e1 al aire de lunes a viernes de 11 AM a 3 PM por 107.5 Amor (WAMR-FM) en Miami y tambi\u00e9n se desempe\u00f1a como conferencista inspiracional para diversas organizaciones y empresas en Estados Unidos y Am\u00e9rica Latina.<\/p>\n<p>Alberto Sardi\u00f1as est\u00e1 en <a href=\"https:\/\/twitter.com\/albertosardinas\" target=\"_blank\" rel=\"noopener\">Twitter<\/a> e <a href=\"https:\/\/instagram.com\/albertosardinas\/\" target=\"_blank\" rel=\"noopener\">Instagram<\/a> como @albertosardinas; en Facebook: <a href=\"https:\/\/www.facebook.com\/albertosardinas\" target=\"_blank\" rel=\"noopener\">Alberto Sardi\u00f1as<\/a> y en su blog personal <a href=\"http:\/\/www.AlbertoSardi\u00f1as.com\" target=\"_blank\" rel=\"noopener\">www.AlbertoSardi\u00f1as.com<\/a>.<\/p>\n","protected":false},"excerpt":{"rendered":"<p>MIAMI, FL &#8211; 16 de noviembre de 2015 &#8211; (HISPANICIZE WIRE) &#8211; Despu\u00e9s de ser uno de los primeros presentadores de los medios hispanos en llegar al mill\u00f3n de seguidores en Facebook, ahora Alberto Sardi\u00f1as duplica esa cifra en menos de un a\u00f1o, celebrando la llegada a las dos millones de personas que comparten con&#8230; <a href=\"https:\/\/www.noticiasnewswire.com\/es\/alberto-sardinas-celebra-dos-millones-de-seguidores-en-facebook\/\" class=\"learn-btn\">Continue Reading<\/a><\/p>\n","protected":false},"author":2,"featured_media":16640,"comment_status":"closed","ping_status":"open","sticky":false,"template":"","format":"standard","meta":{"_acf_changed":false,"_genesis_hide_title":false,"_genesis_hide_breadcrumbs":false,"_genesis_hide_singular_image":false,"_genesis_hide_footer_widgets":false,"_genesis_custom_body_class":"","_genesis_custom_post_class":"","_genesis_layout":"","footnotes":""},"categories":[2350,6,2359,15],"tags":[1055,1178],"class_list":{"0":"post-10714","1":"post","2":"type-post","3":"status-publish","4":"format-standard","5":"has-post-thumbnail","7":"category-entretenimiento","8":"category-entertainment","9":"category-marketing-es","10":"category-marketing","11":"tag-alberto-sardinas","12":"tag-intimo","13":"entry"},"acf":[],"featured_image_src":"https:\/\/www.noticiasnewswire.com\/wp-content\/uploads\/2015\/11\/featured-alberto-sardinas.jpg","featured_image_src_square":"https:\/\/www.noticiasnewswire.com\/wp-content\/uploads\/2015\/11\/featured-alberto-sardinas.jpg","author_info":{"display_name":"mruiz","author_link":"https:\/\/www.noticiasnewswire.com\/es\/author\/mruiz\/"},"_links":{"self":[{"href":"https:\/\/www.noticiasnewswire.com\/es\/wp-json\/wp\/v2\/posts\/10714","targetHints":{"allow":["GET"]}}],"collection":[{"href":"https:\/\/www.noticiasnewswire.com\/es\/wp-json\/wp\/v2\/posts"}],"about":[{"href":"https:\/\/www.noticiasnewswire.com\/es\/wp-json\/wp\/v2\/types\/post"}],"author":[{"embeddable":true,"href":"https:\/\/www.noticiasnewswire.com\/es\/wp-json\/wp\/v2\/users\/2"}],"replies":[{"embeddable":true,"href":"https:\/\/www.noticiasnewswire.com\/es\/wp-json\/wp\/v2\/comments?post=10714"}],"version-history":[{"count":0,"href":"https:\/\/www.noticiasnewswire.com\/es\/wp-json\/wp\/v2\/posts\/10714\/revisions"}],"wp:featuredmedia":[{"embeddable":true,"href":"https:\/\/www.noticiasnewswire.com\/es\/wp-json\/wp\/v2\/media\/16640"}],"wp:attachment":[{"href":"https:\/\/www.noticiasnewswire.com\/es\/wp-json\/wp\/v2\/media?parent=10714"}],"wp:term":[{"taxonomy":"category","embeddable":true,"href":"https:\/\/www.noticiasnewswire.com\/es\/wp-json\/wp\/v2\/categories?post=10714"},{"taxonomy":"post_tag","embeddable":true,"href":"https:\/\/www.noticiasnewswire.com\/es\/wp-json\/wp\/v2\/tags?post=10714"}],"curies":[{"name":"wp","href":"https:\/\/api.w.org\/{rel}","templated":true}]}}