{"id":18301,"date":"2014-01-22T16:16:20","date_gmt":"2014-01-22T21:16:20","guid":{"rendered":"http:\/\/staging.hispanicizewire.com\/en\/?p=3853"},"modified":"2017-03-08T11:58:37","modified_gmt":"2017-03-08T16:58:37","slug":"el-festival-multiculturalidad-miami-2014-de-la-camara-de-comercio-de-las-minorias-celebra-la-diversidad-en-la-comunidad-del-sur-de-la-florida","status":"publish","type":"post","link":"https:\/\/www.noticiasnewswire.com\/es\/el-festival-multiculturalidad-miami-2014-de-la-camara-de-comercio-de-las-minorias-celebra-la-diversidad-en-la-comunidad-del-sur-de-la-florida\/","title":{"rendered":"El Festival multiculturalidad Miami 2014\u201d de la C\u00e1mara de Comercio de las Minor\u00edas Celebra la diversidad en la comunidad del sur de la Florida"},"content":{"rendered":"<img loading=\"lazy\" decoding=\"async\" class=\"alignright\" src=\"https:\/\/www.noticiasnewswire.com\/wp-content\/uploads\/2014\/01\/sss.jpg\" width=\"304\" height=\"186\"\/> <p>MIAMI, Florida. &#8211; 22 de Enero de, 2014 &#8211; (HISPANICIZE WIRE) &#8211; La C\u00e1mara de Comercio de las Minor\u00edas invita a la comunidad del sur de la Florida al Festival de la multiculturalidad Miami 2014 este s\u00e1bado 25 de Enero, desde las 9 de la ma\u00f1ana hasta las 4 p.m. En el Festival de la multiculturalidad habr\u00e1 presentaciones de m\u00fasica, danza, artes, artesan\u00edas, informaci\u00f3n sobre servicios, diversos vendedores de comida y actividades divertidas para la familia entera con un enfoque comunitario al desarrollo econ\u00f3mico, educacional, salud y bienestar.<\/p>\n<blockquote><p>\u00abEl Festival de la multiculturalidad nos ayuda a celebrar y a unir a comunidades diversas en un ambiente positivo\u00bb<\/p><\/blockquote>\n<p>Diez grupos comunitarios y grupos musicales locales se presentar\u00e1n a trav\u00e9s del d\u00eda, y aproximadamente 15 organizaciones del \u00e1rea estar\u00e1n proveyendo informaci\u00f3n acerca de sus servicios, adem\u00e1s de ex\u00e1menes de salud gratuitos a trav\u00e9s del programa Una Vida Sana, registraciones para el programa de salud de Obama, oportunidades de empleos inmediatos, y una variedad de actividades culturales, tales como baile y el coro musical de la escuela de ni\u00f1os de Roxi. La entrada a este evento comunitario y familiar es gratuita. <\/p>\n<p>\u201cEl Festival de la multiculturalidad nos ayuda a celebrar y a unir a comunidades diversas en un ambiente positivo. Adem\u00e1s provee a la comunidad una oportunidad perfecta para conocer nuevos programas, recursos y actividades en una atm\u00f3sfera divertida. Espero que las familias de todo Miami Dade vengan y disfruten de este evento \u00fanico con empleos, m\u00fasica, comida y atracciones para grandes y chicos,\u201d nos dice el Presidente de la C\u00e1mara de Comercio de las Minor\u00edas, Doug Mayorga.  <\/p>\n<p>El Festival multiculturalidad Miami 2014, es un evento que ser\u00e1 organizado cada dos meses en diferentes \u00e1reas geogr\u00e1ficas del condado de Miami Dade y producido por la C\u00e1mara de Comercio de las Minor\u00edas basada en Miami desde el 2015, y que cuenta con el auspicio de valorables miembros corporativos y el patrocinio de muchas otras organizaciones y grupos comunitarios. <\/p>\n<p>Para m\u00e1s informaci\u00f3n acerca del Festival Imagine, llame por (786) 260-1965 o enviar correo electr\u00f3nico <\/p>\n","protected":false},"excerpt":{"rendered":"<p>El evento ofrece una diversidad de oportunidades a la familia y negocios, la entrada es gratis<\/p>\n","protected":false},"author":2,"featured_media":3854,"comment_status":"open","ping_status":"open","sticky":false,"template":"","format":"standard","meta":{"_acf_changed":false,"_genesis_hide_title":false,"_genesis_hide_breadcrumbs":false,"_genesis_hide_singular_image":false,"_genesis_hide_footer_widgets":false,"_genesis_custom_body_class":"","_genesis_custom_post_class":"","_genesis_layout":"","footnotes":""},"categories":[2351,7],"tags":[],"class_list":{"0":"post-18301","1":"post","2":"type-post","3":"status-publish","4":"format-standard","5":"has-post-thumbnail","7":"category-familia-hogar","8":"category-family-living","9":"entry"},"acf":[],"featured_image_src":"https:\/\/www.noticiasnewswire.com\/wp-content\/uploads\/2014\/01\/featured.jpg","featured_image_src_square":"https:\/\/www.noticiasnewswire.com\/wp-content\/uploads\/2014\/01\/featured.jpg","author_info":{"display_name":"mruiz","author_link":"https:\/\/www.noticiasnewswire.com\/es\/author\/mruiz\/"},"_links":{"self":[{"href":"https:\/\/www.noticiasnewswire.com\/es\/wp-json\/wp\/v2\/posts\/18301","targetHints":{"allow":["GET"]}}],"collection":[{"href":"https:\/\/www.noticiasnewswire.com\/es\/wp-json\/wp\/v2\/posts"}],"about":[{"href":"https:\/\/www.noticiasnewswire.com\/es\/wp-json\/wp\/v2\/types\/post"}],"author":[{"embeddable":true,"href":"https:\/\/www.noticiasnewswire.com\/es\/wp-json\/wp\/v2\/users\/2"}],"replies":[{"embeddable":true,"href":"https:\/\/www.noticiasnewswire.com\/es\/wp-json\/wp\/v2\/comments?post=18301"}],"version-history":[{"count":0,"href":"https:\/\/www.noticiasnewswire.com\/es\/wp-json\/wp\/v2\/posts\/18301\/revisions"}],"wp:featuredmedia":[{"embeddable":true,"href":"https:\/\/www.noticiasnewswire.com\/es\/wp-json\/wp\/v2\/media\/3854"}],"wp:attachment":[{"href":"https:\/\/www.noticiasnewswire.com\/es\/wp-json\/wp\/v2\/media?parent=18301"}],"wp:term":[{"taxonomy":"category","embeddable":true,"href":"https:\/\/www.noticiasnewswire.com\/es\/wp-json\/wp\/v2\/categories?post=18301"},{"taxonomy":"post_tag","embeddable":true,"href":"https:\/\/www.noticiasnewswire.com\/es\/wp-json\/wp\/v2\/tags?post=18301"}],"curies":[{"name":"wp","href":"https:\/\/api.w.org\/{rel}","templated":true}]}}