{"id":18323,"date":"2014-03-10T08:00:48","date_gmt":"2014-03-10T12:00:48","guid":{"rendered":"http:\/\/staging.hispanicizewire.com\/?p=4420"},"modified":"2017-03-08T09:46:50","modified_gmt":"2017-03-08T14:46:50","slug":"la-edicion-2014-del-festival-internacional-de-cine-juan-pablo-ii-presentara-peliculas-que-llaman-a-la-inspiracion","status":"publish","type":"post","link":"https:\/\/www.noticiasnewswire.com\/es\/la-edicion-2014-del-festival-internacional-de-cine-juan-pablo-ii-presentara-peliculas-que-llaman-a-la-inspiracion\/","title":{"rendered":"La Edici\u00f3n 2014 del Festival Internacional de Cine Juan Pablo II Presentar\u00e1 pel\u00edculas que llaman a la inspiraci\u00f3n"},"content":{"rendered":"<iframe loading=\"lazy\" class=\"youtube\" width=\"304\" height=\"186\" src=\"https:\/\/youtube.com\/embed\/p1MUhieQmyI?wmode=transparent\" frameborder=\"0\" wmode=\"transparent\"><\/iframe> <p>MIAMI, FL &#8211; 10 de marzo de 2014 &#8211; (HISPANICIZE WIRE) &#8211; Despu\u00e9s de tres exitosos a\u00f1os, el Festival Internacional de Cine Juan Pablo II, dise\u00f1ado bajo los ideales art\u00edsticos del difunto Papa, regresa al sur de la Florida para su cuarta edici\u00f3n, del 3 al 12 de abril. <\/p>\n<p>Adem\u00e1s de ser un evento internacional e interreligioso, el festival se diferencia del resto de los festivales al escoger un tema cada a\u00f1o, desafiando a los cineastas a enviar cintas que ilustren ese tema. Este a\u00f1o, todo tendr\u00e1 que ver con la inspiraci\u00f3n. <\/p>\n<p>Con pel\u00edculas de Sud\u00e1frica, Turqu\u00eda, Espa\u00f1a, Canad\u00e1, y Estados Unidos, entre otros pa\u00edses, las cintas presentan a personajes reales y ficticios que superan los obst\u00e1culos. \u201cTodos somos capaces de grandeza\u201d, dijo Laura Alvarado Brennan, Directora Ejecutiva del Festival, \u201cpero, a veces, cuando esos obst\u00e1culos se complican, nos desanimamos. La selecci\u00f3n oficial de este a\u00f1o nos recuerda c\u00f3mo regresar, c\u00f3mo luchar por nuestro destino, c\u00f3mo reconocer nuestro valor\u201d. <\/p>\n<blockquote><p>\u00abTodos somos capaces de grandeza, pero, a veces, cuando esos obst\u00e1culos se complican, nos desanimamos. La selecci\u00f3n oficial de este a\u00f1o nos recuerda c\u00f3mo regresar, c\u00f3mo luchar por nuestro destino, c\u00f3mo reconocer nuestro valor.\u201d<\/p><\/blockquote>\n<p>Despu\u00e9s de revisar cada propuesta, los organizadores y un grupo de expertos seleccionaron 16 largometrajes, y 11 cortometrajes, todos dirigidos por muy talentosos cineastas. <\/p>\n<p>\u201cEstamos muy orgullosos de traer al sur de la Florida estas pel\u00edculas tan poderosas. Al tiempo que mostramos muchos g\u00e9neros, todos estos proyectos ofrecen la oportunidad de testificar c\u00f3mo personas comunes y corrientes hacen cosas incre\u00edbles, desafiando sus miedos. Todos hemos estado alg\u00fan d\u00eda cortos de inspiraci\u00f3n; piensen en este grupo de pel\u00edculas como una carga de energ\u00eda para el alma\u201d, dijo Frank Brennan, Director de Presentaciones y Tecnolog\u00eda del festival. <\/p>\n<p>Entre el grupo de pel\u00edculas seleccionadas, el festival presentar\u00e1 los muy esperados filmes de Greg Kinnear, Heaven is for Real (El Cielo es Real), el galardonado The Genius of Marian (El Genio de Marian), el \u00e9xito de tequilla espa\u00f1ol Un Dios Prohibido, y la muy comentada cinta The Forgotten Kingdom (El Reino Olvidado), filmada en Lesotho, Africa.<\/p>\n<p>Las pel\u00edculas seleccionadas son, en orden alfab\u00e9tico, las siguientes: <\/p>\n<p>&#8212; 40 <\/p>\n<p>&#8212; The Drop Box<\/p>\n<p>&#8212; The Forgotten Kingdom<\/p>\n<p>&#8212; Francis: The Pope from the New World<\/p>\n<p>&#8212; The Genius of Marian<\/p>\n<p>&#8212; Gimme Shelter<\/p>\n<p>&#8212; Heaven is for Real<\/p>\n<p>&#8212; In Her Footsteps<\/p>\n<p>&#8212; Leaving Limbo<\/p>\n<p>&#8212; Let There Be<\/p>\n<p>&#8212; Life Inside Out<\/p>\n<p>&#8212; Light from the Darkroom<\/p>\n<p>&#8212; Mom\u2019s Night Out<\/p>\n<p>&#8212; The Savior<\/p>\n<p>&#8212; Trailblazers in Habits<\/p>\n<p>&#8212; Un Dios Prohibido <\/p>\n<p>Los cortometrajes seleccionados son los siguientes: <\/p>\n<p>&#8212; Butterfly Dreams<\/p>\n<p>&#8212; Cardboard<\/p>\n<p>&#8212; Fight like a Lady<\/p>\n<p>&#8212; Force-Full Imagination<\/p>\n<p>&#8212; Limit Break<\/p>\n<p>&#8212; The Mary Contest<\/p>\n<p>&#8212; Moved by Love<\/p>\n<p>&#8212; Pedro Pan<\/p>\n<p>&#8212; Racing to 500<\/p>\n<p>&#8212; Tears of Inge<\/p>\n<p>&#8212; Water for Life<\/p>\n<p>Para obtener boletos, el programa, y m\u00e1s informaci\u00f3n acerca del Festival Internacional Juan Pablo II, favor de visitar <a href=\"http:\/\/www.jp2filmfestival.org\" target=\"_blank\" rel=\"noopener\">www.jp2filmfestival.org<\/a> o llamar al 305.418.0939.<br \/>\nEl Festival Internacional Juan Pablo II es organizado por 7eventhDay Media Inc., una organizaci\u00f3n sin fines de lucro basada en Miami, Florida, cuya misi\u00f3n es impulsar a cineastas basados en la fe a crear producciones de alta calidad que sirvan de testimonio de sus creencias.<\/p>\n","protected":false},"excerpt":{"rendered":"<p>MIAMI, FL &#8211; 10 de marzo de 2014 &#8211; (HISPANICIZE WIRE) &#8211; Despu\u00e9s de tres exitosos a\u00f1os, el Festival Internacional de Cine Juan Pablo II, dise\u00f1ado bajo los ideales art\u00edsticos del difunto Papa, regresa al sur de la Florida para su cuarta edici\u00f3n, del 3 al 12 de abril. Adem\u00e1s de ser un evento internacional&#8230; <a href=\"https:\/\/www.noticiasnewswire.com\/es\/la-edicion-2014-del-festival-internacional-de-cine-juan-pablo-ii-presentara-peliculas-que-llaman-a-la-inspiracion\/\" class=\"learn-btn\">Continue Reading<\/a><\/p>\n","protected":false},"author":2,"featured_media":4426,"comment_status":"open","ping_status":"open","sticky":false,"template":"","format":"standard","meta":{"_acf_changed":false,"_genesis_hide_title":false,"_genesis_hide_breadcrumbs":false,"_genesis_hide_singular_image":false,"_genesis_hide_footer_widgets":false,"_genesis_custom_body_class":"","_genesis_custom_post_class":"","_genesis_layout":"","footnotes":""},"categories":[2350,6],"tags":[46,48,42,47,44,41,43,49,50,45],"class_list":{"0":"post-18323","1":"post","2":"type-post","3":"status-publish","4":"format-standard","5":"has-post-thumbnail","7":"category-entretenimiento","8":"category-entertainment","9":"tag-catholic-film-festival","10":"tag-festival-de-cine","11":"tag-film-festival","12":"tag-frank-brennan","13":"tag-inspiration","14":"tag-john-paul-ii-international-film-festival","15":"tag-miami","16":"tag-papa-juan-pablo-ii","17":"tag-peliculas","18":"tag-pope-john-paul-ii","19":"entry"},"acf":[],"featured_image_src":"https:\/\/www.noticiasnewswire.com\/wp-content\/uploads\/2014\/03\/john-paul-II-international-film-festival-cover-photo1.jpg","featured_image_src_square":"https:\/\/www.noticiasnewswire.com\/wp-content\/uploads\/2014\/03\/john-paul-II-international-film-festival-cover-photo1.jpg","author_info":{"display_name":"mruiz","author_link":"https:\/\/www.noticiasnewswire.com\/es\/author\/mruiz\/"},"_links":{"self":[{"href":"https:\/\/www.noticiasnewswire.com\/es\/wp-json\/wp\/v2\/posts\/18323","targetHints":{"allow":["GET"]}}],"collection":[{"href":"https:\/\/www.noticiasnewswire.com\/es\/wp-json\/wp\/v2\/posts"}],"about":[{"href":"https:\/\/www.noticiasnewswire.com\/es\/wp-json\/wp\/v2\/types\/post"}],"author":[{"embeddable":true,"href":"https:\/\/www.noticiasnewswire.com\/es\/wp-json\/wp\/v2\/users\/2"}],"replies":[{"embeddable":true,"href":"https:\/\/www.noticiasnewswire.com\/es\/wp-json\/wp\/v2\/comments?post=18323"}],"version-history":[{"count":0,"href":"https:\/\/www.noticiasnewswire.com\/es\/wp-json\/wp\/v2\/posts\/18323\/revisions"}],"wp:featuredmedia":[{"embeddable":true,"href":"https:\/\/www.noticiasnewswire.com\/es\/wp-json\/wp\/v2\/media\/4426"}],"wp:attachment":[{"href":"https:\/\/www.noticiasnewswire.com\/es\/wp-json\/wp\/v2\/media?parent=18323"}],"wp:term":[{"taxonomy":"category","embeddable":true,"href":"https:\/\/www.noticiasnewswire.com\/es\/wp-json\/wp\/v2\/categories?post=18323"},{"taxonomy":"post_tag","embeddable":true,"href":"https:\/\/www.noticiasnewswire.com\/es\/wp-json\/wp\/v2\/tags?post=18323"}],"curies":[{"name":"wp","href":"https:\/\/api.w.org\/{rel}","templated":true}]}}