{"id":18335,"date":"2014-03-27T08:00:44","date_gmt":"2014-03-27T12:00:44","guid":{"rendered":"http:\/\/staging.hispanicizewire.com\/?p=4728"},"modified":"2017-03-08T08:41:54","modified_gmt":"2017-03-08T13:41:54","slug":"english-catholic-extension-announces-extension-day-recipients-finalists","status":"publish","type":"post","link":"https:\/\/www.noticiasnewswire.com\/es\/english-catholic-extension-announces-extension-day-recipients-finalists\/","title":{"rendered":"Catholic Extension anuncia las mejores propuestas y los finalistas del &#8216;D\u00eda de Extensi\u00f3n&#8217;"},"content":{"rendered":"<iframe loading=\"lazy\" class=\"youtube\" width=\"304\" height=\"186\" src=\"https:\/\/player.vimeo.com\/video\/89958688?wmode=transparent\" frameborder=\"0\" wmode=\"transparent\"><\/iframe> <p>CHICAGO, IL \u2013 27 de marzo de 2014 \u2013 (HISPANICIZE WIRE) &#8211; Con motivo de la culminaci\u00f3n de la primera edici\u00f3n del D\u00eda de Extensi\u00f3n, en el cual se invit\u00f3 a la juventud norteamericana a participar, Catholic Extension anunci\u00f3 hoy las mejores propuestas y los finalistas, quienes se ver\u00e1n beneficiados con un reconocimiento econ\u00f3mico en beneficio de su ministerio para poder as\u00ed continuar con su esmerada labor. El D\u00eda de Extensi\u00f3n es la respuesta de la organizaci\u00f3n al llamado del Papa Francisco durante la Jornada Mundial de la Juventud, en julio pasado, a los j\u00f3venes para que \u00abarmen lio.\u00bb La respuesta fue grandiosa, miles de j\u00f3venes de los Estados Unidos se unieron al proyecto, se recibieron m\u00e1s de 70 v\u00eddeos de 47 di\u00f3cesis. De estos, se seleccionaron 26 finalistas de entre las cuales fueron elegidas las seis mejores propuestas.<\/p>\n<blockquote><p>\n\u201cLa respuesta que dieron los j\u00f3venes cat\u00f3licos de los Estados Unidos al D\u00eda de Extensi\u00f3n fue inspiradora. Queremos que lo que se inici\u00f3 en el D\u00eda de Extensi\u00f3n cobre impulso y sirva como inspiraci\u00f3n a todos los j\u00f3venes para que respondan al llamado del Papa Francisco a esforzarse a dar m\u00e1s de s\u00ed mismos para as\u00ed poder tener un mayor impacto en la sociedad.\u00bb\n<\/p><\/blockquote>\n<p>Catholic Extension cre\u00f3 el D\u00eda de Extensi\u00f3n para alentar a los j\u00f3venes a dedicar un d\u00eda a la oraci\u00f3n, el servicio o la filantrop\u00eda y documentar sus esfuerzos en un video. La elecci\u00f3n de los videos m\u00e1s destacados fue determinada por medio de las redes de comunicaci\u00f3n social y un panel de jueces, entre ellos el Padre David Dwyer, director de Busted Halo; el Reverendo Padre Mark Mary, co-anfitri\u00f3n del popular programa de EWTN \u2013TV Life on the Rock y el actor Chris O&#8217;Donnell, protagonista de la serie de televisi\u00f3n de drama criminol\u00f3gico NCIS: Los Angeles.<\/p>\n<p>El Cardenal Francis George, canciller de Catholic Extension, present\u00f3 un informe especial al Papa Francisco de este original regalo al conmemorar su primer aniversario como pont\u00edfice. El informe contiene una selecci\u00f3n de los v\u00eddeos, junto con una descripci\u00f3n detallada del D\u00eda de Extensi\u00f3n. Adem\u00e1s de tener la oportunidad de que sus presentaciones sean vistas por el Papa Francisco, los ganadores se hacen acreedores a reconocimientos econ\u00f3micos en beneficio de su ministerio<\/p>\n<p>Los seis v\u00eddeos ganadores incluyen:<\/p>\n<p>&#8212; St Gabriel Catholic School (Di\u00f3cesis de Austin, Texas): <strong>\u00ab<a href=\"http:\/\/player.vimeo.com\/video\/87193422\" target=\"_blank\" rel=\"noopener\">El Juego de los escudos<\/a>\u00ab<\/strong><br \/>\n&#8212; Oficina de Formaci\u00f3n Religiosa (Di\u00f3cesis de El Paso, Texas): <strong>\u00ab<a href=\"http:\/\/player.vimeo.com\/video\/87200102\" target=\"_blank\" rel=\"noopener\">Carnaval para ni\u00f1os inmigrantes<\/a>\u00ab<\/strong><br \/>\n&#8212; Lexington Cat\u00f3lica H.S. Service Club (Di\u00f3cesis de Lexington, Kentucky): <strong>\u00ab<a href=\"http:\/\/player.vimeo.com\/video\/87200165\" target=\"_blank\" rel=\"noopener\">Bailamos-para los ni\u00f1os<\/a>\u00ab<\/strong><br \/>\n&#8212; Grupo de Pastoral Juvenil de la Catedral de Nuestra Se\u00f1ora de Guadalupe (Di\u00f3cesis de Dodge City, Kansas): <strong>\u00ab<a href=\"http:\/\/player.vimeo.com\/video\/87200098\" target=\"_blank\" rel=\"noopener\">Adolescentes se ponen en los zapatos de los menos afortunados<\/a>\u00ab<\/strong><br \/>\n&#8212; Pastoral Juvenil Hispana (Di\u00f3cesis de Stockton, California): <strong>\u00ab<a href=\"http:\/\/player.vimeo.com\/video\/87192384\" target=\"_blank\" rel=\"noopener\">Justicia para todos, buscando una reforma<\/a>\u201d<\/strong><br \/>\n&#8212; Fuerza Transformadora (Di\u00f3cesis de Little Rock, Arkansas): <strong>\u00ab<a href=\"http:\/\/player.vimeo.com\/video\/87192217\" target=\"_blank\" rel=\"noopener\">D\u00eda de Extensi\u00f3n<\/a>\u00ab<\/strong><\/p>\n<p>Aunque, por este a\u00f1o la iniciativa ha llegado a su fin, la organizaci\u00f3n espera en el futuro seguir enfocando su atenci\u00f3n sobre estos esfuerzos.<\/p>\n<p>\u00abLa respuesta que dieron los j\u00f3venes cat\u00f3licos de los Estados Unidos al D\u00eda de Extensi\u00f3n fue inspiradora\u00bb dijo Joe Boland, vice presidente de misi\u00f3n de Catholic Extension. \u00abQueremos que lo que se inici\u00f3 en el D\u00eda de Extensi\u00f3n cobre impulso y sirva como inspiraci\u00f3n a todos los j\u00f3venes para que respondan al llamado del Papa Francisco a esforzarse a dar m\u00e1s de s\u00ed mismos para as\u00ed poder tener un mayor impacto en la sociedad.\u201d<\/p>\n<p>Para seguir enfocando su atenci\u00f3n sobre estos esfuerzos, Catholic Extension anima a los j\u00f3venes a seguir compartiendo lo que est\u00e1n haciendo a trav\u00e9s de las redes de comunicaci\u00f3n social, como Facebook y Twitter, para as\u00ed motivar a otros y demostrar como la fe puede transformar corazones, vidas y a la sociedad.<\/p>\n<p>Catholic Extension, que es una organizaci\u00f3n nacional que apoya a las personas, a los ministerios y a las iglesias en todo Estados Unidos, tiene una relaci\u00f3n especial con los j\u00f3venes cat\u00f3licos ya que proporciona m\u00e1s de $ 3 millones de d\u00f3lares anuales para apoyar a los programas que involucran a la juventud y fomentan la formaci\u00f3n de futuros l\u00edderes de la Iglesia. Para poder ver todos los v\u00eddeos del D\u00eda de Extensi\u00f3n y conocer m\u00e1s acerca de la Catholic Extension, vaya a <a href=\"http:\/\/www.extensionday.org\" target=\"_blank\" rel=\"noopener\">www.extensionday.org<\/a>.<\/p>\n<p><strong>Acerca de Catholic Extension<\/strong><br \/>\nCatholic Extension contribuye de manera singular al crecimiento y a la vitalidad de la Iglesia en los Estados Unidos mediante la inversi\u00f3n estrat\u00e9gica en di\u00f3cesis de misi\u00f3n donde los recursos son escasos. Con sede en Chicago, esta organizaci\u00f3n nacional proporciona fondos a las di\u00f3cesis y parroquias para apoyar a los programas y servicios que invierten en las personas, sus ministerios y sus iglesias. Desde 1905, Catholic Extension ha distribuido m\u00e1s de $500 millones de d\u00f3lares a comunidades en los Estados Unidos. Para obtener m\u00e1s informaci\u00f3n, visite <a href=\"http:\/\/www.catholicextension.org\" target=\"_blank\" rel=\"noopener\">www.catholicextension.org<\/a><\/p>\n<p>CONTACTO:<br \/>\nLisa Gunggoll<br \/>\nLG -PR<br \/>\nlisa@lg-pr.com<br \/>\n708.829.8669<\/p>\n","protected":false},"excerpt":{"rendered":"<p>Los j\u00f3venes de los Estados Unidos contin\u00faan animados a \u201carmar lio\u201d en respuesta al llamado del Papa Francisco<\/p>\n","protected":false},"author":4,"featured_media":4738,"comment_status":"open","ping_status":"open","sticky":false,"template":"","format":"standard","meta":{"_acf_changed":false,"_genesis_hide_title":false,"_genesis_hide_breadcrumbs":false,"_genesis_hide_singular_image":false,"_genesis_hide_footer_widgets":false,"_genesis_custom_body_class":"","_genesis_custom_post_class":"","_genesis_layout":"","footnotes":""},"categories":[2354,10],"tags":[180,177,182,181,184,185,190,187,186,189,188,178,183,191,179],"class_list":{"0":"post-18335","1":"post","2":"type-post","3":"status-publish","4":"format-standard","5":"has-post-thumbnail","7":"category-noticias-generales","8":"category-general-news","9":"tag-catholic","10":"tag-catholic-extension","11":"tag-catholic-extension-recipients","12":"tag-catholic-youth","13":"tag-dia-de-extension","14":"tag-diocese-of-austin","15":"tag-diocese-of-dodge-city","16":"tag-diocese-of-el-paso","17":"tag-diocese-of-lexington","18":"tag-diocese-of-little-rock","19":"tag-diocese-of-stockton","20":"tag-extension-day","21":"tag-extension-day-finalists","22":"tag-make-noise","23":"tag-pope-francis","24":"entry"},"acf":[],"featured_image_src":"https:\/\/www.noticiasnewswire.com\/wp-content\/uploads\/2014\/03\/catholic-extension-day-make-noise-logo.png","featured_image_src_square":"https:\/\/www.noticiasnewswire.com\/wp-content\/uploads\/2014\/03\/catholic-extension-day-make-noise-logo.png","author_info":{"display_name":"Bill Gato","author_link":"https:\/\/www.noticiasnewswire.com\/es\/author\/bill-gato\/"},"_links":{"self":[{"href":"https:\/\/www.noticiasnewswire.com\/es\/wp-json\/wp\/v2\/posts\/18335","targetHints":{"allow":["GET"]}}],"collection":[{"href":"https:\/\/www.noticiasnewswire.com\/es\/wp-json\/wp\/v2\/posts"}],"about":[{"href":"https:\/\/www.noticiasnewswire.com\/es\/wp-json\/wp\/v2\/types\/post"}],"author":[{"embeddable":true,"href":"https:\/\/www.noticiasnewswire.com\/es\/wp-json\/wp\/v2\/users\/4"}],"replies":[{"embeddable":true,"href":"https:\/\/www.noticiasnewswire.com\/es\/wp-json\/wp\/v2\/comments?post=18335"}],"version-history":[{"count":0,"href":"https:\/\/www.noticiasnewswire.com\/es\/wp-json\/wp\/v2\/posts\/18335\/revisions"}],"wp:featuredmedia":[{"embeddable":true,"href":"https:\/\/www.noticiasnewswire.com\/es\/wp-json\/wp\/v2\/media\/4738"}],"wp:attachment":[{"href":"https:\/\/www.noticiasnewswire.com\/es\/wp-json\/wp\/v2\/media?parent=18335"}],"wp:term":[{"taxonomy":"category","embeddable":true,"href":"https:\/\/www.noticiasnewswire.com\/es\/wp-json\/wp\/v2\/categories?post=18335"},{"taxonomy":"post_tag","embeddable":true,"href":"https:\/\/www.noticiasnewswire.com\/es\/wp-json\/wp\/v2\/tags?post=18335"}],"curies":[{"name":"wp","href":"https:\/\/api.w.org\/{rel}","templated":true}]}}