{"id":18349,"date":"2014-05-12T13:52:50","date_gmt":"2014-05-12T17:52:50","guid":{"rendered":"http:\/\/staging.hispanicizewire.com\/?p=5182"},"modified":"2017-03-07T11:43:33","modified_gmt":"2017-03-07T16:43:33","slug":"english-la-voz-del-mundial-estrena-este-jueves-15-de-mayo-en-la-nueva-temporada-de-micro-teatro-miami","status":"publish","type":"post","link":"https:\/\/www.noticiasnewswire.com\/es\/english-la-voz-del-mundial-estrena-este-jueves-15-de-mayo-en-la-nueva-temporada-de-micro-teatro-miami\/","title":{"rendered":"&#8216;La Voz Del Mundial&#8217; estrena este Jueves 15 de mayo, en la nueva temporada de micro-teatro Miami"},"content":{"rendered":"<p>MIAMI, FL &#8211; 12 de mayo de 2014 &#8211; (HISPANICIZE WIRE) &#8211; Tres conocidos comunicadores, se unen para darle vida a \u201cLa Voz del Mundial,\u201d pieza teatral que se estrenar\u00e1 en la nueva temporada de Micro-teatro Miami el pr\u00f3ximo 15 de mayo.<\/p>\n<p>Tres periodistas prestados a la actuaci\u00f3n, Carines Moncada, Soraya Alcal\u00e1 y Broderick Zerpa, son tres conocidos comunicadores, multifac\u00e9ticos, quienes se unen para darle vida a \u201cLa Voz del Mundial,\u201d pieza teatral que se estrenar\u00e1 el pr\u00f3ximo 15 de mayo en el Micro-teatro Miami.<br \/>\n<strong><br \/>\n\u201cLa voz del mundial<\/strong>\u201d escrita por Camilo Hern\u00e1ndez, relata la desesperaci\u00f3n de un comentarista deportivo por lograr ser elegido para narrar los partidos de futbol del pr\u00f3ximo mundial\u2026.pero no cuenta con una gran \u201csorpresa\u201d que se llevar\u00e1 al llegar al casting.<br \/>\n<strong><br \/>\nCarines Moncada<\/strong> es \u201cla voz\u201d oficial del Noticiero Telemundo 51, periodista de amplia experiencia, reconocida por ser acuciosa al momento de desarrollar su labor como Comunicadora Social. <\/p>\n<p><strong>Soraya Alcal\u00e1<\/strong> es \u201cla voz\u201d de Medios Digitales, su labor dominical a trav\u00e9s de su columna \u201cEstilos\u201d, logra traspasar las barreras al lector para enraizar su informaci\u00f3n internacionalmente. <\/p>\n<p><strong>Broderick Zerpa<\/strong> es \u201cla voz\u201d deportiva del momento. Narra, escribe, comenta siempre con gran acierto logrando interesar al escucha o al lector sobre los t\u00f3picos que trata en cada uno de sus oficios. <\/p>\n<p> <strong>Nini Vasquez<\/strong>, acompa\u00f1a a este trio en su deseo de demostrar en las tablas, que tambi\u00e9n tienen madera para la actuaci\u00f3n. Nini tambi\u00e9n Periodista, pero actriz de profesi\u00f3n estar\u00e1 compartiendo escenario con Broderick para hacerle la vida de cuadritos. <\/p>\n<p>La actriz <strong>Elluz Peraza<\/strong>, quien ha sido el coach de actuaci\u00f3n, ha logrado exteriorizar en cada uno de ellos lo mejor de su esencia actoral. <\/p>\n<p>Todos ellos est\u00e1n bajo la producci\u00f3n y direcci\u00f3n de Rosalba Maldonado, periodista venezolana, quien con esta obra, llega a su s\u00e9ptima Temporada consecutiva en el Micro-teatro. <\/p>\n<p>Esta mini-pieza teatral estar\u00e1 en cartelera hasta el 15 de junio dentro del marco de la temporada \u201cCinema Para Micro-teatro\u201d, jueves, viernes y s\u00e1bado de 8 a 11pm y, domingo de 7 a 10pm. S\u00f3lo $5.00 por funci\u00f3n\u2026.! LOS ESPERAMOS! <\/p>\n<p><strong>Elenco<br \/>\n<\/strong><br \/>\nCarines Moncada carinesmoncada@hotmail.com Twitter: <a href=\"https:\/\/twitter.com\/CarinesMoncada\" target=\"_blank\" rel=\"noopener\">@carinesmoncada<\/a><\/p>\n<p>Soraya Alcal\u00e1 estilos@sorayaalcala.com Twitter: <a href=\"https:\/\/twitter.com\/sorayaalcala\" target=\"_blank\" rel=\"noopener\">@sorayaalcala <\/a><a href=\"http:\/\/www.sorayaalcala.com\" target=\"_blank\" rel=\"noopener\">www.sorayaalcala.com<\/a><\/p>\n<p>Broderick Zerpa broderickzerpa@gmail.com Twitter: <a href=\"https:\/\/twitter.com\/Beisbologo\" target=\"_blank\" rel=\"noopener\">@beisbologo<\/a> <a href=\"http:\/\/www.beisbologo.com \" target=\"_blank\">www.beisbologo.com <\/a><\/p>\n<p>Nini Veras Twitter: <a href=\"https:\/\/twitter.com\/NiniVeras\" target=\"_blank\" rel=\"noopener\">@niniveras<\/a> <\/p>\n<p>Micro-teatro Miami Centro Cultura Espa\u00f1ol<br \/>\n1490 Biscayne Blvd.<br \/>\nMiami, FL, 33132<br \/>\nTel: (305) 448 9677<br \/>\nFax: (305) 448 9676<br \/>\npress@microtheatermiami.com<br \/>\n<a href=\"http:\/\/microtheatermiami.com\/\" target=\"_blank\" rel=\"noopener\">http:\/\/microtheatermiami.com\/<br \/>\n<\/a><\/p>\n","protected":false},"excerpt":{"rendered":"<p>MIAMI, FL &#8211; 12 de mayo de 2014 &#8211; (HISPANICIZE WIRE) &#8211; Tres conocidos comunicadores, se unen para darle vida a \u201cLa Voz del Mundial,\u201d pieza teatral que se estrenar\u00e1 en la nueva temporada de Micro-teatro Miami el pr\u00f3ximo 15 de mayo. Tres periodistas prestados a la actuaci\u00f3n, Carines Moncada, Soraya Alcal\u00e1 y Broderick Zerpa,&#8230; <a href=\"https:\/\/www.noticiasnewswire.com\/es\/english-la-voz-del-mundial-estrena-este-jueves-15-de-mayo-en-la-nueva-temporada-de-micro-teatro-miami\/\" class=\"learn-btn\">Continue Reading<\/a><\/p>\n","protected":false},"author":2,"featured_media":5183,"comment_status":"closed","ping_status":"open","sticky":false,"template":"","format":"standard","meta":{"_acf_changed":false,"_genesis_hide_title":false,"_genesis_hide_breadcrumbs":false,"_genesis_hide_singular_image":false,"_genesis_hide_footer_widgets":false,"_genesis_custom_body_class":"","_genesis_custom_post_class":"","_genesis_layout":"","footnotes":""},"categories":[2350,6],"tags":[248,249],"class_list":{"0":"post-18349","1":"post","2":"type-post","3":"status-publish","4":"format-standard","5":"has-post-thumbnail","7":"category-entretenimiento","8":"category-entertainment","9":"tag-la-voz-del-mundial","10":"tag-soraya-alcala","11":"entry"},"acf":[],"featured_image_src":"https:\/\/www.noticiasnewswire.com\/wp-content\/uploads\/2014\/05\/La-voz-del-mudial-image.jpg","featured_image_src_square":"https:\/\/www.noticiasnewswire.com\/wp-content\/uploads\/2014\/05\/La-voz-del-mudial-image.jpg","author_info":{"display_name":"mruiz","author_link":"https:\/\/www.noticiasnewswire.com\/es\/author\/mruiz\/"},"_links":{"self":[{"href":"https:\/\/www.noticiasnewswire.com\/es\/wp-json\/wp\/v2\/posts\/18349","targetHints":{"allow":["GET"]}}],"collection":[{"href":"https:\/\/www.noticiasnewswire.com\/es\/wp-json\/wp\/v2\/posts"}],"about":[{"href":"https:\/\/www.noticiasnewswire.com\/es\/wp-json\/wp\/v2\/types\/post"}],"author":[{"embeddable":true,"href":"https:\/\/www.noticiasnewswire.com\/es\/wp-json\/wp\/v2\/users\/2"}],"replies":[{"embeddable":true,"href":"https:\/\/www.noticiasnewswire.com\/es\/wp-json\/wp\/v2\/comments?post=18349"}],"version-history":[{"count":0,"href":"https:\/\/www.noticiasnewswire.com\/es\/wp-json\/wp\/v2\/posts\/18349\/revisions"}],"wp:featuredmedia":[{"embeddable":true,"href":"https:\/\/www.noticiasnewswire.com\/es\/wp-json\/wp\/v2\/media\/5183"}],"wp:attachment":[{"href":"https:\/\/www.noticiasnewswire.com\/es\/wp-json\/wp\/v2\/media?parent=18349"}],"wp:term":[{"taxonomy":"category","embeddable":true,"href":"https:\/\/www.noticiasnewswire.com\/es\/wp-json\/wp\/v2\/categories?post=18349"},{"taxonomy":"post_tag","embeddable":true,"href":"https:\/\/www.noticiasnewswire.com\/es\/wp-json\/wp\/v2\/tags?post=18349"}],"curies":[{"name":"wp","href":"https:\/\/api.w.org\/{rel}","templated":true}]}}