{"id":18382,"date":"2014-08-01T11:38:14","date_gmt":"2014-08-01T15:38:14","guid":{"rendered":"http:\/\/staging.hispanicizewire.com\/?p=5876"},"modified":"2017-03-01T10:57:20","modified_gmt":"2017-03-01T15:57:20","slug":"americas-latino-eco-festival-anuncia-hoy-el-listado-de-panelistas-y-lideres-pensadores-que-estaran-participando-en-el-mas-grande-festival-ambiental-latino","status":"publish","type":"post","link":"https:\/\/www.noticiasnewswire.com\/es\/americas-latino-eco-festival-anuncia-hoy-el-listado-de-panelistas-y-lideres-pensadores-que-estaran-participando-en-el-mas-grande-festival-ambiental-latino\/","title":{"rendered":"Americas Latino Eco-Festival anuncia hoy el listado de panelistas y L\u00edderes Pensadores que estar\u00e1n participando en el  m\u00e1s grande Festival Ambiental Latino"},"content":{"rendered":"<p>DENVER, CO &#8211; 1 de Agosto del 2014 &#8211; (HISPANICIZE WIRE) &#8211; Est\u00e1n siendo concretados los eventos y participantes para la 2da edici\u00f3n anual del Americas Latino Eco Festival (ALEF) que se llevar\u00e1 a cabo en Denver y Boulder, Coloradodel 11 al15 de septiembre del 2014. El evento, <strong>Un Nuevo Tono de Verde<\/strong>, es producido por Americas for Conservation + the Arts (AFC+A) y presentado en parte por The <a href=\"http:\/\/content.sierraclub.org\/coal\/\" target=\"_blank\" rel=\"noopener\">Sierra Club\u2019s Beyond Coal Campaign<\/a> y The Dairy Center for the Arts. <\/p>\n<blockquote><p>\n\u201cEl Festival est\u00e1 inspirando el despertar del ancestral inter\u00e9s de nuestra comunidad y sus propias ra\u00edces naturales, por los terrenos p\u00fablicos, el aire limpio, las comidas naturales y  la administraci\u00f3n del agua; y convocamos a nuestros colegas a nuestra casa para dialogar, discutir, debatir e intercambiar  temas sobre la justicia ambiental\u201d\n<\/p><\/blockquote>\n<p>\u201cEstamos encantados con el desarrollo que el Festival ha tenido,\u201d dice la fundadora del AFC+A, Irene Vilar. \u201cEl Festival est\u00e1 inspirando el despertar del ancestral inter\u00e9s de nuestra comunidad y sus propias ra\u00edces naturales, por los terrenos p\u00fablicos, el aire limpio, las comidas naturales y  la administraci\u00f3n del agua; y convocamos a nuestros colegas a nuestra casa para dialogar, discutir, debatir e intercambiar  temas sobre la justicia ambiental.\u201d <\/p>\n<p>Dise\u00f1ado como el festival \u201cSouth by South West\u201d, ALEF es el  encuentro con enfoque ambientalista m\u00e1s grande  de la naci\u00f3n. L\u00edderes del pensamiento de los dos continentes se unen para discutir soluciones novedosas ante los desaf\u00edos que surgen del cambio clim\u00e1tico y la degradaci\u00f3n ambiental, as\u00ed como para celebrar la larga historia de activismo ecol\u00f3gico y  el \u201cNuevo Tono de Verde\u201d que ellos traen a este movimiento. Los eventos tendr\u00e1n lugar en diferentes sitios incluyendo The Hotel Boulderado, Regis University, CU Boulder, y the McNichols Civic Center Building en Denver. Han confirmado sus asistencia m\u00e1s de cincuenta artistas, cient\u00edficos, acad\u00e9micos, m\u00fasicos y oradores los cuales participaran en una seria de foros, tales como:<\/p>\n<p>&#8212; \u00bfPor qu\u00e9 el ambientalismo es importante para los Latinoamericanos? \u00bfPor qu\u00e9  somos nosotros la soluci\u00f3n y no el problema? <\/p>\n<p>&#8212; \u00bfD\u00f3nde est\u00e1 el parque? \u00bfPor qu\u00e9 debemos reconectarnos con la naturaleza? \u00bfQu\u00e9 est\u00e1 en riesgo?<\/p>\n<p>&#8212; Nuestro Aire, Nuestra Salud \/ Nuestra Tierra, Nuestra Responsabilidad<\/p>\n<p>&#8212; Las ciudades verdes de las Am\u00e9ricas: cambio clim\u00e1tico generando  capacidad social, innovaci\u00f3n y recuperaci\u00f3n.<\/p>\n<p>&#8212; Consejo Internacional de las 13 Abuelas con Abuela Flordemayo (Nicaragua), Mar\u00eda (Brasil), y Julieta (M\u00e9xico): Agua, un bien b\u00e1sico comercial a un <strong>regalo sagrado<\/strong><\/p>\n<p>&#8212; \u00bfPor qu\u00e9 est\u00e1n los latinos a la cabeza del cambio clim\u00e1tico? 5 cient\u00edficos latinos responden esta pregunta.<\/p>\n<p>&#8212; Reconectado a los ni\u00f1os con la naturaleza por medio de las palabras <\/p>\n<p>&#8212; La creaci\u00f3n y expansi\u00f3n  de tierras protegidas en las Am\u00e9ricas: Conservaci\u00f3n Tompkins-Reserva Sierra Gorda \u2013 Fundaci\u00f3n Turner <\/p>\n<p>&#8212; El Flujo del Rio Colorado: Una extraordinaria canci\u00f3n de renovaci\u00f3n<\/p>\n<p>&#8212; Dibujando la atenci\u00f3n: Dibujos animados sobre el medioambiente<\/p>\n<p>&#8212; Latino Media4Environmental Action<\/p>\n<p>&#8212; Chico Mendes\/Cesar Ch\u00e1vez: Iconos latinos ambientalistas de las Am\u00e9ricas<\/p>\n<p>Fuego y Agua: La lucha de Tonanzin Colorado, Mural de arte p\u00fablico<\/p>\n<p><a href=\"https:\/\/www.facebook.com\/pages\/Jean-Michel-Cousteaus-Ocean-Futures-Society\/92486697079\" target=\"_blank\" rel=\"noopener\">Jean-Michel Cousteau<\/a>, ser\u00e1 uno de los oradores del festival, presentando su organizaci\u00f3n, <a href=\"http:\/\/www.oceanfutures.org\/\" target=\"_blank\" rel=\"noopener\">Ocean Futures Society<\/a>. Esta  promueve la educaci\u00f3n responsable sobre la preservaci\u00f3n de los oc\u00e9anos y su vital importancia para el sostenimiento de la vida en el planeta. <a href=\"http:\/\/www.edwardjamesolmos.com\/\" target=\"_blank\" rel=\"noopener\">Edward James Olmos<\/a>, actor de Hollywood y activista, presentar\u00e1 y ser\u00e1 anfitri\u00f3n de un dialogo titulado \u201cSuperando la adversidad y el estigma, el Poder de la Diversidad y Forjando  la Administraci\u00f3n Ambiental.\u201d Adicionalmente, ofrecer\u00e1n charlas Bianca Jagger (Fundaci\u00f3n de los Derechos Humanos Bianca Jagger), Pati Ruiz Corzo (Campeona de la Tierra de las Naciones Unidas 2013), Jos\u00e9 Pablo Orrego (Premio Ambientalista Goldman), el Congresista Ra\u00fal Grijalva y Ed Begley Jr., actor y activista ambiental.<\/p>\n<p>Bas\u00e1ndose en estimulantes ideas y pensamientos, ALEF est\u00e1 tambi\u00e9n sustentada en una amplia agenda de entretenimiento, la cultura, el arte y la cocina que refuerzan las ra\u00edces de la cultura latina  con la Madre Tierra. Aspectos m\u00e1s destacados incluyen:<\/p>\n<p>&#8212; <strong>K-12 Exhibici\u00f3n Ecol\u00f3gica<\/strong> titulada \u201cP\u00e1jaros Migratorios de las Am\u00e9ricas\u201d con la participaci\u00f3n de 15 escuelas.<\/p>\n<p>&#8212; <strong>10 Exhibiciones de Arte <\/strong>con siete artistas que ofrecer\u00e1n talleres.<\/p>\n<p>&#8212; <strong>D\u00eda de la Familia<\/strong> con una fiesta de comida, una feria de productos verdes y la exposici\u00f3n de libros Migrar en Palabras.<\/p>\n<p>&#8212; <strong>Festival de Presentacione<\/strong>s con la extraordinaria participaci\u00f3n de la <strong>Orquesta de Instrumentos hechos de material reciclado  de Cateura<\/strong>  (Paraguay), la aclamada guitarrista <strong>Berta Rojas<\/strong> nombrada \u201cguitarrista mundial extraordinaria\u201d por el Washington Post y  el grupo ganador del Grammy <strong>La Santa Cecilia<\/strong>.<\/p>\n<p>&#8212; <strong>Latinologues: Green Go!\u00bb<\/strong> Originalmente una comedia exitosa de Broadway producida por Rick Najera, Latinologuestrae a Colorado una nueva producci\u00f3n \u201cGreen Go\u201d con cinco actores de Broadway: Carlos G\u00f3mez, de \u201cIn the Heights,\u201d Yanira Mar\u00edn de \u201cWest Side Story,\u201d Jesse Garc\u00eda de \u201cThe Pee Wee Herman Show,\u201d Rafael Agust\u00edn, estrella de un tour nacional de comedia y Rick Najera.<\/p>\n<p>&#8212; <strong>CASI BLANCO:<\/strong> Comedia producida por el renombrado escritor Rick Najera (In Living Color, MAD tv) una serie de memorias humor\u00edsticas, Casi Blanco: Confesiones Forzadas de un latino en Hollywood en los escenarios. Reviviendo su infancia, carrera y nueva familia, el montaje de Najera es sobre las 5 eles: Latinos, Life, Love, Laughter and La Familia (Latinos, vida, amor, risas y la familia.<\/p>\n<p>&#8212; Estrenos de pel\u00edculas premiadas:<strong> \u201cAntarctica: A Year on Ice\u201d<\/strong> con la presencia de su Director Andrea Juan, <strong>Why in My Backyard, Hydroaysen, Angel Azul, Children of the Amazon, Fierce Green Fire, Who is Dayani Crystal, Food Chains, Go for Sisters, with Edward James Olmos, Extreme Realities, BBOY for Life.<\/strong><\/p>\n<p>&#8212; <strong>Artistas mundialmente  conocidos:<\/strong> Andrea Juan (Argentina), Alan Manuel Gonz\u00e1lez (Cuba) Nadia Guthman (Argentina), Rafael L\u00f3pez (M\u00e9xico), Margarita Cabrera (M\u00e9xico) Alfonso Piloto Nieves (M\u00e9xico) y David Garc\u00eda \u201cOcelotl\u201d (US).<\/p>\n<p>&#8212; <strong>Latinovating Green Am\u00e9ricas<\/strong> y el <strong>Colorado Entrepreneurs Summit<\/strong><\/p>\n<p>Para mayor informaci\u00f3n, favor visitar la p\u00e1gina web: <a href=\"http:\/\/www.americaslatinofestival.org\" target=\"_blank\" rel=\"noopener\">www.americaslatinofestival.org<\/a> donde diariamente se actualizan detalles. Para concertar una entrevista con la fundadora del evento, comun\u00edquese con lora@screamagency.com.<\/p>\n","protected":false},"excerpt":{"rendered":"<p>2do ALEF Solidifica los esfuerzos para establecer una presencia Global Panamericana abogando por justicia ambiental cruzando las fronteras nacionales<\/p>\n","protected":false},"author":2,"featured_media":5877,"comment_status":"closed","ping_status":"open","sticky":false,"template":"","format":"standard","meta":{"_acf_changed":false,"_genesis_hide_title":false,"_genesis_hide_breadcrumbs":false,"_genesis_hide_singular_image":false,"_genesis_hide_footer_widgets":false,"_genesis_custom_body_class":"","_genesis_custom_post_class":"","_genesis_layout":"","footnotes":""},"categories":[2356,12],"tags":[],"class_list":{"0":"post-18382","1":"post","2":"type-post","3":"status-publish","4":"format-standard","5":"has-post-thumbnail","7":"category-interes-humano","8":"category-human-interest","9":"entry"},"acf":[],"featured_image_src":"https:\/\/www.noticiasnewswire.com\/wp-content\/uploads\/2014\/08\/ALEFLOGO-FEATURED.jpg","featured_image_src_square":"https:\/\/www.noticiasnewswire.com\/wp-content\/uploads\/2014\/08\/ALEFLOGO-FEATURED.jpg","author_info":{"display_name":"mruiz","author_link":"https:\/\/www.noticiasnewswire.com\/es\/author\/mruiz\/"},"_links":{"self":[{"href":"https:\/\/www.noticiasnewswire.com\/es\/wp-json\/wp\/v2\/posts\/18382","targetHints":{"allow":["GET"]}}],"collection":[{"href":"https:\/\/www.noticiasnewswire.com\/es\/wp-json\/wp\/v2\/posts"}],"about":[{"href":"https:\/\/www.noticiasnewswire.com\/es\/wp-json\/wp\/v2\/types\/post"}],"author":[{"embeddable":true,"href":"https:\/\/www.noticiasnewswire.com\/es\/wp-json\/wp\/v2\/users\/2"}],"replies":[{"embeddable":true,"href":"https:\/\/www.noticiasnewswire.com\/es\/wp-json\/wp\/v2\/comments?post=18382"}],"version-history":[{"count":0,"href":"https:\/\/www.noticiasnewswire.com\/es\/wp-json\/wp\/v2\/posts\/18382\/revisions"}],"wp:featuredmedia":[{"embeddable":true,"href":"https:\/\/www.noticiasnewswire.com\/es\/wp-json\/wp\/v2\/media\/5877"}],"wp:attachment":[{"href":"https:\/\/www.noticiasnewswire.com\/es\/wp-json\/wp\/v2\/media?parent=18382"}],"wp:term":[{"taxonomy":"category","embeddable":true,"href":"https:\/\/www.noticiasnewswire.com\/es\/wp-json\/wp\/v2\/categories?post=18382"},{"taxonomy":"post_tag","embeddable":true,"href":"https:\/\/www.noticiasnewswire.com\/es\/wp-json\/wp\/v2\/tags?post=18382"}],"curies":[{"name":"wp","href":"https:\/\/api.w.org\/{rel}","templated":true}]}}