{"id":18599,"date":"2015-08-27T15:43:53","date_gmt":"2015-08-27T19:43:53","guid":{"rendered":"http:\/\/staging.hispanicizewire.com\/es\/?p=10050"},"modified":"2017-02-27T17:46:59","modified_gmt":"2017-02-27T22:46:59","slug":"las-estrellas-brillan-con-la-segunda-temporada-de-lo-mejor-de-superlatina-en-vme-tv","status":"publish","type":"post","link":"https:\/\/www.noticiasnewswire.com\/es\/las-estrellas-brillan-con-la-segunda-temporada-de-lo-mejor-de-superlatina-en-vme-tv\/","title":{"rendered":"Las Estrellas Brillan con la Segunda Temporada de &#8216;Lo Mejor de SuperLatina&#8217; en Vme TV"},"content":{"rendered":"<iframe loading=\"lazy\" class=\"youtube\" width=\"304\" height=\"186\" src=\"https:\/\/youtube.com\/embed\/fNnhXIJ-s6g?wmode=transparent\" frameborder=\"0\" wmode=\"transparent\"><\/iframe> <p>MIAMI, FL &#8211; 27 de Agosto de 2015 \u2013 (HISPANICIZE WIRE) &#8211; <a href=\"http:\/\/www.vmetv.com\" target=\"_blank\" rel=\"noopener\">Vme TV<\/a>, la \u00fanica cadena nacional de televisi\u00f3n en espa\u00f1ol en asociaci\u00f3n con las estaciones de televisi\u00f3n p\u00fablica, estrenar\u00e1 la segunda temporada del programa \u201c<a href=\"http:\/\/www.vmetv.com\/shows\/lo-mejor-de-superlatina\" target=\"_blank\" rel=\"noopener\">Lo Mejor de SuperLatina<\/a>\u201d, conducido por la emprendedora de medios y persona influyente a nivel digital, Gaby Natale. El programa, que ha sido nominado seis veces a los premios Emmy, incluir\u00e1 entrevistas con personalidades famosas en la comunidad latina y ser\u00e1 transmitido a partir del s\u00e1bado, 5 de septiembre, a las 4:00 p.m. E\/P. <\/p>\n<p>En esta temporada Gaby Natale, la productora ejecutiva y presentadora, viaja con su equipo de costa a costa conduciendo entrevistas de manera \u00edntima y personal con algunas de las personalidades famosas e influyentes hoy en d\u00eda. \u201cLo Mejor de SuperLatina\u201d profundizar\u00e1 m\u00e1s all\u00e1 de sus vidas p\u00fablicas a sus or\u00edgenes, descubriendo los obst\u00e1culos que les cambiaron la vida, llev\u00e1ndolos a convertirse en las personas exitosas que son hoy por hoy. <\/p>\n<p>\u201cVme TV se complace en presentar programaci\u00f3n tal como \u2018Lo Mejor de SuperLatina\u2019, que le provee a nuestra comunidad historias que inspiran y motivan a nuestros televidentes a seguir luchando por sus sue\u00f1os\u201d, dijo Ralph Parkman, vicepresidente de mercadeo de Vme TV. \u201cGaby Natale, la anfitriona del programa, es un gran modelo y ejemplo a seguir por nuestra comunidad hispana debido a su gran tenacidad y dedicaci\u00f3n\u201d. <\/p>\n<p>Entre los invitados que conoceremos con mayor profundidad estar\u00e1n, el Dr. Deepak Chopra, el m\u00fasico Carlos Santana, el actor William Levy y el cantante Miguel Bos\u00e9 que han compartido con Gaby sus desaf\u00edos y eventos significativos a lo largo de su camino al \u00e9xito. <\/p>\n<p>\u201cA trav\u00e9s de \u2018Lo Mejor de SuperLatina\u2019 le ofrecemos a nuestros televidentes una visualizaci\u00f3n a la vida de algunas de las figuras m\u00e1s destacadas de nuestra sociedad. En esta temporada visitamos el estudio musical de Carlos Santana en Las Vegas y nos da un vistazo a su colecci\u00f3n de guitarras. A su vez, Deepak Chopra nos invita a su oficina privada, llena de recuerdos de su buen amigo Michael Jackson, y nos habla acerca del bienestar,\u201c explic\u00f3 Gaby Natale, presentadora y productora del programa. \u201cSin duda alguna, esta ha sido una experiencia fascinante y siento que es de gran importancia compartir estas historias singulares con los televidentes de la naci\u00f3n para as\u00ed demostrar que con esfuerzo, a pesar de los obst\u00e1culos en el camino, podemos lograr nuestras metas\u201d. <\/p>\n<p>Los televidentes pueden ver \u201cLo Mejor de SuperLatina\u201d en 43 mercados de los Estados Unidos por medio de Comcast, DIRECTV, DISH Network y AT&#038;T U-verse, entre otras compa\u00f1\u00edas de cable locales. Para encontrar su canal o para aprender m\u00e1s sobre Vme TV, visite <a href=\"http:\/\/www.vmetv.com\" target=\"_blank\" rel=\"noopener\">www.vmetv.com<\/a> o s\u00edganos en nuestras redes sociales por v\u00eda de <a href=\"http:\/\/www.facebook.com\/vmetv\" target=\"_blank\" rel=\"noopener\">www.facebook.com\/vmetv<\/a> o <a href=\"http:\/\/www.twitter.com\/vmetv\" target=\"_blank\" rel=\"noopener\"><\/a>www.twitter.com\/vmetv. <\/p>\n<p><strong>Acerca De Vme Television<\/strong><br \/>\nVme TV (se pronuncia veme), es la primera cadena de televisi\u00f3n nacional en espa\u00f1ol en asociaci\u00f3n con las estaciones de televisi\u00f3n p\u00fablica. Llegando a m\u00e1s de 70 millones de hogares en los Estados Unidos, Vme TV se transmite en 43 mercados por estaciones de PBS y se encuentra disponible en DIRECTV, DISH Network, AT&#038;T U-verse, as\u00ed como las principales compa\u00f1\u00edas de cable como Comcast. El servicio de transmisi\u00f3n digital de 24 horas se dedica a entretener, educar e inspirar a las familias, en espa\u00f1ol, con una mezcla contempor\u00e1nea de producciones originales, estrenos exclusivos, adquisiciones y programas de televisi\u00f3n p\u00fablica, adaptado especialmente para los hispanos. Para encontrar su canal local o para aprender m\u00e1s acerca de Vme TV, visite <a href=\"http:\/\/www.vmetv.com\" target=\"_blank\" rel=\"noopener\">www.vmetv.com<\/a> o s\u00edganos en las redes sociales a trav\u00e9s de <a href=\"http:\/\/www.facebook.com\/vmetv\" target=\"_blank\" rel=\"noopener\">www.facebook.com\/vmetv<\/a> o <a href=\"http:\/\/www.twitter.com\/vmetv\" target=\"_blank\" rel=\"noopener\">www.twitter.com\/vmetv<\/a>.<br \/>\n<strong><br \/>\nAcerca De Gaby Natale Y AGANARmedia <\/strong><br \/>\nGaby Natale es una empresaria, personalidad de los medios y bloguera de celebridades. Como anfitriona del programa de entrevistas SuperLatina, ha sido nominada seis veces para el premio EMMY.<\/p>\n<p>La se\u00f1ora Natale es tambi\u00e9n co-fundadora y presidente de AGANARmedia, una compa\u00f1\u00eda con base en el mercadeo y desarrollo de contenidos enfocados en la audiencia hispana. Los clientes de AGANARmedia incluyen compa\u00f1\u00edas Fortune 500 como Ford Motor Co., AT&#038;T, L&#8217;Oreal Paris, Macy&#8217;s, Ebay y MetroPCS.<\/p>\n<p>Gaby Natale es una de las pocas mujeres en la industria del entretenimiento que posee no s\u00f3lo los derechos a su programa de televisi\u00f3n, sino tambi\u00e9n a un estudio de televisi\u00f3n. Esta situaci\u00f3n \u00fanica le ha permitido combinar su pasi\u00f3n por los medios de comunicaci\u00f3n y su esp\u00edritu emprendedor. En el mundo digital, Gaby ha desarrollado su propia base de fans en l\u00ednea, con m\u00e1s de 40 millones de visitas en YouTube (que crecen a un ritmo de 1 mill\u00f3n por mes) y 62.000 seguidores en Twitter @superlatinashow. Usted puede encontrar m\u00e1s informaci\u00f3n acerca de Gaby y su compa\u00f1\u00eda en <a href=\"http:\/\/www.aganarmedia.com\" target=\"_blank\" rel=\"noopener\">http:\/\/www.aganarmedia.com<\/a>.<\/p>\n","protected":false},"excerpt":{"rendered":"<p><EM>&#8212; Deepak Chopra, Cristina Saralegui y Carlos Santana son algunos de los invitados reconocidos de esta temporada &#8212;<\/EM><\/p>\n","protected":false},"author":2,"featured_media":16300,"comment_status":"closed","ping_status":"closed","sticky":false,"template":"","format":"standard","meta":{"_acf_changed":false,"_genesis_hide_title":false,"_genesis_hide_breadcrumbs":false,"_genesis_hide_singular_image":false,"_genesis_hide_footer_widgets":false,"_genesis_custom_body_class":"","_genesis_custom_post_class":"","_genesis_layout":"","footnotes":""},"categories":[2346,30,6,2350],"tags":[198,643,872,873,675,877,633,548,876,685,520,646,879,486,635,874,636,160,40,662,663,637,875,878,35,469,451,518,734,468,618,413],"class_list":{"0":"post-18599","1":"post","2":"type-post","3":"status-publish","4":"format-standard","5":"has-post-thumbnail","7":"category-arte-cultura","8":"category-arts-culture","9":"category-entertainment","10":"category-entretenimiento","11":"tag-bilingual","12":"tag-bilingue","13":"tag-celebridades","14":"tag-celerities","15":"tag-contenido","16":"tag-cristina-saralegui","17":"tag-cultura","18":"tag-culture","19":"tag-deepak-chopra","20":"tag-educacional","21":"tag-educational","22":"tag-enriching","23":"tag-enriquecedora","24":"tag-entertainment-2","25":"tag-entretenimiento","26":"tag-entrevista","27":"tag-espanol","28":"tag-gaby-natale","29":"tag-hispanic","30":"tag-hispanic-american","31":"tag-hispanos","32":"tag-inspirational","33":"tag-interview","34":"tag-latin","35":"tag-latino","36":"tag-programming","37":"tag-spanish","38":"tag-spanish-language","39":"tag-superlatina","40":"tag-television","41":"tag-tv","42":"tag-william-levy","43":"entry"},"acf":[],"featured_image_src":"https:\/\/www.noticiasnewswire.com\/wp-content\/uploads\/2015\/08\/gaby-featured1.jpg","featured_image_src_square":"https:\/\/www.noticiasnewswire.com\/wp-content\/uploads\/2015\/08\/gaby-featured1.jpg","author_info":{"display_name":"mruiz","author_link":"https:\/\/www.noticiasnewswire.com\/es\/author\/mruiz\/"},"_links":{"self":[{"href":"https:\/\/www.noticiasnewswire.com\/es\/wp-json\/wp\/v2\/posts\/18599","targetHints":{"allow":["GET"]}}],"collection":[{"href":"https:\/\/www.noticiasnewswire.com\/es\/wp-json\/wp\/v2\/posts"}],"about":[{"href":"https:\/\/www.noticiasnewswire.com\/es\/wp-json\/wp\/v2\/types\/post"}],"author":[{"embeddable":true,"href":"https:\/\/www.noticiasnewswire.com\/es\/wp-json\/wp\/v2\/users\/2"}],"replies":[{"embeddable":true,"href":"https:\/\/www.noticiasnewswire.com\/es\/wp-json\/wp\/v2\/comments?post=18599"}],"version-history":[{"count":0,"href":"https:\/\/www.noticiasnewswire.com\/es\/wp-json\/wp\/v2\/posts\/18599\/revisions"}],"wp:featuredmedia":[{"embeddable":true,"href":"https:\/\/www.noticiasnewswire.com\/es\/wp-json\/wp\/v2\/media\/16300"}],"wp:attachment":[{"href":"https:\/\/www.noticiasnewswire.com\/es\/wp-json\/wp\/v2\/media?parent=18599"}],"wp:term":[{"taxonomy":"category","embeddable":true,"href":"https:\/\/www.noticiasnewswire.com\/es\/wp-json\/wp\/v2\/categories?post=18599"},{"taxonomy":"post_tag","embeddable":true,"href":"https:\/\/www.noticiasnewswire.com\/es\/wp-json\/wp\/v2\/tags?post=18599"}],"curies":[{"name":"wp","href":"https:\/\/api.w.org\/{rel}","templated":true}]}}