{"id":23324,"date":"2017-09-22T19:15:29","date_gmt":"2017-09-22T23:15:29","guid":{"rendered":"https:\/\/staging.hispanicizewire.com\/?p=23324\/"},"modified":"2021-05-10T20:16:56","modified_gmt":"2021-05-11T00:16:56","slug":"24-horas-de-emergencia24-horas-de-recuperacion","status":"publish","type":"post","link":"https:\/\/www.noticiasnewswire.com\/es\/24-horas-de-emergencia24-horas-de-recuperacion\/","title":{"rendered":"24 Horas de Emergencia\/24 Horas de Recuperaci\u00f3n"},"content":{"rendered":"<p>WASHIGNTON, DC y DENVER, CO \u2013 22 de septiembre de 2017 \u2013 (HISPANICIZE WIRE) &#8211; <a href=\"http:\/\/www.americasforconservation.org\/\" target=\"_blank\" rel=\"noopener\">Am\u00e9ricas para la Conservaci\u00f3n y las Artes<\/a> (AFC+A por sus siglas en ingl\u00e9s) y su Latina Environmental Giving Circle, en alianza con <a href=\"http:\/\/www.greenlatinos.org\/\" target=\"_blank\" rel=\"noopener\">GreenLatinos<\/a>, <a href=\"http:\/\/www.crearesults.org\/\" target=\"_blank\" rel=\"noopener\">CREA Resultados<\/a>, <a href=\"http:\/\/institu.to\/\" target=\"_blank\" rel=\"noopener\">El Instituto de Artes y Oficios para la Comunicaci\u00f3n Estrat\u00e9gica<\/a>, <a href=\"http:\/\/dilesquevoten.org\/\" target=\"_blank\" rel=\"noopener\">Diles Que Voten<\/a>, <a href=\"http:\/\/www.heuristicacom.com\/\" target=\"_blank\" rel=\"noopener\">Heuristica Comunicaci\u00f3n<\/a>, y <a href=\"http:\/\/www.benitezstrategies.com\/\" target=\"_blank\" rel=\"noopener\">Benitez Strategies<\/a>, han creado el Fondo de Resiliencia de M\u00e9xico y Puerto Rico, para ayudar a las familias y comunidades a recuperarse de los recientes terremotos y huracanes que han devastado a estas comunidades Latinoamericanas.<\/p>\n<p>\u201cPuede que la emergencia dure 24 horas, pero los esfuerzos de recuperaci\u00f3n y reconstrucci\u00f3n de vida duran <strong>al menos<\/strong> 24 semanas, por lo que es cr\u00edtico donar, mantener la solidaridad y el apoyo en continuidad\u201d, expres\u00f3 Irene Vilar, de AFC+A. \u201cEs tiempo de que nosotros como latinos y estadounidenses mostremos la casta y revelemos qu\u00e9 tan grande es nuestro coraz\u00f3n\u201d.<\/p>\n<p>Todas las donaciones ser\u00e1n destinadas a: <a href=\"http:\/\/www.fondounido.org.mx\/\" target=\"_blank\" rel=\"noopener\">United Way MX (Fondo Unido M\u00e9xico)<\/a>, una organizaci\u00f3n sin fines de lucro que est\u00e1 proporcionando alivio a las comunidades abatidas por desastres naturales durante el 7 y 19 de septiembre por los terremotos en M\u00e9xico; as\u00ed como al <a href=\"https:\/\/www.facebook.com\/pg\/departamentodelacomida\/about\/?ref=page_internal\" target=\"_blank\" rel=\"noopener\">Departamento de la Comida in Puerto Rico<\/a>, una organizaci\u00f3n comunitaria sin fines de lucro que est\u00e1 comprometida con proporcionar comida y alivio a aquellos que fueron afectados por los Huracanes Irma y Mar\u00eda.<\/p>\n<p>\u201cNuestra meta es ayudar a aquellos que fueron afectados a reconstruir y restaurar sus hogares, comunidades, entorno ambiental y vidas\u201d, dijo Fernando Pineda-Reyes, de CREA Resultados. \u201cNuestro trabajo comenz\u00f3 dentro de las 24 horas siguientes a la ocurrencia de los desastres y continuar\u00e1 al menos por las siguientes 24 semanas, para acompa\u00f1ar y apoyar en procesos de recuperaci\u00f3n\u201d.<\/p>\n<p>El fondo apoyar\u00e1 a la comunidad en la reconstrucci\u00f3n y recuperaci\u00f3n tras los esfuerzos inmediatos de alivio y sentar\u00e1 la base del trabajo para los esfuerzos de recuperaci\u00f3n a largo plazo, que podr\u00edan tomar varios a\u00f1os. El fondo tambi\u00e9n planea ofrecer un poco de asistencia a corto plazo.<\/p>\n<p>\u201cComo comunidad latina, nos unimos como una familia en los tiempos de desastre y crisis\u201d, expres\u00f3 Felipe Ben\u00edtez, representante de Ben\u00edtez Strategies y El Instituto. \u201cMuchos de los organizadores del fondo tenemos familias, amigos y ra\u00edces en estas regiones Latinoamericanas\u201d.<\/p>\n<p>Todos los ingresos ser\u00e1n distribuidos en las regiones afectadas por desastres naturales en M\u00e9xico y Puerto Rico. El equipo trabajar\u00e1 con coordinadores de asistencia en las \u00e1reas afectadas para determinar la manera m\u00e1s efectiva de distribuci\u00f3n.<\/p>\n<p>Para donar hoy mismo, visita <a href=\"http:\/\/www.americasforconservation.org\/mx-pr-resilience-fund\" target=\"_blank\" rel=\"noopener\">www.24weeks.us<\/a> or <a href=\"http:\/\/www.americasforconservation.org\/resilencia\" target=\"_blank\" rel=\"noopener\">www.24semanas.org<\/a>.<\/p>\n<p>Para preguntas relacionadas con los donativos, contacta a sonia@benitezstrategies.com.<\/p>\n<p>Photo Credits<br \/>\nMexico: Pepe Molina<br \/>\nPuerto Rico: Nina Hately<\/p>\n","protected":false},"excerpt":{"rendered":"<p><em>&#8212; L\u00edderes Latinos lanzan Fondo para los Esfuerzos de Recuperaci\u00f3n a Largo Plazo en M\u00e9xico y Puerto Rico &#8212;<\/em><\/p>\n<p><em>&#8212; Desastres naturales han azotado a estas regiones Latinoamericanas, dejando para muchos un futuro incierto &#8212;<\/em><\/p>\n","protected":false},"author":2,"featured_media":23305,"comment_status":"closed","ping_status":"open","sticky":false,"template":"","format":"standard","meta":{"_acf_changed":false,"_genesis_hide_title":false,"_genesis_hide_breadcrumbs":false,"_genesis_hide_singular_image":false,"_genesis_hide_footer_widgets":false,"_genesis_custom_body_class":"","_genesis_custom_post_class":"","_genesis_layout":"","footnotes":""},"categories":[18667,2356,2354],"tags":[],"class_list":{"0":"post-23324","1":"post","2":"type-post","3":"status-publish","4":"format-standard","5":"has-post-thumbnail","7":"category-environment-sustainability-es","8":"category-interes-humano","9":"category-noticias-generales","10":"entry"},"acf":[],"featured_image_src":"https:\/\/www.noticiasnewswire.com\/wp-content\/uploads\/2017\/09\/FEATURED-MEXICO.png","featured_image_src_square":"https:\/\/www.noticiasnewswire.com\/wp-content\/uploads\/2017\/09\/FEATURED-MEXICO.png","author_info":{"display_name":"mruiz","author_link":"https:\/\/www.noticiasnewswire.com\/es\/author\/mruiz\/"},"_links":{"self":[{"href":"https:\/\/www.noticiasnewswire.com\/es\/wp-json\/wp\/v2\/posts\/23324","targetHints":{"allow":["GET"]}}],"collection":[{"href":"https:\/\/www.noticiasnewswire.com\/es\/wp-json\/wp\/v2\/posts"}],"about":[{"href":"https:\/\/www.noticiasnewswire.com\/es\/wp-json\/wp\/v2\/types\/post"}],"author":[{"embeddable":true,"href":"https:\/\/www.noticiasnewswire.com\/es\/wp-json\/wp\/v2\/users\/2"}],"replies":[{"embeddable":true,"href":"https:\/\/www.noticiasnewswire.com\/es\/wp-json\/wp\/v2\/comments?post=23324"}],"version-history":[{"count":0,"href":"https:\/\/www.noticiasnewswire.com\/es\/wp-json\/wp\/v2\/posts\/23324\/revisions"}],"wp:featuredmedia":[{"embeddable":true,"href":"https:\/\/www.noticiasnewswire.com\/es\/wp-json\/wp\/v2\/media\/23305"}],"wp:attachment":[{"href":"https:\/\/www.noticiasnewswire.com\/es\/wp-json\/wp\/v2\/media?parent=23324"}],"wp:term":[{"taxonomy":"category","embeddable":true,"href":"https:\/\/www.noticiasnewswire.com\/es\/wp-json\/wp\/v2\/categories?post=23324"},{"taxonomy":"post_tag","embeddable":true,"href":"https:\/\/www.noticiasnewswire.com\/es\/wp-json\/wp\/v2\/tags?post=23324"}],"curies":[{"name":"wp","href":"https:\/\/api.w.org\/{rel}","templated":true}]}}