{"id":36403,"date":"2021-08-10T13:50:33","date_gmt":"2021-08-10T17:50:33","guid":{"rendered":"https:\/\/noticiaswire.wpengine.com\/?p=36403"},"modified":"2022-02-04T11:28:32","modified_gmt":"2022-02-04T16:28:32","slug":"disenadores-de-moda-de-america-latina-retornan-a-los-shows-en-vivo-durante-la-semana-de-la-moda-de-nueva-york-en-septiembre-de-2021","status":"publish","type":"post","link":"https:\/\/www.noticiasnewswire.com\/es\/disenadores-de-moda-de-america-latina-retornan-a-los-shows-en-vivo-durante-la-semana-de-la-moda-de-nueva-york-en-septiembre-de-2021\/","title":{"rendered":"Dise\u00f1adores de moda de Am\u00e9rica Latina retornan a los shows en vivo durante la Semana de la Moda de Nueva York en Septiembre de 2021."},"content":{"rendered":"<p>NUEVA YORK, NY \u2014 10 de Agosto de 2021 \u2014 (NOTICIAS NEWSWIRE) \u2014 La Federaci\u00f3n de Dise\u00f1adores de Latinoam\u00e9rica (FDLA) ha anunciado el calendario oficial y los dise\u00f1adores de moda participantes para la pr\u00f3xima temporada de FDLA durante la Semana de la Moda de Nueva York (NYFW) para sus espect\u00e1culos EN VIVO en Septiembre. El calendario de oto\u00f1o para los espect\u00e1culos SS \/ 2022 FDLA se llevar\u00e1 a cabo durante NYFW en su nueva ubicaci\u00f3n, <strong>Lavan541, un recinto para eventos, ic\u00f3nico, excepcional y de lujo ubicado en el coraz\u00f3n de Chelsea en 541 W 25th St, Nueva York, NY 10001.<\/strong> El evento se produce en conformidad con las pautas de salud del estado de Nueva York.<\/p>\n<p>Las festividades de la moda comenzar\u00e1n con una <strong>conferencia de prensa virtual que tendr\u00e1 lugar el martes 7 de Septiembre a las 6:00 pm.<\/strong> Seguida de un desfile en persona con los mejores dise\u00f1adores de moda latinoamericanos y la presencia de la presidenta honoraria de FDLA, <strong><em>Agatha Ruiz de La Prada <\/em><\/strong>e invitado especial <strong><em>Custo Barcelona<\/em><\/strong><em>.<\/em><\/p>\n<p>Con el progreso actual en el ritmo de las vacunas y la reapertura de la ciudad de Nueva York, FDLA anticipa que la semana presentar\u00e1 un regreso a los desfiles tradicionales en persona y una continuaci\u00f3n de los desfiles digitales producidos en cumplimiento con las pautas de salud del estado de Nueva York. FDLA requerir\u00e1 que todo el personal, dise\u00f1adores, modelos y todos los invitados participantes est\u00e9n completamente vacunados.<\/p>\n<p><em>\u201cCualquier persona que asista a nuestros desfiles se le pedir\u00e1 que muestre un comprobante de vacunaci\u00f3n, ya que apoyamos a la industria en proteger el bienestar de nuestra comunidad de la moda esta temporada durante los desfiles. Esperamos un regreso exitoso y poder celebrar lo mejor de la moda latinoamericana en presentaciones tanto f\u00edsicas como digitales\u201d.<\/em> dijo Albania Rosario, Fundadora de FDLA y miembro de la junta ejecutiva de Latinas in Business Inc.<\/p>\n<p>Se presentaran los siguientes dise\u00f1adores emergentes: <strong>Dante LuxuryFootwear &#8211; M\u00e9xico, Dayana Leon &#8211; Venezuela, Giannina Azar &#8211; Rep\u00fablica Dominicana, Glenkora Comte &#8211; Ecuador, Indira &amp; Isidro &#8211; M\u00e9xico, Idol Jose &#8211; Venezuela, Jose Ventura &#8211; Rep\u00fablica Dominicana, Leti Faviani &#8211; Chile, Paris Rodriguez &#8211; Colombia, Rosita Hurtado &#8211; Bolivia, Samantha Telfair &#8211; Puerto Rico, Yirko Sivirich &#8211; Per\u00fa, Yas Gonzalez &#8211; Cuba.<\/strong> Visite <a href=\"https:\/\/www.fdla.co\/designersnyfw\" target=\"_blank\" rel=\"noopener\" data-schema-attribute=\"\">FDLA Designers<\/a> para obtener m\u00e1s informaci\u00f3n.<\/p>\n<p>Los espect\u00e1culos son solo por invitaci\u00f3n. La acreditaci\u00f3n de prensa comienza el 15 de Agosto de 2021. <a href=\"https:\/\/www.fdla.co\/fdladigitalpress\" target=\"_blank\" rel=\"noopener\" data-schema-attribute=\"\">Reg\u00edstrese con anticipaci\u00f3n<\/a> ya que el espacio disponible es limitado debido aprotocolo del NYSH. Ver m\u00e1s en <a href=\"https:\/\/www.fdla.co\/designersnyfw?lang=es\" target=\"_blank\" rel=\"noopener\" data-schema-attribute=\"\">www.fdla.co<\/a><\/p>\n<p><a href=\"https:\/\/drive.google.com\/drive\/folders\/1Ada2LsNqkL-DHwtw6ZEDTN4bpHXD2wwM?usp=sharing\" target=\"_blank\" rel=\"noopener\" data-schema-attribute=\"\">Acceder fotos aqu\u00ed<\/a><\/p>\n<p>FDLA est\u00e1 patrocinado por:<\/p>\n<p><img loading=\"lazy\" decoding=\"async\" class=\"alignnone size-full wp-image-36388\" src=\"\/wp-content\/uploads\/2021\/08\/patrocinadores.jpg\" alt=\"\" width=\"858\" height=\"190\" srcset=\"https:\/\/www.noticiasnewswire.com\/wp-content\/uploads\/2021\/08\/patrocinadores.jpg 858w, https:\/\/www.noticiasnewswire.com\/wp-content\/uploads\/2021\/08\/patrocinadores-300x66.jpg 300w, https:\/\/www.noticiasnewswire.com\/wp-content\/uploads\/2021\/08\/patrocinadores-768x170.jpg 768w\" sizes=\"auto, (max-width: 858px) 100vw, 858px\" \/><\/p>\n<p>FDLA Digital se estrena en las siguientes plataformas:<\/p>\n<p><img loading=\"lazy\" decoding=\"async\" class=\"alignnone size-full wp-image-36386\" src=\"\/wp-content\/uploads\/2021\/08\/premieres.jpg\" alt=\"\" width=\"801\" height=\"52\" srcset=\"https:\/\/www.noticiasnewswire.com\/wp-content\/uploads\/2021\/08\/premieres.jpg 801w, https:\/\/www.noticiasnewswire.com\/wp-content\/uploads\/2021\/08\/premieres-300x19.jpg 300w, https:\/\/www.noticiasnewswire.com\/wp-content\/uploads\/2021\/08\/premieres-768x50.jpg 768w\" sizes=\"auto, (max-width: 801px) 100vw, 801px\" \/><\/p>\n","protected":false},"excerpt":{"rendered":"<p><em>\u2014 <a href=\"https:\/\/www.businessoffashion.com\/news\/fashion-week\/nyfw-will-only-allow-vaccinated-guests-to-attend-shows\" target=\"_blank\" rel=\"noopener\">NYFW solo permitir\u00e1 asistir a los desfiles a Invitados Vacunados<\/a> FDLA tambi\u00e9n requerir\u00e1 prueba de vacunaci\u00f3n. \u2014<\/em><\/p>\n","protected":false},"author":15,"featured_media":36390,"comment_status":"closed","ping_status":"open","sticky":false,"template":"","format":"standard","meta":{"_acf_changed":false,"_genesis_hide_title":false,"_genesis_hide_breadcrumbs":false,"_genesis_hide_singular_image":false,"_genesis_hide_footer_widgets":false,"_genesis_custom_body_class":"","_genesis_custom_post_class":"","_genesis_layout":"","footnotes":""},"categories":[2346,2352],"tags":[19044,19045,19046,10494,6190,19047],"class_list":{"0":"post-36403","1":"post","2":"type-post","3":"status-publish","4":"format-standard","5":"has-post-thumbnail","7":"category-arte-cultura","8":"category-moda-belleza","9":"tag-covid-19-vaccine-es","10":"tag-fashion-es","11":"tag-fashion-week-es","12":"tag-latin-america-es","13":"tag-new-york-es","14":"tag-runway-fashion-es","15":"entry"},"acf":[],"featured_image_src":"https:\/\/www.noticiasnewswire.com\/wp-content\/uploads\/2021\/08\/nyfw_featured-600x400.jpg","featured_image_src_square":"https:\/\/www.noticiasnewswire.com\/wp-content\/uploads\/2021\/08\/nyfw_featured-600x463.jpg","author_info":{"display_name":"vicente","author_link":"https:\/\/www.noticiasnewswire.com\/es\/author\/vicente\/"},"_links":{"self":[{"href":"https:\/\/www.noticiasnewswire.com\/es\/wp-json\/wp\/v2\/posts\/36403","targetHints":{"allow":["GET"]}}],"collection":[{"href":"https:\/\/www.noticiasnewswire.com\/es\/wp-json\/wp\/v2\/posts"}],"about":[{"href":"https:\/\/www.noticiasnewswire.com\/es\/wp-json\/wp\/v2\/types\/post"}],"author":[{"embeddable":true,"href":"https:\/\/www.noticiasnewswire.com\/es\/wp-json\/wp\/v2\/users\/15"}],"replies":[{"embeddable":true,"href":"https:\/\/www.noticiasnewswire.com\/es\/wp-json\/wp\/v2\/comments?post=36403"}],"version-history":[{"count":0,"href":"https:\/\/www.noticiasnewswire.com\/es\/wp-json\/wp\/v2\/posts\/36403\/revisions"}],"wp:featuredmedia":[{"embeddable":true,"href":"https:\/\/www.noticiasnewswire.com\/es\/wp-json\/wp\/v2\/media\/36390"}],"wp:attachment":[{"href":"https:\/\/www.noticiasnewswire.com\/es\/wp-json\/wp\/v2\/media?parent=36403"}],"wp:term":[{"taxonomy":"category","embeddable":true,"href":"https:\/\/www.noticiasnewswire.com\/es\/wp-json\/wp\/v2\/categories?post=36403"},{"taxonomy":"post_tag","embeddable":true,"href":"https:\/\/www.noticiasnewswire.com\/es\/wp-json\/wp\/v2\/tags?post=36403"}],"curies":[{"name":"wp","href":"https:\/\/api.w.org\/{rel}","templated":true}]}}