{"id":39891,"date":"2022-03-03T09:22:01","date_gmt":"2022-03-03T14:22:01","guid":{"rendered":"https:\/\/www.noticiasnewswire.com\/?p=39891"},"modified":"2022-03-03T09:22:01","modified_gmt":"2022-03-03T14:22:01","slug":"produ-fiap-face-to-face-webinar-2","status":"publish","type":"post","link":"https:\/\/www.noticiasnewswire.com\/es\/produ-fiap-face-to-face-webinar-2\/","title":{"rendered":"PRODU FIAP Face to Face Webinar: \u00bfQu\u00e9 es la Web 3.0 y por qu\u00e9 importa? este martes 8 de marzo"},"content":{"rendered":"<p>MIAMI, FL \u2014 3 de Marzo, 2022 \u2014 (<a href=\"https:\/\/www.noticiasnewswire.com\/es\/\">NOTICIAS NEWSWIRE<\/a>) \u2014 Todos hemos llegado a escuchar hablar en alg\u00fan momento sobre la Web 3.0 o web sem\u00e1ntica. Desde hace un tiempo este t\u00e9rmino ha estado de boca en boca, pero muchas personas a\u00fan no entienden realmente qu\u00e9 es la Web 3.0, cu\u00e1les son sus caracter\u00edsticas o cu\u00e1les son las ventajas y desventajas.<\/p>\n<p>Para conocer a fondo esta terminolog\u00eda les invitamos a participar en el FIAP Face to Face del martes 8 de marzo, donde Jonathan Lackey, Digital Director, Casanova \/\/ McCann; Felipe Vallejos, Regional Head of Media &amp; Analytics Latam, Reprise; Andy Nelson, Head of Social Media, Conill; Andres Azpilicueta, Chief Digital Officer, Publicis Media, y Gullermo Berna, Head of Digital Integration, Archer Troy, discutir\u00e1n sobre esta nueva generaci\u00f3n de Internet y ofrecer\u00e1n algunas respuestas clave.<\/p>\n<p>Este webinar, \u201c\u00bfQu\u00e9 es la Web 3.0 y por qu\u00e9 importa?\u201d, ser\u00e1 moderado por Mara Fern\u00e1ndez, editora asociada y directora s\u00e9nior para EE.UU. Hispano y Latinoam\u00e9rica de PRODU, y se realizar\u00e1 el martes 8 de enero a las 12 PM Miami \/ 11 AM M\u00e9xico \/ 2 PM Argentina y 6 PM Madrid.<\/p>\n<p>Reg\u00edstrese <a href=\"https:\/\/www.produ.com\/webinars\/what-is-web3-and-why-it-matters\" target=\"_blank\" rel=\"noopener\">aqu\u00ed<\/a><\/p>\n<h3 style=\"font-size: 18px\">Sobre PRODU<\/h3>\n<p>Durante 31 a\u00f1os, PRODU ha sido el proveedor l\u00edder de contenido para los profesionales de la televisi\u00f3n, la publicidad y la tecnolog\u00eda en Latinoam\u00e9rica, Espa\u00f1a y el mercado hispano de EE UU. Los cambios r\u00e1pidos y constantes del mundo consumidor de los medios han hecho que PRODU sea flexible y se adapte a este contenido especializado; proporcionando soluciones cotidianas segmentadas para sus exigentes lectores en cada plataforma.<\/p>\n<p>PRODU genera publicaciones comerciales peri\u00f3dicas (impresas) y directorio en l\u00ednea: Who\u2019sWho Online y el sitio web y bolet\u00edn de noticias m\u00e1s prestigioso y consultado para las industrias de televisi\u00f3n, publicidad y tecnolog\u00eda (en l\u00ednea). Adicionalmente, PRODU ofrece tres boletines informativos gratuitos que llegan a m\u00e1s de 30.000 tomadores de decisiones y profesionales ejecutivos todos los d\u00edas.<\/p>\n","protected":false},"excerpt":{"rendered":"<p>MIAMI, FL \u2014 3 de Marzo, 2022 \u2014 (NOTICIAS NEWSWIRE) \u2014 Todos hemos llegado a escuchar hablar en alg\u00fan momento sobre la Web 3.0 o web sem\u00e1ntica. Desde hace un tiempo este t\u00e9rmino ha estado de boca en boca, pero muchas personas a\u00fan no entienden realmente qu\u00e9 es la Web 3.0, cu\u00e1les son sus caracter\u00edsticas&#8230; <a href=\"https:\/\/www.noticiasnewswire.com\/es\/produ-fiap-face-to-face-webinar-2\/\" class=\"learn-btn\">Continue Reading<\/a><\/p>\n","protected":false},"author":15,"featured_media":39885,"comment_status":"closed","ping_status":"open","sticky":false,"template":"","format":"standard","meta":{"_acf_changed":false,"_genesis_hide_title":false,"_genesis_hide_breadcrumbs":false,"_genesis_hide_singular_image":false,"_genesis_hide_footer_widgets":false,"_genesis_custom_body_class":"","_genesis_custom_post_class":"","_genesis_layout":"","footnotes":""},"categories":[2359,2348],"tags":[4392],"class_list":{"0":"post-39891","1":"post","2":"type-post","3":"status-publish","4":"format-standard","5":"has-post-thumbnail","7":"category-marketing-es","8":"category-negocios-finanzas","9":"tag-produ-es","10":"entry"},"acf":[],"featured_image_src":"https:\/\/www.noticiasnewswire.com\/wp-content\/uploads\/2022\/03\/Facetoface_695x463-600x400.jpg","featured_image_src_square":"https:\/\/www.noticiasnewswire.com\/wp-content\/uploads\/2022\/03\/Facetoface_695x463-600x463.jpg","author_info":{"display_name":"vicente","author_link":"https:\/\/www.noticiasnewswire.com\/es\/author\/vicente\/"},"_links":{"self":[{"href":"https:\/\/www.noticiasnewswire.com\/es\/wp-json\/wp\/v2\/posts\/39891","targetHints":{"allow":["GET"]}}],"collection":[{"href":"https:\/\/www.noticiasnewswire.com\/es\/wp-json\/wp\/v2\/posts"}],"about":[{"href":"https:\/\/www.noticiasnewswire.com\/es\/wp-json\/wp\/v2\/types\/post"}],"author":[{"embeddable":true,"href":"https:\/\/www.noticiasnewswire.com\/es\/wp-json\/wp\/v2\/users\/15"}],"replies":[{"embeddable":true,"href":"https:\/\/www.noticiasnewswire.com\/es\/wp-json\/wp\/v2\/comments?post=39891"}],"version-history":[{"count":0,"href":"https:\/\/www.noticiasnewswire.com\/es\/wp-json\/wp\/v2\/posts\/39891\/revisions"}],"wp:featuredmedia":[{"embeddable":true,"href":"https:\/\/www.noticiasnewswire.com\/es\/wp-json\/wp\/v2\/media\/39885"}],"wp:attachment":[{"href":"https:\/\/www.noticiasnewswire.com\/es\/wp-json\/wp\/v2\/media?parent=39891"}],"wp:term":[{"taxonomy":"category","embeddable":true,"href":"https:\/\/www.noticiasnewswire.com\/es\/wp-json\/wp\/v2\/categories?post=39891"},{"taxonomy":"post_tag","embeddable":true,"href":"https:\/\/www.noticiasnewswire.com\/es\/wp-json\/wp\/v2\/tags?post=39891"}],"curies":[{"name":"wp","href":"https:\/\/api.w.org\/{rel}","templated":true}]}}