{"id":40280,"date":"2022-03-24T10:25:34","date_gmt":"2022-03-24T14:25:34","guid":{"rendered":"https:\/\/www.noticiasnewswire.com\/?p=40280"},"modified":"2022-03-24T12:02:18","modified_gmt":"2022-03-24T16:02:18","slug":"electrify-america-transformara-la-experiencia","status":"publish","type":"post","link":"https:\/\/www.noticiasnewswire.com\/es\/electrify-america-transformara-la-experiencia\/","title":{"rendered":"&#8216;Electrify Am\u00e9rica&#8217; transformar\u00e1 la experiencia de los veh\u00edculos el\u00e9ctricos, creando un oasis de carga ultrarr\u00e1pida"},"content":{"rendered":"<p>MIAMI, FL \u2014 24 de Marzo, 2022 \u2014 (<a href=\"https:\/\/www.noticiasnewswire.com\/es\/\">NOTICIAS NEWSWIRE<\/a>) \u2014 <a href=\"https:\/\/www.electrifyamerica.com\/\" target=\"_blank\" rel=\"noopener\">Electrify America<\/a> anunci\u00f3 hoy una nueva visi\u00f3n de dise\u00f1o para algunas de sus futuras estaciones de carga, para superar las expectativas de los clientes de veh\u00edculos el\u00e9ctricos (EV), a medida que hacen la transici\u00f3n a la movilidad el\u00e9ctrica.<\/p>\n<p>Adem\u00e1s de esta nueva evoluci\u00f3n de dise\u00f1o centrada en el cliente, la compa\u00f1\u00eda presentar\u00e1 su cargador de pr\u00f3xima generaci\u00f3n con actualizaciones de dise\u00f1o funcional para mejorar la experiencia pr\u00e1ctica de carga para el cliente.<\/p>\n<p>Electrify Am\u00e9rica ha agudizado el enfoque en las necesidades del cliente y reinventado la experiencia de carga al presentar la estaci\u00f3n de carga del futuro, hoy, que puede agregar elementos de dise\u00f1o y comodidad, como marquesinas y toldos solares, \u00e1reas de espera para el cliente y otros servicios enfocados en el cliente en ubicaciones seleccionadas. .<\/p>\n<p>La compa\u00f1\u00eda planea mostrar esta transici\u00f3n con la instalaci\u00f3n en el 2022 y 2023 en nuevas instalaciones de carga emblem\u00e1ticas seleccionadas en Santa B\u00e1rbara, San Francisco, San Diego y Beverly Hills, California y en Nueva York dentro de Manhattan y Brooklyn.<\/p>\n<p><b>Actualmente, la compa\u00f1\u00eda tiene estaciones de carga emblem\u00e1ticas ubicadas en Baker, California y Santa Clara, California<\/b><\/p>\n<p><i>\u201cElectrify Am\u00e9rica reinventar\u00e1 la apariencia de muchas de nuestras estaciones de carga para cumplir y superar las expectativas de los clientes que pasan de un veh\u00edculo a gasolina a un estilo de vida el\u00e9ctrico\u201d, dijo Giovanni Palazzo, presidente y director ejecutivo de Electrify Am\u00e9rica.<\/i><\/p>\n<p><i>\u201cEstos nuevos dise\u00f1os ayudar\u00e1n a mejorar la experiencia de carga para nuestros clientes, sobre la base de nuestra red ultrarr\u00e1pida y confiable de costa a costa\u201d.<\/i><\/p>\n<p><b>Los conceptos de dise\u00f1o audaces e innovadores crean espacios planificados y c\u00f3modos, enfocados en mejorar la experiencia del cliente<\/b><\/p>\n<p>Utilizando capas espaciales, de comportamiento y emocionales, las representaciones de las futuras estaciones evocan un nuevo entorno din\u00e1mico para la carga de veh\u00edculos el\u00e9ctricos.<\/p>\n<p>El equipo de Electrify Am\u00e9rica que lidera la nueva visi\u00f3n del dise\u00f1o de la estaci\u00f3n, ha integrado los comentarios profundos de los clientes y los conocimientos de la investigaci\u00f3n de tendencias y los principales consultores de arquitectura y construcci\u00f3n, para aumentar el enfoque en llevar a la experiencia de carga, estrategias de dise\u00f1o \u00fanicas centradas en el ser humano y centradas en la comunidad.<\/p>\n<p><b>Una experiencia de carga centrada en el cliente<\/b><\/p>\n<p>Con algunas de las nuevas estaciones de exhibici\u00f3n que cuentan con hasta 20 cargadores de CC ultrarr\u00e1pidos, la compa\u00f1\u00eda busca agregar una serie de opciones en varios lugares, que incluyen:<\/p>\n<p>\u2022 Salones para clientes, \u00e1reas de exhibici\u00f3n de veh\u00edculos el\u00e9ctricos, espacio exclusivo para eventos.<\/p>\n<p>\u2022 Toldos solares elevados para proteger a los clientes del sol y las inclemencias del tiempo.<\/p>\n<p>\u2022 C\u00e1maras de seguridad en el lugar e iluminaci\u00f3n adicional.<\/p>\n<p>\u2022 Las estaciones de carga ubicadas en tiendas seleccionadas pueden ofrecer opciones de carga con valet y entrega en la acera.<\/p>\n<p><b>Toldos Solares<\/b><\/p>\n<p>Electrify Am\u00e9rica actualmente est\u00e1 agregando toldos solares a 400-500 cargadores individuales en 100 estaciones de carga en todo el pa\u00eds.<\/p>\n<p>Adem\u00e1s de brindar protecci\u00f3n contra el sol y los elementos del clima, la energ\u00eda capturada por los toldos solares se utilizar\u00e1 para ayudar a impulsar las operaciones de la estaci\u00f3n.<\/p>\n<p>La compa\u00f1\u00eda ya instal\u00f3 marquesinas solares en sus estaciones de carga insignia en Baker y Santa Clara, CA.<\/p>\n<p>La energ\u00eda solar de estas marquesinas solares tambi\u00e9n se enruta a los sistemas de almacenamiento de energ\u00eda de la bater\u00eda en el lugar, capturando energ\u00eda para ayudar a cargar los veh\u00edculos el\u00e9ctricos.<\/p>\n<p><b>Cargador de pr\u00f3xima generaci\u00f3n<\/b><\/p>\n<p>Electrify Am\u00e9rica tambi\u00e9n comenzar\u00e1 el lanzamiento de un cargador de veh\u00edculos el\u00e9ctricos redise\u00f1ado con caracter\u00edsticas funcionales y de dise\u00f1o para simplificar la experiencia del cliente.<\/p>\n<p>Los cargadores ultrarr\u00e1pidos con hasta 150 y 350 kilovatios de potencia de carga mantendr\u00e1n el ic\u00f3nico brillo verde de Electrify Am\u00e9rica, que los clientes han llegado a reconocer y adoptar, y seguir\u00e1n estando f\u00e1cilmente reconocibles a 8 pies de altura.<\/p>\n<p><b>El cargador de pr\u00f3xima generaci\u00f3n tambi\u00e9n contar\u00e1 con:<\/b><\/p>\n<p>\u2022 Un dise\u00f1o completamente nuevo que refina la apariencia y reduce el espacio que ocupa el cargador.<\/p>\n<p>\u2022 Una pantalla HMI (interfaz hombre-m\u00e1quina) empotrada y m\u00e1s brillante para ayudar a reducir el resplandor de la luz solar, lo que facilita a los clientes ver las instrucciones operativas y el progreso de la carga.<\/p>\n<p>\u2022 Un solo cable conector con un nuevo sistema de administraci\u00f3n de cables para facilitar el esfuerzo de enchufar el cable sin importar d\u00f3nde se encuentre el puerto de carga en el EV de un cliente.<\/p>\n<p>\u2022 Un espacio reducido tanto para el cargador como para los gabinetes de alimentaci\u00f3n permitir\u00e1 la instalaci\u00f3n de m\u00e1s equipos en ubicaciones urbanas con limitaciones de espacio.<\/p>\n<p><b>Implementaci\u00f3n de m\u00e1s de 150 sistemas de energ\u00eda de bater\u00eda in situ<\/b><\/p>\n<p>La nueva visi\u00f3n de dise\u00f1o de la estaci\u00f3n de carga de la compa\u00f1\u00eda se centra en unir las \u00faltimas innovaciones tecnol\u00f3gicas con una verdadera experiencia centrada en el cliente.<\/p>\n<p>El nuevo dise\u00f1o de la estaci\u00f3n est\u00e1 integrando tecnolog\u00eda de ahorro de energ\u00eda y costos, para ayudar a mejorar la eficiencia y hacer que la experiencia de carga sea m\u00e1s simple, r\u00e1pida y c\u00f3moda que nunca.<\/p>\n<p>Al expandir el despliegue de sistemas de almacenamiento de energ\u00eda de bater\u00eda (BESS) en el sitio a m\u00e1s de 150 estaciones, la compa\u00f1\u00eda contin\u00faa construyendo sobre inversiones anteriores, para ayudar a administrar la carga de energ\u00eda a la red y capturar el exceso de energ\u00eda solar donde sea posible.<br \/>\n<i><br \/>\n\u201cEl impulso que nos acerca a un sistema de transporte el\u00e9ctrico se est\u00e1 acelerando y los consumidores encuentran cada vez m\u00e1s opciones de veh\u00edculos el\u00e9ctricos de pr\u00e1cticamente todos los fabricantes\u201d, dijo Palazzo.<\/i><\/p>\n<p>\u201cNuestra investigaci\u00f3n de clientes muestra la necesidad de hacer la transici\u00f3n a una experiencia de carga m\u00e1s atractiva que se adapte a la experiencia humana con \u00e1reas de espera y otras comodidades\u201d.<\/p>\n","protected":false},"excerpt":{"rendered":"<h3><em>\u2014 Por Enrique Kogan &#8211; Syndicate Auto News Wire \u2014<\/em><\/h3>\n","protected":false},"author":15,"featured_media":40275,"comment_status":"closed","ping_status":"open","sticky":false,"template":"","format":"standard","meta":{"_acf_changed":false,"_genesis_hide_title":false,"_genesis_hide_breadcrumbs":false,"_genesis_hide_singular_image":false,"_genesis_hide_footer_widgets":false,"_genesis_custom_body_class":"","_genesis_custom_post_class":"","_genesis_layout":"","footnotes":""},"categories":[2347,2354],"tags":[],"class_list":{"0":"post-40280","1":"post","2":"type-post","3":"status-publish","4":"format-standard","5":"has-post-thumbnail","7":"category-automotriz","8":"category-noticias-generales","9":"entry"},"acf":[],"featured_image_src":"https:\/\/www.noticiasnewswire.com\/wp-content\/uploads\/2022\/03\/featured-image-32-600x400.jpg","featured_image_src_square":"https:\/\/www.noticiasnewswire.com\/wp-content\/uploads\/2022\/03\/featured-image-32-600x463.jpg","author_info":{"display_name":"vicente","author_link":"https:\/\/www.noticiasnewswire.com\/es\/author\/vicente\/"},"_links":{"self":[{"href":"https:\/\/www.noticiasnewswire.com\/es\/wp-json\/wp\/v2\/posts\/40280","targetHints":{"allow":["GET"]}}],"collection":[{"href":"https:\/\/www.noticiasnewswire.com\/es\/wp-json\/wp\/v2\/posts"}],"about":[{"href":"https:\/\/www.noticiasnewswire.com\/es\/wp-json\/wp\/v2\/types\/post"}],"author":[{"embeddable":true,"href":"https:\/\/www.noticiasnewswire.com\/es\/wp-json\/wp\/v2\/users\/15"}],"replies":[{"embeddable":true,"href":"https:\/\/www.noticiasnewswire.com\/es\/wp-json\/wp\/v2\/comments?post=40280"}],"version-history":[{"count":0,"href":"https:\/\/www.noticiasnewswire.com\/es\/wp-json\/wp\/v2\/posts\/40280\/revisions"}],"wp:featuredmedia":[{"embeddable":true,"href":"https:\/\/www.noticiasnewswire.com\/es\/wp-json\/wp\/v2\/media\/40275"}],"wp:attachment":[{"href":"https:\/\/www.noticiasnewswire.com\/es\/wp-json\/wp\/v2\/media?parent=40280"}],"wp:term":[{"taxonomy":"category","embeddable":true,"href":"https:\/\/www.noticiasnewswire.com\/es\/wp-json\/wp\/v2\/categories?post=40280"},{"taxonomy":"post_tag","embeddable":true,"href":"https:\/\/www.noticiasnewswire.com\/es\/wp-json\/wp\/v2\/tags?post=40280"}],"curies":[{"name":"wp","href":"https:\/\/api.w.org\/{rel}","templated":true}]}}