{"id":40643,"date":"2022-04-13T18:12:26","date_gmt":"2022-04-13T22:12:26","guid":{"rendered":"https:\/\/www.noticiasnewswire.com\/?p=40643"},"modified":"2022-04-13T18:29:58","modified_gmt":"2022-04-13T22:29:58","slug":"el-id-buzz-llama-la-atencion-en-nueva-york","status":"publish","type":"post","link":"https:\/\/www.noticiasnewswire.com\/es\/el-id-buzz-llama-la-atencion-en-nueva-york\/","title":{"rendered":"El Volkswagen ID. Buzz llama la atenci\u00f3n del p\u00fablico en el Auto Show de Nueva York"},"content":{"rendered":"<iframe loading=\"lazy\" class=\"youtube\" width=\"304\" height=\"186\" src=\"https:\/\/youtube.com\/embed\/yDbbrKRIn0U?wmode=transparent\" frameborder=\"0\" wmode=\"transparent\"><\/iframe> <p>MIAMI, FL \u2014 13 de Abril, 2022 \u2014 (<a href=\"https:\/\/www.noticiasnewswire.com\/es\/\">NOTICIAS NEWSWIRE<\/a>) \u2014 Mientras el ID. Buzz logra ser la gran estrella del auto show de Nueva York, a principios de marzo, el ID. Buzz tuvo su estreno mundial y debut p\u00fablico en Austin Texas, para South by Southwest, relanzando un \u00edcono de la marca <a href=\"https:\/\/www.vw.com\/es\/\" target=\"_blank\" rel=\"noopener\">Volkswagen<\/a>.<\/p>\n<p>El regreso del autom\u00f3vil al auto show de Nueva York, est\u00e1 marcado por una pista de prueba de veh\u00edculos el\u00e9ctricos completamente nueva, que ocupar\u00e1 todo el primer piso del Centro de Convenciones Jacob K. Javits en Manhattan, Nueva York.<\/p>\n<p>Los visitantes del espect\u00e1culo podr\u00e1n dar un paseo en una amplia gama de veh\u00edculos el\u00e9ctricos, incluido el Volkswagen ID.4 EV.<\/p>\n<p>El ID. Buzz y veh\u00edculos el\u00e9ctricos como el ID.4, se estar\u00e1n exponiendo en el stand de Volkswagen, en el Centro de Convenciones Jacob K. Javits en Manhattan durante los d\u00edas abierto al p\u00fablico del 15 al 24 de abril.<\/p>\n<p>El ID. Buzz es la incorporaci\u00f3n m\u00e1s reciente a la creciente flota de veh\u00edculos totalmente el\u00e9ctricos de Volkswagen y se prev\u00e9 que salga a la venta en Europa a finales de este a\u00f1o.<\/p>\n<p>Est\u00e1 previsto que un modelo de batalla larga debute en el mercado norteamericano en el 2023 y salga a la venta en el 2024.<\/p>\n","protected":false},"excerpt":{"rendered":"<h3><em>\u2014 Por Enrique Kogan &#8211; Syndicate Auto News Wire \u2014<\/em><\/h3>\n","protected":false},"author":15,"featured_media":40640,"comment_status":"closed","ping_status":"open","sticky":false,"template":"","format":"standard","meta":{"_acf_changed":false,"_genesis_hide_title":false,"_genesis_hide_breadcrumbs":false,"_genesis_hide_singular_image":false,"_genesis_hide_footer_widgets":false,"_genesis_custom_body_class":"","_genesis_custom_post_class":"","_genesis_layout":"","footnotes":""},"categories":[2347,2354],"tags":[],"class_list":{"0":"post-40643","1":"post","2":"type-post","3":"status-publish","4":"format-standard","5":"has-post-thumbnail","7":"category-automotriz","8":"category-noticias-generales","9":"entry"},"acf":[],"featured_image_src":"https:\/\/www.noticiasnewswire.com\/wp-content\/uploads\/2022\/04\/featured-image-18-600x400.jpg","featured_image_src_square":"https:\/\/www.noticiasnewswire.com\/wp-content\/uploads\/2022\/04\/featured-image-18-600x463.jpg","author_info":{"display_name":"vicente","author_link":"https:\/\/www.noticiasnewswire.com\/es\/author\/vicente\/"},"_links":{"self":[{"href":"https:\/\/www.noticiasnewswire.com\/es\/wp-json\/wp\/v2\/posts\/40643","targetHints":{"allow":["GET"]}}],"collection":[{"href":"https:\/\/www.noticiasnewswire.com\/es\/wp-json\/wp\/v2\/posts"}],"about":[{"href":"https:\/\/www.noticiasnewswire.com\/es\/wp-json\/wp\/v2\/types\/post"}],"author":[{"embeddable":true,"href":"https:\/\/www.noticiasnewswire.com\/es\/wp-json\/wp\/v2\/users\/15"}],"replies":[{"embeddable":true,"href":"https:\/\/www.noticiasnewswire.com\/es\/wp-json\/wp\/v2\/comments?post=40643"}],"version-history":[{"count":0,"href":"https:\/\/www.noticiasnewswire.com\/es\/wp-json\/wp\/v2\/posts\/40643\/revisions"}],"wp:featuredmedia":[{"embeddable":true,"href":"https:\/\/www.noticiasnewswire.com\/es\/wp-json\/wp\/v2\/media\/40640"}],"wp:attachment":[{"href":"https:\/\/www.noticiasnewswire.com\/es\/wp-json\/wp\/v2\/media?parent=40643"}],"wp:term":[{"taxonomy":"category","embeddable":true,"href":"https:\/\/www.noticiasnewswire.com\/es\/wp-json\/wp\/v2\/categories?post=40643"},{"taxonomy":"post_tag","embeddable":true,"href":"https:\/\/www.noticiasnewswire.com\/es\/wp-json\/wp\/v2\/tags?post=40643"}],"curies":[{"name":"wp","href":"https:\/\/api.w.org\/{rel}","templated":true}]}}