{"id":44208,"date":"2022-09-15T15:16:40","date_gmt":"2022-09-15T19:16:40","guid":{"rendered":"https:\/\/www.noticiasnewswire.com\/?p=44208"},"modified":"2022-09-15T15:16:40","modified_gmt":"2022-09-15T19:16:40","slug":"v-conversacion-por-latinas-in-business","status":"publish","type":"post","link":"https:\/\/www.noticiasnewswire.com\/es\/v-conversacion-por-latinas-in-business\/","title":{"rendered":"El bienestar mental y sexual de las mujeres minoritarias se discutir\u00e1 en la V Conversaci\u00f3n Nacional con L\u00edderes Latinas organizado por Latinas in Business"},"content":{"rendered":"<p>NEW YORK, NY \u2014 15 de Septiembre de 2022 \u2014 (<a href=\"https:\/\/www.noticiasnewswire.com\/es\/\">NOTICIAS NEWSWIRE<\/a>) \u2014 El 30 de septiembre, Latinas in Business conmemora el Mes de la Herencia Hispana organizando la V Conversaci\u00f3n Nacional con L\u00edderes Latinas para discutir el bienestar mental y sexual de las latinas y otras mujeres pertenecientes a minor\u00edas en un mundo pospand\u00e9mico. y la amenaza adicional que la anulaci\u00f3n de Wade vs. Roe por parte de la Corte Suprema de EE. UU. representa para las mujeres de color.<\/p>\n<p>El tema de esta Conversaci\u00f3n Nacional virtual cubrir\u00e1 <em>\u201cNuestros Cuerpos, Nuestra Salud: Estado del Bienestar Mental y Sexual de las Mujeres Minoritarias\u201d<\/em>, que tendr\u00e1 lugar el 30 de septiembre de 2022, de 12:00 p. m. a 2:00 p. m. EST \u2013 9:00 a. m. a las 11:00 a. m. PST en Zoom y transmisi\u00f3n en vivo en Facebook. El evento est\u00e1 abierto a todos los empresarios, independientemente de su g\u00e9nero, raza o etnia.<\/p>\n<p>Erika Seth Davies, CEO de Rhia Ventures, ha sido confirmada como oradora principal del evento. Rhia Ventures tiene como objetivo transformar el mercado estadounidense de salud sexual, reproductiva y materna en uno vibrante y equitativo a trav\u00e9s de su trabajo de construcci\u00f3n de campo, inversi\u00f3n directa, compromiso corporativo y cambio narrativo. Es una l\u00edder experimentada con m\u00e1s de 20 a\u00f1os de experiencia en desarrollo y recaudaci\u00f3n de fondos, dise\u00f1o de programas, gesti\u00f3n de colaboraci\u00f3n y asociaci\u00f3n, y defensa de la equidad racial. Erika es la fundadora de The Racial Equity Asset Lab (The REAL), una empresa que centra la equidad racial en la inversi\u00f3n de impacto y trabaja para cambiar el capital para abordar la persistente brecha de riqueza racial.<\/p>\n<p>Los temas a tratar incluyen:<\/p>\n<p><strong>PANEL 1: ESTADO DE BIENESTAR MENTAL PARA MUJERES DE MINOR\u00cdAS<\/strong><br \/>\nLa pandemia ha dejado -y sigue causando- una carga significativa de ansiedad, incertidumbre, p\u00e9rdida y estr\u00e9s, especialmente para las mujeres pertenecientes a minor\u00edas y sus familias. \u00bfC\u00f3mo est\u00e1n lidiando las latinas y otras mujeres de minor\u00edas con el bienestar y la recuperaci\u00f3n de la salud mental en el lugar de trabajo o manteniendo sus negocios?<\/p>\n<p><strong>PANEL 2. ESTADO DEL BIENESTAR SEXUAL DE LAS MUJERES DE MINOR\u00cdAS<\/strong><br \/>\nLa decisi\u00f3n de la Corte Suprema de EE. UU. de anular Wade vs. Roe podr\u00eda tener efectos duraderos, graves y desproporcionados en algunos de los grupos m\u00e1s vulnerables de EE. UU., a saber, las comunidades afroamericana y latina. \u00bfCu\u00e1l es el impacto de esta decisi\u00f3n en estas poblaciones y c\u00f3mo pueden buscar ayuda de diferentes organizaciones?<\/p>\n<p>\u00danase a nosotros y a todas las organizaciones de apoyo que cooperan para brindar acceso a las mujeres de minor\u00edas en la b\u00fasqueda de recursos, informaci\u00f3n y herramientas para estas importantes necesidades de su salud y bienestar.<\/p>\n<p>Para registrarse, visite: <a href=\"https:\/\/www.eventbrite.com\/e\/national-conversation-with-latina-leaders-tickets-406917911427\" target=\"_blank\" rel=\"noopener\">https:\/\/www.eventbrite.com\/e\/national-conversation-with-latina-leaders-tickets-406917911427<\/a><\/p>\n<h3 style=\"font-size: 18px\">Acerca de Latinas in Business Inc<\/h3>\n<p><a href=\"https:\/\/latinasinbusiness.us\/\" target=\"_blank\" rel=\"noopener\">Latinas in Business Inc.<\/a> es una organizaci\u00f3n nacional de membres\u00eda 501(c)(3) sin fines de lucro que aboga por el empoderamiento econ\u00f3mico de las latinas y otras mujeres empresarias pertenecientes a minor\u00edas. Con sede en Nueva Jersey, brinda servicios editoriales, publicitarios, de marketing y de marca a trav\u00e9s de una plataforma digital de calidad, contenido de marketing digital, campa\u00f1as en redes sociales y eventos educativos y promocionales. Latinas in Business Inc. proporciona el espacio para que m\u00e1s de 1,800 miembros de peque\u00f1as empresas propiedad de mujeres latinas y otras minor\u00edas obtengan exposici\u00f3n nacional y oportunidades de mercadeo para los productos y servicios que ofrecen.<\/p>\n","protected":false},"excerpt":{"rendered":"<p>NEW YORK, NY \u2014 15 de Septiembre de 2022 \u2014 (NOTICIAS NEWSWIRE) \u2014 El 30 de septiembre, Latinas in Business conmemora el Mes de la Herencia Hispana organizando la V Conversaci\u00f3n Nacional con L\u00edderes Latinas para discutir el bienestar mental y sexual de las latinas y otras mujeres pertenecientes a minor\u00edas en un mundo pospand\u00e9mico&#8230;. <a href=\"https:\/\/www.noticiasnewswire.com\/es\/v-conversacion-por-latinas-in-business\/\" class=\"learn-btn\">Continue Reading<\/a><\/p>\n","protected":false},"author":15,"featured_media":44201,"comment_status":"closed","ping_status":"open","sticky":false,"template":"","format":"standard","meta":{"_acf_changed":false,"_genesis_hide_title":false,"_genesis_hide_breadcrumbs":false,"_genesis_hide_singular_image":false,"_genesis_hide_footer_widgets":false,"_genesis_custom_body_class":"","_genesis_custom_post_class":"","_genesis_layout":"","footnotes":""},"categories":[2356,2355],"tags":[20109,19592,20110],"class_list":{"0":"post-44208","1":"post","2":"type-post","3":"status-publish","4":"format-standard","5":"has-post-thumbnail","7":"category-interes-humano","8":"category-salud","9":"tag-mental-wellness-es","10":"tag-minority-women-es","11":"tag-sexual-wellness-es","12":"entry"},"acf":[],"featured_image_src":"https:\/\/www.noticiasnewswire.com\/wp-content\/uploads\/2022\/09\/featured-image-22-600x400.jpg","featured_image_src_square":"https:\/\/www.noticiasnewswire.com\/wp-content\/uploads\/2022\/09\/featured-image-22-600x463.jpg","author_info":{"display_name":"vicente","author_link":"https:\/\/www.noticiasnewswire.com\/es\/author\/vicente\/"},"_links":{"self":[{"href":"https:\/\/www.noticiasnewswire.com\/es\/wp-json\/wp\/v2\/posts\/44208","targetHints":{"allow":["GET"]}}],"collection":[{"href":"https:\/\/www.noticiasnewswire.com\/es\/wp-json\/wp\/v2\/posts"}],"about":[{"href":"https:\/\/www.noticiasnewswire.com\/es\/wp-json\/wp\/v2\/types\/post"}],"author":[{"embeddable":true,"href":"https:\/\/www.noticiasnewswire.com\/es\/wp-json\/wp\/v2\/users\/15"}],"replies":[{"embeddable":true,"href":"https:\/\/www.noticiasnewswire.com\/es\/wp-json\/wp\/v2\/comments?post=44208"}],"version-history":[{"count":0,"href":"https:\/\/www.noticiasnewswire.com\/es\/wp-json\/wp\/v2\/posts\/44208\/revisions"}],"wp:featuredmedia":[{"embeddable":true,"href":"https:\/\/www.noticiasnewswire.com\/es\/wp-json\/wp\/v2\/media\/44201"}],"wp:attachment":[{"href":"https:\/\/www.noticiasnewswire.com\/es\/wp-json\/wp\/v2\/media?parent=44208"}],"wp:term":[{"taxonomy":"category","embeddable":true,"href":"https:\/\/www.noticiasnewswire.com\/es\/wp-json\/wp\/v2\/categories?post=44208"},{"taxonomy":"post_tag","embeddable":true,"href":"https:\/\/www.noticiasnewswire.com\/es\/wp-json\/wp\/v2\/tags?post=44208"}],"curies":[{"name":"wp","href":"https:\/\/api.w.org\/{rel}","templated":true}]}}