{"id":45063,"date":"2022-11-02T12:17:16","date_gmt":"2022-11-02T16:17:16","guid":{"rendered":"https:\/\/www.noticiasnewswire.com\/?p=45063"},"modified":"2022-11-02T12:17:16","modified_gmt":"2022-11-02T16:17:16","slug":"electrify-america-dice-que-vale-la-pena","status":"publish","type":"post","link":"https:\/\/www.noticiasnewswire.com\/es\/electrify-america-dice-que-vale-la-pena\/","title":{"rendered":"La nueva campa\u00f1a de marketing neutral de marca de Electrify Am\u00e9rica muestra que &#8216;vale la pena mirar los veh\u00edculos el\u00e9ctricos&#8217; y conducirlos"},"content":{"rendered":"<p>MIAMI, FL \u2014 2 de Noviembre de 2022 \u2014 (<a href=\"https:\/\/www.noticiasnewswire.com\/es\/\">NOTICIAS NEWSWIRE<\/a>) \u2014 Electrify Am\u00e9rica, la red abierta de carga r\u00e1pida de CC m\u00e1s grande del pa\u00eds para veh\u00edculos el\u00e9ctricos (EV), lanz\u00f3 hoy una nueva campa\u00f1a de marketing independiente de la marca titulada \u201cAs Seen on EV\u201d<\/p>\n<p>Siguiendo el modelo de contenido popular de transmisi\u00f3n de televisi\u00f3n, \u201cAs Seen on EV\u201d tiene como objetivo educar y cambiar las percepciones err\u00f3neas comunes sobre la propiedad de veh\u00edculos el\u00e9ctricos, como el campo de pr\u00e1cticas y el acceso a la carga, destacando las realidades positivas de vivir con un veh\u00edculo el\u00e9ctrico. Abarcando g\u00e9neros televisivos desde dramas y reality shows de citas hasta telenovelas, la campa\u00f1a muestra los beneficios de la conducci\u00f3n el\u00e9ctrica al hacer de los veh\u00edculos el\u00e9ctricos la estrella del espect\u00e1culo. En el lanzamiento, estar\u00e1n disponibles tres anuncios de video con videos adicionales que se lanzar\u00e1n m\u00e1s adelante en la campa\u00f1a.<\/p>\n<p>Los anuncios de video o \u00abespect\u00e1culos\u00bb en la campa\u00f1a incluyen:<\/p>\n<p>Reality dating show theme (Temas del programa de citas) \u2013 Destaca los atributos de EV de estilo deportivo y conducci\u00f3n silenciosa junto con la capacidad de cargar un EV en casa o en la carretera.<\/p>\n<p>Historical drama theme (Temas hist\u00f3ricos dram\u00e1ticos)\u2013 Destaca el par instant\u00e1neo y la aceleraci\u00f3n r\u00e1pida que proporcionan los veh\u00edculos el\u00e9ctricos junto con los requisitos de mantenimiento de rutina generalmente m\u00e1s bajos que los veh\u00edculos de gasolina.<\/p>\n<p>Western theme (Temas del Oeste)\u2013 Muestra la capacidad de rango y las caracter\u00edsticas interesantes que solo se encuentran en los veh\u00edculos el\u00e9ctricos, como el ba\u00fal en la parte delantera o \u00abfrunk\u00bb<\/p>\n<p>Telenovela theme (Temas de telenovelas)\u2013 Informa a los espectadores que los veh\u00edculos el\u00e9ctricos tienen cero emisiones de escape. (Publicado m\u00e1s adelante en la campa\u00f1a).<\/p>\n<p>Courtroom drama (Dramas en la corte) \u2013 Se centra en la amplia variedad de modelos y estilos de veh\u00edculos el\u00e9ctricos para adaptarse a diferentes necesidades. (Publicado m\u00e1s adelante en la campa\u00f1a).<\/p>\n<p>El sitio web de la campa\u00f1a. \u2013\u00a0<a href=\"http:\/\/www.seenonev.com\" target=\"_blank\" rel=\"noopener\">SeenOnEV.com<\/a>\u2013 ahora est\u00e1 en vivo con contenido adicional para ayudar a aprender m\u00e1s sobre los veh\u00edculos el\u00e9ctricos y sus beneficios. La campa\u00f1a multifac\u00e9tica es parte de la inversi\u00f3n de Electrify Am\u00e9rica no solo para expandir la infraestructura y la disponibilidad de veh\u00edculos de cero emisiones (ZEV), sino tambi\u00e9n para ayudar a educar a los consumidores sobre los ZEV durante este gran cambio hacia el transporte el\u00e9ctrico.<\/p>\n<p>\u201cAs\u00ed como la transmisi\u00f3n de TV redefini\u00f3 la forma en que la gente ve la televisi\u00f3n, los veh\u00edculos el\u00e9ctricos est\u00e1n redefiniendo el transporte\u201d, dijo Misti Murphey, directora de estrategia de marca y marketing integrado de Electrify Am\u00e9rica. \u00abLa campa\u00f1a &#8216;As Seen on EV&#8217; nos permite conocer a los consumidores donde est\u00e1n, en el ahora familiar medio de transmisi\u00f3n de TV, para generar confianza en los consumidores sobre los veh\u00edculos el\u00e9ctricos\u00bb.<\/p>\n<p>El contenido \u00abAs Seen on EV\u00bb tambi\u00e9n estar\u00e1 disponible en el canal de YouTube <a href=\"https:\/\/www.youtube.com\/channel\/UCBCiP5UkOJnwU5mfMyNUb9w\" target=\"_blank\" rel=\"noopener\">As Seen On EV<\/a>. Un kit de herramientas digital-<a href=\"http:\/\/www.seenonev.com\/Toolkit\" target=\"_blank\" rel=\"noopener\">www.SeenOnEV.com\/Toolkit<\/a>&#8211; con contenido para compartir est\u00e1 disponible para aquellos que quieran ayudar a correr la voz sobre los beneficios de conducir EV.<\/p>\n<p>La campa\u00f1a, desarrollada con la agencia creativa Praytell, se ejecutar\u00e1 a nivel nacional hasta julio del 2024.<\/p>\n<h3>Sobre Electrify Am\u00e9rica<\/h3>\n<p>Electrify Am\u00e9rica LLC, la red de carga r\u00e1pida de CC abierta m\u00e1s grande de los EE. UU., est\u00e1 invirtiendo m\u00e1s de $ 2 mil millones en infraestructura, educaci\u00f3n y acceso para veh\u00edculos de cero emisiones (ZEV). La inversi\u00f3n permitir\u00e1 a millones de estadounidenses descubrir los beneficios de la conducci\u00f3n el\u00e9ctrica y respaldar\u00e1 la construcci\u00f3n de una red nacional de cargadores ultrarr\u00e1pidos para la comunidad y la carretera que sean convenientes y confiables. Electrify Am\u00e9rica y Electrify Canada esperan tener m\u00e1s de 1,800 estaciones de carga en total con m\u00e1s de 10,000 cargadores individuales en los Estados Unidos y Canad\u00e1 combinados para 2026. Durante este per\u00edodo, Electrify Am\u00e9rica se expandir\u00e1 a 49 estados y el Distrito de Columbia, apoyando un mayor ZEV adopci\u00f3n con una red integral, tecnol\u00f3gicamente avanzada y amigable con el cliente.<\/p>\n<p>Electrify Am\u00e9rica gan\u00f3 el <a href=\"https:\/\/chargedevs.com\/features\/2020-ev-charging-infrastructure-best-in-test-rating-the-dc-fast-charging-user-experience\/\" target=\"_blank\" rel=\"noopener\">2020<\/a>\u00a0y\u00a0<a href=\"https:\/\/chargedevs.com\/features\/2021-ev-fast-charging-benchmark\/\" target=\"_blank\" rel=\"noopener\">2021<\/a>\u00a0Premio \u00abEV Charging Infrastructure Best-in-Test\u00bb \u201cInfraestructura de carga EV &#8211; Mejor en las Pruebas\u201d de\u00a0<a href=\"https:\/\/www.umlaut.com\/en\" target=\"_blank\" rel=\"noopener\">umlaut<\/a>, un especialista en infraestructura y evaluaci\u00f3n comparativa, ahora parte de Accenture, seg\u00fan lo publicado en <a href=\"https:\/\/chargedevs.com\/\" target=\"_blank\" rel=\"noopener\">Charged Electric Vehicles Magazine<\/a>. Electrify Am\u00e9ricas\u00a0<a href=\"https:\/\/www.electrifyhome.com\/\" target=\"_blank\" rel=\"noopener\">Electrify Home<\/a>\u00ae\u00a0ofrece soluciones de carga para el hogar para los consumidores con opciones de instalaci\u00f3n flexibles.\u00a0<a href=\"https:\/\/electrify-commercial.com\/\" target=\"_blank\" rel=\"noopener\">Electrify Commercial<\/a>\u00ae\u00a0proporciona soluciones expertas para empresas que buscan desarrollar programas de carga de veh\u00edculos el\u00e9ctricos.<\/p>\n<p>Para m\u00e1s informaci\u00f3n visite <a href=\"http:\/\/www.electrifyamerica.com\/\" target=\"_blank\" rel=\"noopener\">www.electrifyamerica.com<\/a>\u00a0and\u00a0<a href=\"http:\/\/media.electrifyamerica.com\/\" target=\"_blank\" rel=\"noopener\">media.electrifyamerica.com<\/a>.<\/p>\n<p><strong>Contacto con los medios<\/strong><\/p>\n<p>Tara Geiger, Electrify America, 571-352-6194<br \/>\n<a href=\"mailto:tara.geiger@electrifyamerica.com\">tara.geiger@electrifyamerica.com<\/a><\/p>\n<p>Mike Moran, Electrify America, 703-872-7936<br \/>\n<a href=\"mailto:Mike.Moran@ElectrifyAmerica.com\">Mike.Moran@ElectrifyAmerica.com<\/a><\/p>\n<p>&nbsp;<\/p>\n","protected":false},"excerpt":{"rendered":"<h3><em>\u2014 Por Enrique Kogan &#8211; Syndicate Auto News Wire \u2014<\/em><\/h3>\n","protected":false},"author":15,"featured_media":45060,"comment_status":"closed","ping_status":"open","sticky":false,"template":"","format":"standard","meta":{"_acf_changed":false,"_genesis_hide_title":false,"_genesis_hide_breadcrumbs":false,"_genesis_hide_singular_image":false,"_genesis_hide_footer_widgets":false,"_genesis_custom_body_class":"","_genesis_custom_post_class":"","_genesis_layout":"","footnotes":""},"categories":[2347,2354],"tags":[],"class_list":{"0":"post-45063","1":"post","2":"type-post","3":"status-publish","4":"format-standard","5":"has-post-thumbnail","7":"category-automotriz","8":"category-noticias-generales","9":"entry"},"acf":[],"featured_image_src":"https:\/\/www.noticiasnewswire.com\/wp-content\/uploads\/2022\/11\/featured-image-3-600x400.jpg","featured_image_src_square":"https:\/\/www.noticiasnewswire.com\/wp-content\/uploads\/2022\/11\/featured-image-3-600x463.jpg","author_info":{"display_name":"vicente","author_link":"https:\/\/www.noticiasnewswire.com\/es\/author\/vicente\/"},"_links":{"self":[{"href":"https:\/\/www.noticiasnewswire.com\/es\/wp-json\/wp\/v2\/posts\/45063","targetHints":{"allow":["GET"]}}],"collection":[{"href":"https:\/\/www.noticiasnewswire.com\/es\/wp-json\/wp\/v2\/posts"}],"about":[{"href":"https:\/\/www.noticiasnewswire.com\/es\/wp-json\/wp\/v2\/types\/post"}],"author":[{"embeddable":true,"href":"https:\/\/www.noticiasnewswire.com\/es\/wp-json\/wp\/v2\/users\/15"}],"replies":[{"embeddable":true,"href":"https:\/\/www.noticiasnewswire.com\/es\/wp-json\/wp\/v2\/comments?post=45063"}],"version-history":[{"count":0,"href":"https:\/\/www.noticiasnewswire.com\/es\/wp-json\/wp\/v2\/posts\/45063\/revisions"}],"wp:featuredmedia":[{"embeddable":true,"href":"https:\/\/www.noticiasnewswire.com\/es\/wp-json\/wp\/v2\/media\/45060"}],"wp:attachment":[{"href":"https:\/\/www.noticiasnewswire.com\/es\/wp-json\/wp\/v2\/media?parent=45063"}],"wp:term":[{"taxonomy":"category","embeddable":true,"href":"https:\/\/www.noticiasnewswire.com\/es\/wp-json\/wp\/v2\/categories?post=45063"},{"taxonomy":"post_tag","embeddable":true,"href":"https:\/\/www.noticiasnewswire.com\/es\/wp-json\/wp\/v2\/tags?post=45063"}],"curies":[{"name":"wp","href":"https:\/\/api.w.org\/{rel}","templated":true}]}}