{"id":45128,"date":"2022-11-03T12:23:04","date_gmt":"2022-11-03T16:23:04","guid":{"rendered":"https:\/\/www.noticiasnewswire.com\/?p=45128"},"modified":"2022-11-03T12:23:04","modified_gmt":"2022-11-03T16:23:04","slug":"kia-america-se-conecta-a-electrify-expo","status":"publish","type":"post","link":"https:\/\/www.noticiasnewswire.com\/es\/kia-america-se-conecta-a-electrify-expo\/","title":{"rendered":"Kia Am\u00e9rica se conecta a la ronda final de Electrify Expo 2022"},"content":{"rendered":"<p>MIAMI, FL \u2014 3 de Noviembre de 2022 \u2014 (<a href=\"https:\/\/www.noticiasnewswire.com\/es\/\">NOTICIAS NEWSWIRE<\/a>) \u2014 Kia Am\u00e9rica se une una vez m\u00e1s a las empresas de movilidad de vanguardia para Electrify Expo Austin, el evento final de la serie donde los l\u00edderes en electrificaci\u00f3n se reunir\u00e1n para discutir los desaf\u00edos clave, los conocimientos, la investigaci\u00f3n disponible y las tendencias que enfrenta el sector de la movilidad a medida que avanza hacia un futuro totalmente el\u00e9ctrico.<\/p>\n<p>Despu\u00e9s de los eventos a principios de este verano en las \u00e1reas de Long Beach, CA, Seattle, NYC-Metro y Miami, la serie concluye del 11 al 13 de noviembre en el Circuito de las Am\u00e9ricas en Austin, Texas, donde los asistentes tendr\u00e1n una vez m\u00e1s la oportunidad de experimentar el Kia EV6 de primera mano y s\u00e9 uno de los primeros en ver el nuevo Niro EV.<\/p>\n<p>\u00abLos eventos Electrify Expo 2022, han brindado un foro para que las principales empresas y ejecutivos en electrificaci\u00f3n se re\u00fanan para compartir ideas y discutir c\u00f3mo la transici\u00f3n a veh\u00edculos totalmente el\u00e9ctricos se realizar\u00e1 de la manera m\u00e1s fluida posible\u00bb, dijo Eric Watson, vicepresidente de operaciones de venta, Kia Am\u00e9rica.<\/p>\n<p>\u201cKia pudo compartir nuestro punto de vista como uno de los fabricantes de veh\u00edculos el\u00e9ctricos m\u00e1s vendidos y ciertamente aprendimos de las perspectivas de los dem\u00e1s. Estamos seguros de que estamos trazando el mejor camino a seguir y ayudando a dar forma al futuro de la industria automotriz\u201d.<\/p>\n<p>Se establecen una amplia variedad de temas para el debate e incluyen la legislaci\u00f3n que afecta a la industria de los veh\u00edculos el\u00e9ctricos, la ansiedad por la autonom\u00eda, los materiales y la sostenibilidad de las bater\u00edas, la infraestructura de carga, el futuro de las aplicaciones de conducci\u00f3n aut\u00f3noma y las barreras de la cadena de suministro. Puede encontrar una lista completa de sesiones y presentadores visitando\u00a0<a href=\"http:\/\/www.electrifyexpo.com\/\" target=\"_blank\" rel=\"noopener\" data-saferedirecturl=\"https:\/\/www.google.com\/url?q=http:\/\/www.electrifyexpo.com&amp;source=gmail&amp;ust=1667575455318000&amp;usg=AOvVaw2k3VvFWkC7HuHSBlH-Qli-\">www.electrifyexpo.com<\/a>.<\/p>\n<p>Para el 2022, Electrify Expo ampli\u00f3 sus eventos y programas educativos orientados a la industria, con un d\u00eda completo de programaci\u00f3n, liderazgo de la industria y sesiones de trabajo para las categor\u00edas Auto y Micromovilidad. La serie concluir\u00e1 en Austin en el Circuito de las Am\u00e9ricas.<\/p>\n","protected":false},"excerpt":{"rendered":"<h3><em>\u2014 Por Enrique Kogan &#8211; Syndicate Auto News Wire \u2014<\/em><\/h3>\n","protected":false},"author":15,"featured_media":45125,"comment_status":"closed","ping_status":"open","sticky":false,"template":"","format":"standard","meta":{"_acf_changed":false,"_genesis_hide_title":false,"_genesis_hide_breadcrumbs":false,"_genesis_hide_singular_image":false,"_genesis_hide_footer_widgets":false,"_genesis_custom_body_class":"","_genesis_custom_post_class":"","_genesis_layout":"","footnotes":""},"categories":[2347,2354],"tags":[20272,19523],"class_list":{"0":"post-45128","1":"post","2":"type-post","3":"status-publish","4":"format-standard","5":"has-post-thumbnail","7":"category-automotriz","8":"category-noticias-generales","9":"tag-electrify-es","10":"tag-kia-es","11":"entry"},"acf":[],"featured_image_src":"https:\/\/www.noticiasnewswire.com\/wp-content\/uploads\/2022\/11\/featured-image-8-600x400.jpg","featured_image_src_square":"https:\/\/www.noticiasnewswire.com\/wp-content\/uploads\/2022\/11\/featured-image-8-600x463.jpg","author_info":{"display_name":"vicente","author_link":"https:\/\/www.noticiasnewswire.com\/es\/author\/vicente\/"},"_links":{"self":[{"href":"https:\/\/www.noticiasnewswire.com\/es\/wp-json\/wp\/v2\/posts\/45128","targetHints":{"allow":["GET"]}}],"collection":[{"href":"https:\/\/www.noticiasnewswire.com\/es\/wp-json\/wp\/v2\/posts"}],"about":[{"href":"https:\/\/www.noticiasnewswire.com\/es\/wp-json\/wp\/v2\/types\/post"}],"author":[{"embeddable":true,"href":"https:\/\/www.noticiasnewswire.com\/es\/wp-json\/wp\/v2\/users\/15"}],"replies":[{"embeddable":true,"href":"https:\/\/www.noticiasnewswire.com\/es\/wp-json\/wp\/v2\/comments?post=45128"}],"version-history":[{"count":0,"href":"https:\/\/www.noticiasnewswire.com\/es\/wp-json\/wp\/v2\/posts\/45128\/revisions"}],"wp:featuredmedia":[{"embeddable":true,"href":"https:\/\/www.noticiasnewswire.com\/es\/wp-json\/wp\/v2\/media\/45125"}],"wp:attachment":[{"href":"https:\/\/www.noticiasnewswire.com\/es\/wp-json\/wp\/v2\/media?parent=45128"}],"wp:term":[{"taxonomy":"category","embeddable":true,"href":"https:\/\/www.noticiasnewswire.com\/es\/wp-json\/wp\/v2\/categories?post=45128"},{"taxonomy":"post_tag","embeddable":true,"href":"https:\/\/www.noticiasnewswire.com\/es\/wp-json\/wp\/v2\/tags?post=45128"}],"curies":[{"name":"wp","href":"https:\/\/api.w.org\/{rel}","templated":true}]}}