{"id":45208,"date":"2022-11-09T16:30:52","date_gmt":"2022-11-09T21:30:52","guid":{"rendered":"https:\/\/www.noticiasnewswire.com\/?p=45208"},"modified":"2022-11-09T16:30:52","modified_gmt":"2022-11-09T21:30:52","slug":"un-argentino-llego-a-volkswagen","status":"publish","type":"post","link":"https:\/\/www.noticiasnewswire.com\/es\/un-argentino-llego-a-volkswagen\/","title":{"rendered":"Un Argentino lleg\u00f3 para comandar los destinos de Volkswagen en los Estados Unidos"},"content":{"rendered":"<p>MIAMI, FL \u2014 9 de Noviembre de 2022 \u2014 (<a href=\"https:\/\/www.noticiasnewswire.com\/es\/\">NOTICIAS NEWSWIRE<\/a>) \u2014 El argentino Pablo Di Si fue nombrado presidente y director ejecutivo de <a href=\"https:\/\/www.vw.com\/en.html\" target=\"_blank\" rel=\"noopener\">Volkswagen<\/a> Group of America, y director ejecutivo de Volkswagen North American Region, a partir del 1 de septiembre de 2022.<\/p>\n<p>Es responsable de la estrategia de crecimiento del grupo en los EE. UU., con una cartera de m\u00e1s de 25 Modelos EV planificados para 2030. Asume el liderazgo de los m\u00e1s de 20.000 empleados en toda la regi\u00f3n que est\u00e1n ayudando a aprovechar las oportunidades hist\u00f3ricas del mercado en los EE. UU., M\u00e9xico y Canad\u00e1.<\/p>\n<p>Anteriormente, Pablo fue presidente ejecutivo de la regi\u00f3n de Am\u00e9rica del Sur de Volkswagen con m\u00e1s de 7 mil millones de euros en ventas y 20 000 empleados.<\/p>\n<p>Lider\u00f3 el retorno a la rentabilidad del mercado latinoamericano por primera vez en a\u00f1os, impulsando el lanzamiento de nuevos productos m\u00e1s importante de su historia adaptados a las necesidades de la regi\u00f3n.<\/p>\n<p>Lider\u00f3 una reestructuraci\u00f3n enfocada en la transformaci\u00f3n cultural, creando nuevos modelos de negocios, acelerando la digitalizaci\u00f3n y mejorando la satisfacci\u00f3n del cliente. Volkswagen se convirti\u00f3 en l\u00edder en el segmento de SUV en Brasil, y la marca sigue siendo la mayor productora y exportadora de veh\u00edculos ligeros del pa\u00eds.<\/p>\n<p>Pablo comenz\u00f3 su carrera en el Grupo Volkswagen en 2014 como Presidente y CEO de Volkswagen Argentina. Asumi\u00f3 el cargo de Presidente y CEO de Volkswagen Brasil y Am\u00e9rica Latina en 2017. Recientemente, fue nombrado Presidente Ejecutivo de Volkswagen Regi\u00f3n Sudamericana.<\/p>\n<p>Anteriormente, ocup\u00f3 puestos clave en finanzas y desarrollo comercial tanto en EE. UU. como en Brasil con Fiat Chrysler Group, Kimberly-Clark y Monsanto. Graduado de Harvard Business School (AMP 2011), tiene un M.B.A en Gesti\u00f3n Internacional en Thunderbird School of Management (2002) y una Licenciatura en Contabilidad en Northwestern University (1996). Pablo tambi\u00e9n obtuvo un B.A. en Administraci\u00f3n de Empresas con menci\u00f3n en Finanzas en la Universidad Loyola de Chicago (1994).<\/p>\n","protected":false},"excerpt":{"rendered":"<h3><em>\u2014 Por Enrique Kogan &#8211; Syndicate Auto News Wire \u2014<\/em><\/h3>\n","protected":false},"author":15,"featured_media":45205,"comment_status":"closed","ping_status":"open","sticky":false,"template":"","format":"standard","meta":{"_acf_changed":false,"_genesis_hide_title":false,"_genesis_hide_breadcrumbs":false,"_genesis_hide_singular_image":false,"_genesis_hide_footer_widgets":false,"_genesis_custom_body_class":"","_genesis_custom_post_class":"","_genesis_layout":"","footnotes":""},"categories":[2347,2354],"tags":[],"class_list":{"0":"post-45208","1":"post","2":"type-post","3":"status-publish","4":"format-standard","5":"has-post-thumbnail","7":"category-automotriz","8":"category-noticias-generales","9":"entry"},"acf":[],"featured_image_src":"https:\/\/www.noticiasnewswire.com\/wp-content\/uploads\/2022\/11\/featured-image-16-600x400.jpg","featured_image_src_square":"https:\/\/www.noticiasnewswire.com\/wp-content\/uploads\/2022\/11\/featured-image-16-600x463.jpg","author_info":{"display_name":"vicente","author_link":"https:\/\/www.noticiasnewswire.com\/es\/author\/vicente\/"},"_links":{"self":[{"href":"https:\/\/www.noticiasnewswire.com\/es\/wp-json\/wp\/v2\/posts\/45208","targetHints":{"allow":["GET"]}}],"collection":[{"href":"https:\/\/www.noticiasnewswire.com\/es\/wp-json\/wp\/v2\/posts"}],"about":[{"href":"https:\/\/www.noticiasnewswire.com\/es\/wp-json\/wp\/v2\/types\/post"}],"author":[{"embeddable":true,"href":"https:\/\/www.noticiasnewswire.com\/es\/wp-json\/wp\/v2\/users\/15"}],"replies":[{"embeddable":true,"href":"https:\/\/www.noticiasnewswire.com\/es\/wp-json\/wp\/v2\/comments?post=45208"}],"version-history":[{"count":0,"href":"https:\/\/www.noticiasnewswire.com\/es\/wp-json\/wp\/v2\/posts\/45208\/revisions"}],"wp:featuredmedia":[{"embeddable":true,"href":"https:\/\/www.noticiasnewswire.com\/es\/wp-json\/wp\/v2\/media\/45205"}],"wp:attachment":[{"href":"https:\/\/www.noticiasnewswire.com\/es\/wp-json\/wp\/v2\/media?parent=45208"}],"wp:term":[{"taxonomy":"category","embeddable":true,"href":"https:\/\/www.noticiasnewswire.com\/es\/wp-json\/wp\/v2\/categories?post=45208"},{"taxonomy":"post_tag","embeddable":true,"href":"https:\/\/www.noticiasnewswire.com\/es\/wp-json\/wp\/v2\/tags?post=45208"}],"curies":[{"name":"wp","href":"https:\/\/api.w.org\/{rel}","templated":true}]}}