{"id":45818,"date":"2022-12-27T11:03:45","date_gmt":"2022-12-27T16:03:45","guid":{"rendered":"https:\/\/www.noticiasnewswire.com\/?p=45818"},"modified":"2022-12-27T11:04:31","modified_gmt":"2022-12-27T16:04:31","slug":"volkswagen-presentara-en-ces","status":"publish","type":"post","link":"https:\/\/www.noticiasnewswire.com\/es\/volkswagen-presentara-en-ces\/","title":{"rendered":"Volkswagen presentar\u00e1 en CES al miembro m\u00e1s nuevo de su familia totalmente el\u00e9ctrica ID."},"content":{"rendered":"<p>MIAMI, FL \u2014 27 de diciembre de 2022 \u2014 (<a href=\"https:\/\/www.noticiasnewswire.com\/es\/\">NOTICIAS NEWSWIRE<\/a>) \u2014 <a href=\"https:\/\/www.volkswagen.com\/\" target=\"_blank\" rel=\"noopener\">Volkswagen<\/a> presentar\u00e1 al miembro m\u00e1s nuevo de su familia totalmente el\u00e9ctrica, el 3 de enero a las 4 p. m. (hora del Pac\u00edfico) y seguir\u00e1 con una exhibici\u00f3n en el show de CES 2023.<\/p>\n<p>La marca estar\u00e1 ubicada fuera del Centro de Convenciones de Las Vegas en Tech East en el stand CP-5 del 5 al 8 de enero y le dar\u00e1 la bienvenida a los visitantes para que experimenten el siguiente paso en el viaje de electrificaci\u00f3n de Volkswagen.<\/p>\n<p>Adem\u00e1s de revelar una versi\u00f3n camuflada del nuevo veh\u00edculo el\u00e9ctrico, tambi\u00e9n se anunciar\u00e1 el nombre del mismo.<\/p>\n<p>Volkswagen tambi\u00e9n tendr\u00e1 el galardonado SUV el\u00e9ctrico ID.4\u00a0de la marca en el show, para respaldar esta emocionante incorporaci\u00f3n a la familia ID, as\u00ed como la versi\u00f3n europea del ID. Buzz, a medida que aumenta la anticipaci\u00f3n para el debut del veh\u00edculo en el 2023 en los Estados Unidos.<\/p>\n<p>El Volkswagen ID. serie es una familia de autom\u00f3viles el\u00e9ctricos con bater\u00eda de Volkswagen (VW), construidos sobre la plataforma MEB (kit de herramientas de accionamiento el\u00e9ctrico modular) desarrollada por el Grupo Volkswagen para una gama de autom\u00f3viles el\u00e9ctricos fabricados por sus subsidiarias.<\/p>\n<p>La serie ID. es la primera serie de autos el\u00e9ctricos de\u00a0 Volkswagen\u00a0\u00a0que se construyeron espec\u00edficamente desde cero, para ser veh\u00edculos el\u00e9ctricos. ID. tiene un significado de: \u00abdise\u00f1o inteligente, identidad y tecnolog\u00edas visionarias\u00bb.<\/p>\n<p>La mayor\u00eda de los veh\u00edculos de producci\u00f3n de la serie ID. se adaptaron a partir de varios modelos de autom\u00f3viles conceptuales.<\/p>\n","protected":false},"excerpt":{"rendered":"<h3><em>\u2014 Por Enrique Kogan &#8211; Syndicate Auto News Wire \u2014<\/em><\/h3>\n","protected":false},"author":15,"featured_media":45815,"comment_status":"closed","ping_status":"open","sticky":false,"template":"","format":"standard","meta":{"_acf_changed":false,"_genesis_hide_title":false,"_genesis_hide_breadcrumbs":false,"_genesis_hide_singular_image":false,"_genesis_hide_footer_widgets":false,"_genesis_custom_body_class":"","_genesis_custom_post_class":"","_genesis_layout":"","footnotes":""},"categories":[2347,2354],"tags":[20504,19508],"class_list":{"0":"post-45818","1":"post","2":"type-post","3":"status-publish","4":"format-standard","5":"has-post-thumbnail","7":"category-automotriz","8":"category-noticias-generales","9":"tag-ces-es","10":"tag-volkswagen-es","11":"entry"},"acf":[],"featured_image_src":"https:\/\/www.noticiasnewswire.com\/wp-content\/uploads\/2022\/12\/featured-image-25-600x400.jpg","featured_image_src_square":"https:\/\/www.noticiasnewswire.com\/wp-content\/uploads\/2022\/12\/featured-image-25-600x463.jpg","author_info":{"display_name":"vicente","author_link":"https:\/\/www.noticiasnewswire.com\/es\/author\/vicente\/"},"_links":{"self":[{"href":"https:\/\/www.noticiasnewswire.com\/es\/wp-json\/wp\/v2\/posts\/45818","targetHints":{"allow":["GET"]}}],"collection":[{"href":"https:\/\/www.noticiasnewswire.com\/es\/wp-json\/wp\/v2\/posts"}],"about":[{"href":"https:\/\/www.noticiasnewswire.com\/es\/wp-json\/wp\/v2\/types\/post"}],"author":[{"embeddable":true,"href":"https:\/\/www.noticiasnewswire.com\/es\/wp-json\/wp\/v2\/users\/15"}],"replies":[{"embeddable":true,"href":"https:\/\/www.noticiasnewswire.com\/es\/wp-json\/wp\/v2\/comments?post=45818"}],"version-history":[{"count":0,"href":"https:\/\/www.noticiasnewswire.com\/es\/wp-json\/wp\/v2\/posts\/45818\/revisions"}],"wp:featuredmedia":[{"embeddable":true,"href":"https:\/\/www.noticiasnewswire.com\/es\/wp-json\/wp\/v2\/media\/45815"}],"wp:attachment":[{"href":"https:\/\/www.noticiasnewswire.com\/es\/wp-json\/wp\/v2\/media?parent=45818"}],"wp:term":[{"taxonomy":"category","embeddable":true,"href":"https:\/\/www.noticiasnewswire.com\/es\/wp-json\/wp\/v2\/categories?post=45818"},{"taxonomy":"post_tag","embeddable":true,"href":"https:\/\/www.noticiasnewswire.com\/es\/wp-json\/wp\/v2\/tags?post=45818"}],"curies":[{"name":"wp","href":"https:\/\/api.w.org\/{rel}","templated":true}]}}