{"id":45922,"date":"2023-01-11T15:25:09","date_gmt":"2023-01-11T20:25:09","guid":{"rendered":"https:\/\/www.noticiasnewswire.com\/el-ev6-fue-nombrado-utilitario-del-ano\/"},"modified":"2023-01-11T15:27:50","modified_gmt":"2023-01-11T20:27:50","slug":"el-ev6-fue-nombrado-utilitario-del-ano","status":"publish","type":"post","link":"https:\/\/www.noticiasnewswire.com\/es\/el-ev6-fue-nombrado-utilitario-del-ano\/","title":{"rendered":"El el\u00e9ctrico Kia EV6 ha sido nombrado el &#8216;Veh\u00edculo Utilitario del A\u00f1o 2023&#8217;"},"content":{"rendered":"<p>MIAMI, FL \u2014 11 de enero de 2023 \u2014 (<a href=\"https:\/\/www.noticiasnewswire.com\/es\/\">NOTICIAS NEWSWIRE<\/a>) \u2014 Hoy, el <a href=\"https:\/\/www.kia.com\/\" target=\"_blank\" rel=\"noopener\">Kia<\/a> EV6 totalmente el\u00e9ctrico, fue nombrado Veh\u00edculo Utilitario Norteamericano del A\u00f1o, por el jurado del Auto Norteamericano del A\u00f1o (NACTOY). Esta es la segunda ocasi\u00f3n en tres a\u00f1os que el jurado de NACTOY nombra a un veh\u00edculo Kia como su mejor opci\u00f3n en la categor\u00eda, y la primera victoria para un veh\u00edculo el\u00e9ctrico (EV) de Kia.<\/p>\n<p>\u201cDesde que sali\u00f3 a la venta a principios del 2022, la gama de modelos EV6 ha ilustrado la sofisticaci\u00f3n y el refinamiento inherentes a la ingenier\u00eda de Kia EV, y los clientes norteamericanos se han dado cuenta\u201d, dijo Sean Yoon, presidente y director ejecutivo de Kia Am\u00e9rica. \u201cEn un a\u00f1o con tres finalistas el\u00e9ctricos, esta victoria demuestra que el EV6 no solo es un veh\u00edculo utilitario superior, sino tambi\u00e9n un EV ejemplar\u201d.<\/p>\n<p>El EV6 fue seleccionado por 50 expertos automotrices de medios impresos, en l\u00ednea, radio y difusi\u00f3n. Como parte del proceso de evaluaci\u00f3n, los jurados de NACTOY probaron veh\u00edculos que iban desde autos deportivos hasta camionetas y evaluaron criterios que incluyen innovaci\u00f3n automotriz, dise\u00f1o, caracter\u00edsticas de seguridad, rendimiento, tecnolog\u00eda, satisfacci\u00f3n del conductor, experiencia del usuario y valor.<\/p>\n<p>El EV6 sigue aumentando en popularidad. Hasta la fecha, se han vendido m\u00e1s de 19,000 modelos EV6 en los minoristas de Kia en los 50 estados, incluido el EV6 GT de 576 hp que sali\u00f3 a la venta en diciembre del 2022.<\/p>\n<p>El EV6 ofrece un rendimiento asombroso, compatibilidad con carga de CC ultrarr\u00e1pida, disponible energ\u00eda a bordo y un interior de piso plano que utiliza materiales innovadores en toda la cabina.<\/p>\n<p>El EV6 ofrece una amplia gama de sistemas avanzados de asistencia al conductor, un nivel notable de caracter\u00edsticas de conectividad, as\u00ed como la bomba de calor de eficiencia energ\u00e9tica de \u00faltima generaci\u00f3n de Kia, que elimina el calor residual del sistema de refrigeraci\u00f3n del autom\u00f3vil.<\/p>\n<p>El EV6 es una parte fundamental de la estrategia \u00abPlan S\u00bb de Kia para lanzar al menos dos veh\u00edculos el\u00e9ctricos de bater\u00eda (BEV) por a\u00f1o y construir una l\u00ednea completa de 14 BEV para el 2027.<\/p>\n","protected":false},"excerpt":{"rendered":"<h3><em>\u2014 Por Enrique Kogan &#8211; Syndicate Auto News Wire \u2014<\/em><\/h3>\n","protected":false},"author":15,"featured_media":45919,"comment_status":"closed","ping_status":"open","sticky":false,"template":"","format":"standard","meta":{"_acf_changed":false,"_genesis_hide_title":false,"_genesis_hide_breadcrumbs":false,"_genesis_hide_singular_image":false,"_genesis_hide_footer_widgets":false,"_genesis_custom_body_class":"","_genesis_custom_post_class":"","_genesis_layout":"","footnotes":""},"categories":[2347,2354],"tags":[19522,19523],"class_list":{"0":"post-45922","1":"post","2":"type-post","3":"status-publish","4":"format-standard","5":"has-post-thumbnail","7":"category-automotriz","8":"category-noticias-generales","9":"tag-ev6-es","10":"tag-kia-es","11":"entry"},"acf":[],"featured_image_src":"https:\/\/www.noticiasnewswire.com\/wp-content\/uploads\/2023\/01\/featured-image-6-600x400.jpg","featured_image_src_square":"https:\/\/www.noticiasnewswire.com\/wp-content\/uploads\/2023\/01\/featured-image-6-600x463.jpg","author_info":{"display_name":"vicente","author_link":"https:\/\/www.noticiasnewswire.com\/es\/author\/vicente\/"},"_links":{"self":[{"href":"https:\/\/www.noticiasnewswire.com\/es\/wp-json\/wp\/v2\/posts\/45922","targetHints":{"allow":["GET"]}}],"collection":[{"href":"https:\/\/www.noticiasnewswire.com\/es\/wp-json\/wp\/v2\/posts"}],"about":[{"href":"https:\/\/www.noticiasnewswire.com\/es\/wp-json\/wp\/v2\/types\/post"}],"author":[{"embeddable":true,"href":"https:\/\/www.noticiasnewswire.com\/es\/wp-json\/wp\/v2\/users\/15"}],"replies":[{"embeddable":true,"href":"https:\/\/www.noticiasnewswire.com\/es\/wp-json\/wp\/v2\/comments?post=45922"}],"version-history":[{"count":0,"href":"https:\/\/www.noticiasnewswire.com\/es\/wp-json\/wp\/v2\/posts\/45922\/revisions"}],"wp:featuredmedia":[{"embeddable":true,"href":"https:\/\/www.noticiasnewswire.com\/es\/wp-json\/wp\/v2\/media\/45919"}],"wp:attachment":[{"href":"https:\/\/www.noticiasnewswire.com\/es\/wp-json\/wp\/v2\/media?parent=45922"}],"wp:term":[{"taxonomy":"category","embeddable":true,"href":"https:\/\/www.noticiasnewswire.com\/es\/wp-json\/wp\/v2\/categories?post=45922"},{"taxonomy":"post_tag","embeddable":true,"href":"https:\/\/www.noticiasnewswire.com\/es\/wp-json\/wp\/v2\/tags?post=45922"}],"curies":[{"name":"wp","href":"https:\/\/api.w.org\/{rel}","templated":true}]}}