{"id":46473,"date":"2023-02-28T09:33:59","date_gmt":"2023-02-28T14:33:59","guid":{"rendered":"https:\/\/www.noticiasnewswire.com\/?p=46473"},"modified":"2023-03-03T16:06:38","modified_gmt":"2023-03-03T21:06:38","slug":"volkswagen-celebra-el-iconico-tipo-2","status":"publish","type":"post","link":"https:\/\/www.noticiasnewswire.com\/es\/volkswagen-celebra-el-iconico-tipo-2\/","title":{"rendered":"Volkswagen celebra el ic\u00f3nico Tipo 2 con la clase Transporter en el Amelia Concours d&#8217;Elegance"},"content":{"rendered":"<p>MIAMI, FL \u2014 2 de marzo de 2023 \u2014 (<a href=\"https:\/\/www.noticiasnewswire.com\/es\/\">NOTICIAS NEWSWIRE<\/a>) \u2014 Este domingo 5 de marzo, el original Transporter Tipo 2 de <a href=\"https:\/\/www.volkswagen.com\/\" target=\"_blank\" rel=\"noopener\">Volkswagen<\/a>, ocupar\u00e1 un lugar central en uno de los eventos de autos de colecci\u00f3n m\u00e1s prestigiosos del mundo, el Amelia Concours d&#8217;Elegance.<\/p>\n<p>Para celebrar el pr\u00f3ximo debut norteamericano del ID. Buzz, el Concours est\u00e1 organizando una clase para Volkswagen Tipo 2 Transporters de primera generaci\u00f3n.<\/p>\n<p>El Concours, ahora en su 28.\u00ba a\u00f1o, presenta tradicionalmente una clase especial que se distingue de la categorizaci\u00f3n tradicional de los concursos.<\/p>\n<p>En el pasado, el Amelia Concours ha presentado autos publicitarios y de pel\u00edculas, as\u00ed como escarabajos de carrocer\u00eda personalizados. La clase de este a\u00f1o celebra un veh\u00edculo que se ha convertido en un \u00edcono cultural innegable: el Volkswagen Tipo 2 Transporter original.<\/p>\n<p>\u201cEstamos entusiasmados de que el Amelia Island Concours d\u2019Elegance est\u00e9 organizando una clase para el humilde autob\u00fas Tipo 2\u201d, dijo Cameron Batten, director de comunicaciones de Volkswagen Group of America.<\/p>\n<p>El Volkswagen Bus es un \u00edcono cultural en Estados Unidos y estamos ansiosos por escribir el pr\u00f3ximo cap\u00edtulo de su historia con la presentaci\u00f3n del ID. Buzz, su sucesor el\u00e9ctrico para el siglo XXI.\u201d<\/p>\n<p>\u201cPocos veh\u00edculos han sido acogidos por un grupo tan diverso de admiradores y entusiastas como el amado Volkswagen Tipo 2.<\/p>\n<p>La exhibici\u00f3n de este a\u00f1o cuenta la historia del transportador de VW: desde el cl\u00e1sico autob\u00fas de pasajeros y cami\u00f3n de transporte hasta la ambulancia y el cami\u00f3n de bomberos.<\/p>\n<p>El atractivo ecl\u00e9ctico del Type 2 lo convierte en la elecci\u00f3n perfecta para una clase destacada en The Amelia Concours d&#8217;Elegance\u201d, dijo Matt Orendac, vicepresidente de Concours Group, Hagerty.<\/p>\n<h3>La clase exhibir\u00e1 los transportadores Volkswagen Tipo 2, en sus muchas formas.<\/h3>\n<p>Adem\u00e1s de uno de los autobuses m\u00e1s antiguos que se entreg\u00f3 a los Estados Unidos, hay una ambulancia de techo alto, una camioneta convertida en cami\u00f3n de bomberos, el exclusivo semioruga Fox de la colecci\u00f3n de Volkswagen Commercial Vehicles y una casa rodante Dormobile inglesa. conversi\u00f3n.<\/p>\n<p>Tres de los veh\u00edculos tienen conexiones \u00fanicas con el mundo del entretenimiento: el autob\u00fas de Fast Times en Ridgemont High; una r\u00e9plica de The Light Bus que se present\u00f3 en el Festival de Woodstock; y el autob\u00fas personal de Jerry Garc\u00eda. El Dr. Bob Hieronymous, que pint\u00f3 tanto el Light Bus original como la r\u00e9plica, tambi\u00e9n estar\u00e1 en el evento.<\/p>\n<p>El sucesor el\u00e9ctrico del Tipo 2, el ID. Buzz, se mostrar\u00e1 en forma europea con distancia entre ejes normal en el desfile de veh\u00edculos el\u00e9ctricos Taking Charge el domingo por la ma\u00f1ana, como una forma de alertar a los asistentes al concurso de que el debut de la versi\u00f3n norteamericana con distancia entre ejes m\u00e1s larga tendr\u00e1 lugar en California este verano.<\/p>\n","protected":false},"excerpt":{"rendered":"<h3><em>\u2014 Por Enrique Kogan &#8211; Syndicate Auto News Wire \u2014<\/em><\/h3>\n","protected":false},"author":15,"featured_media":46464,"comment_status":"closed","ping_status":"open","sticky":false,"template":"","format":"standard","meta":{"_acf_changed":false,"_genesis_hide_title":false,"_genesis_hide_breadcrumbs":false,"_genesis_hide_singular_image":false,"_genesis_hide_footer_widgets":false,"_genesis_custom_body_class":"","_genesis_custom_post_class":"","_genesis_layout":"","footnotes":""},"categories":[2347,2354],"tags":[],"class_list":{"0":"post-46473","1":"post","2":"type-post","3":"status-publish","4":"format-standard","5":"has-post-thumbnail","7":"category-automotriz","8":"category-noticias-generales","9":"entry"},"acf":[],"featured_image_src":"https:\/\/www.noticiasnewswire.com\/wp-content\/uploads\/2023\/03\/featured-image-600x400.jpg","featured_image_src_square":"https:\/\/www.noticiasnewswire.com\/wp-content\/uploads\/2023\/03\/featured-image-600x463.jpg","author_info":{"display_name":"vicente","author_link":"https:\/\/www.noticiasnewswire.com\/es\/author\/vicente\/"},"_links":{"self":[{"href":"https:\/\/www.noticiasnewswire.com\/es\/wp-json\/wp\/v2\/posts\/46473","targetHints":{"allow":["GET"]}}],"collection":[{"href":"https:\/\/www.noticiasnewswire.com\/es\/wp-json\/wp\/v2\/posts"}],"about":[{"href":"https:\/\/www.noticiasnewswire.com\/es\/wp-json\/wp\/v2\/types\/post"}],"author":[{"embeddable":true,"href":"https:\/\/www.noticiasnewswire.com\/es\/wp-json\/wp\/v2\/users\/15"}],"replies":[{"embeddable":true,"href":"https:\/\/www.noticiasnewswire.com\/es\/wp-json\/wp\/v2\/comments?post=46473"}],"version-history":[{"count":0,"href":"https:\/\/www.noticiasnewswire.com\/es\/wp-json\/wp\/v2\/posts\/46473\/revisions"}],"wp:featuredmedia":[{"embeddable":true,"href":"https:\/\/www.noticiasnewswire.com\/es\/wp-json\/wp\/v2\/media\/46464"}],"wp:attachment":[{"href":"https:\/\/www.noticiasnewswire.com\/es\/wp-json\/wp\/v2\/media?parent=46473"}],"wp:term":[{"taxonomy":"category","embeddable":true,"href":"https:\/\/www.noticiasnewswire.com\/es\/wp-json\/wp\/v2\/categories?post=46473"},{"taxonomy":"post_tag","embeddable":true,"href":"https:\/\/www.noticiasnewswire.com\/es\/wp-json\/wp\/v2\/tags?post=46473"}],"curies":[{"name":"wp","href":"https:\/\/api.w.org\/{rel}","templated":true}]}}