{"id":46599,"date":"2023-03-10T11:06:06","date_gmt":"2023-03-10T16:06:06","guid":{"rendered":"https:\/\/www.noticiasnewswire.com\/?p=46599"},"modified":"2023-03-10T11:06:06","modified_gmt":"2023-03-10T16:06:06","slug":"volkswagen-celebra-respaldo","status":"publish","type":"post","link":"https:\/\/www.noticiasnewswire.com\/es\/volkswagen-celebra-respaldo\/","title":{"rendered":"Volkswagen est\u00e1 celebrando su respaldo al Festival de Cine y Televisi\u00f3n en Austin, TX"},"content":{"rendered":"<p>MIAMI, FL \u2014 10 de marzo de 2023 \u2014 (<a href=\"https:\/\/www.noticiasnewswire.com\/es\/\">NOTICIAS NEWSWIRE<\/a>) \u2014\u00a0<a href=\"https:\/\/www.vw.com\/\" target=\"_blank\" rel=\"noopener\">Volkswagen<\/a> est\u00e1 celebrando su segundo a\u00f1o como S\u00faper Patrocinador de la Conferencia y Festivales South by Southwest (SXSW), al respaldar el programa del Festival de Cine y Televisi\u00f3n de la conferencia en Austin, TX. Al mismo tiempo que la Conferencia SXSW, el Festival de cine y televisi\u00f3n se lleva a cabo del 10 al 19 de marzo y celebra la innovaci\u00f3n y el talento emergente detr\u00e1s y frente a la c\u00e1mara.<\/p>\n<p>Adem\u00e1s del apoyo de numerosos eventos relacionados con el Festival de Cine y TV, Volkswagen presentar\u00e1 dos paneles de discusi\u00f3n durante la Conferencia SXSW.<\/p>\n<p>El primero se centrar\u00e1 en las asociaciones de marca y la colocaci\u00f3n de productos en el cine, con un enfoque especial en el \u00e9xito reciente con franquicias cinematogr\u00e1ficas conocidas. Un segundo panel examinar\u00e1 c\u00f3mo los veh\u00edculos aut\u00f3nomos podr\u00edan cambiar los paisajes urbanos.<\/p>\n<p>\u201cEl dinamismo de South by Southwest nos permite celebrar nuestra marca ic\u00f3nica en un entorno cultural ic\u00f3nico\u201d, dijo Cameron Batten, director de comunicaciones de Volkswagen Group of America. \u201cDesde avances tecnol\u00f3gicos y de productos hasta hitos culturales, sabemos que la audiencia estar\u00e1 aqu\u00ed en Austin, Texas\u201d.<\/p>\n<p>\u201cEstamos encantados de tener a Volkswagen nuevamente como patrocinador para 2023\u201d, dijo Jann Baskett, co-presidente y director de marca de SXSW. \u201cSus innovaciones tecnol\u00f3gicas y su identidad de futuro los convierten en un colaborador ideal. Esperamos ver la programaci\u00f3n y las activaciones de este a\u00f1o\u00bb.<\/p>\n<p>Los paneles de discusi\u00f3n est\u00e1n abiertos para seleccionar titulares de la insignia SXSW con m\u00e1s detalles disponibles a trav\u00e9s de los siguientes enlaces:<\/p>\n<p><strong>C\u00f3mo los veh\u00edculos aut\u00f3nomos cambiar\u00e1n los espacios urbanos<\/strong><\/p>\n<p>VW y Lucasfilm unen fuerzas con el invitado especial Doug Chiang, director creativo ejecutivo de Lucasfilm<\/p>\n<p>Volkswagen tambi\u00e9n planea una exhibici\u00f3n p\u00fablica al aire libre, destacando su compromiso con la electrificaci\u00f3n automotriz con ofertas actuales y futuras de veh\u00edculos el\u00e9ctricos.<\/p>\n<p>Los transe\u00fantes podr\u00e1n ver el SUV ID.4 totalmente el\u00e9ctrico de la marca, as\u00ed como una versi\u00f3n europea del ID que pronto debutar\u00e1. Zumbido. Ambos veh\u00edculos se mostrar\u00e1n fuera del Rollins Theatre en The Long Center for the Performing Arts del 10 al 15 de marzo.<\/p>\n","protected":false},"excerpt":{"rendered":"<h3><em>\u2014 Por Enrique Kogan \u2014<\/em><\/h3>\n","protected":false},"author":15,"featured_media":46596,"comment_status":"closed","ping_status":"open","sticky":false,"template":"","format":"standard","meta":{"_acf_changed":false,"_genesis_hide_title":false,"_genesis_hide_breadcrumbs":false,"_genesis_hide_singular_image":false,"_genesis_hide_footer_widgets":false,"_genesis_custom_body_class":"","_genesis_custom_post_class":"","_genesis_layout":"","footnotes":""},"categories":[2347,2354],"tags":[],"class_list":{"0":"post-46599","1":"post","2":"type-post","3":"status-publish","4":"format-standard","5":"has-post-thumbnail","7":"category-automotriz","8":"category-noticias-generales","9":"entry"},"acf":[],"featured_image_src":"https:\/\/www.noticiasnewswire.com\/wp-content\/uploads\/2023\/03\/featured-image-14-600x400.jpg","featured_image_src_square":"https:\/\/www.noticiasnewswire.com\/wp-content\/uploads\/2023\/03\/featured-image-14-600x463.jpg","author_info":{"display_name":"vicente","author_link":"https:\/\/www.noticiasnewswire.com\/es\/author\/vicente\/"},"_links":{"self":[{"href":"https:\/\/www.noticiasnewswire.com\/es\/wp-json\/wp\/v2\/posts\/46599","targetHints":{"allow":["GET"]}}],"collection":[{"href":"https:\/\/www.noticiasnewswire.com\/es\/wp-json\/wp\/v2\/posts"}],"about":[{"href":"https:\/\/www.noticiasnewswire.com\/es\/wp-json\/wp\/v2\/types\/post"}],"author":[{"embeddable":true,"href":"https:\/\/www.noticiasnewswire.com\/es\/wp-json\/wp\/v2\/users\/15"}],"replies":[{"embeddable":true,"href":"https:\/\/www.noticiasnewswire.com\/es\/wp-json\/wp\/v2\/comments?post=46599"}],"version-history":[{"count":0,"href":"https:\/\/www.noticiasnewswire.com\/es\/wp-json\/wp\/v2\/posts\/46599\/revisions"}],"wp:featuredmedia":[{"embeddable":true,"href":"https:\/\/www.noticiasnewswire.com\/es\/wp-json\/wp\/v2\/media\/46596"}],"wp:attachment":[{"href":"https:\/\/www.noticiasnewswire.com\/es\/wp-json\/wp\/v2\/media?parent=46599"}],"wp:term":[{"taxonomy":"category","embeddable":true,"href":"https:\/\/www.noticiasnewswire.com\/es\/wp-json\/wp\/v2\/categories?post=46599"},{"taxonomy":"post_tag","embeddable":true,"href":"https:\/\/www.noticiasnewswire.com\/es\/wp-json\/wp\/v2\/tags?post=46599"}],"curies":[{"name":"wp","href":"https:\/\/api.w.org\/{rel}","templated":true}]}}