{"id":46949,"date":"2023-04-05T10:55:21","date_gmt":"2023-04-05T14:55:21","guid":{"rendered":"https:\/\/www.noticiasnewswire.com\/?p=46949"},"modified":"2023-04-05T10:55:21","modified_gmt":"2023-04-05T14:55:21","slug":"kia-presento-el-suv-ev9-del-2024","status":"publish","type":"post","link":"https:\/\/www.noticiasnewswire.com\/es\/kia-presento-el-suv-ev9-del-2024\/","title":{"rendered":"Kia present\u00f3 en el auto show de Nueva York y por primera vez en Am\u00e9rica del Norte, el totalmente el\u00e9ctrico SUV EV9 del 2024"},"content":{"rendered":"<p>MIAMI, FL \u2014 5 de abril de 2023 \u2014 (<a href=\"https:\/\/www.noticiasnewswire.com\/es\/\">NOTICIAS NEWSWIRE<\/a>) \u2014 Como el primer SUV EV de tres filas de asientos de <a href=\"https:\/\/www.kia.com\" target=\"_blank\" rel=\"noopener\">Kia<\/a>, el EV9 es el buque insignia de la estrategia global del Plan S, adem\u00e1s de ser pionero en su segmento y en la industria automotriz.<\/p>\n<p>Desarrollado sobre la probada arquitectura E-GMP dedicada a veh\u00edculos el\u00e9ctricos con tecnolog\u00eda de bater\u00eda de cuarta generaci\u00f3n, el EV9 mejora el espacio con asientos para hasta siete pasajeros, con una distancia entre ejes larga y piso plano que brindan flexibilidad y comodidad para todos.<\/p>\n<p>La arquitectura el\u00e9ctrica est\u00e1ndar de 800 V del EV9 permite una recarga ultrarr\u00e1pida en cargadores de CC de alta velocidad, dise\u00f1ados para pasar de un estado de carga del 10 al 80 por ciento en menos de 25 minutos.<\/p>\n<p><strong>Estilo exterior impulsado por el dise\u00f1o<\/strong><\/p>\n<p>Con hasta 197.4 pulgadas de largo, el EV9 es un poco m\u00e1s largo que el SUV Telluride y comparable en altura (hasta 70.1 pulgadas) y ancho (77.9 pulgadas). Con las tres filas elevadas, el EV9 ofrece 20.2 pies c\u00fabicos de espacio de carga. Cuando se pliegan ambas filas de asientos traseros, el volumen aumenta a 81.9 pies c\u00fabicos.<\/p>\n<p>Para una apariencia m\u00e1s impulsada por el dise\u00f1o, el EV9 GT-Line agrega un estilo exclusivo del modelo, rieles elevados en el techo\u00a0[i]\u00a0y llantas y llantas de aleaci\u00f3n exclusivas de 21 pulgadas. El EV9 estar\u00e1 disponible en una selecci\u00f3n de opciones de pintura con acabado brillante o mate de f\u00e1brica.<\/p>\n<p><strong>Tren motriz con opciones<\/strong><\/p>\n<p>Desde el lanzamiento, el EV9 estar\u00e1 disponible con dos opciones de tren motriz. El est\u00e1ndar es una bater\u00eda de 76,1 kWh con un motor de 160 kW (215 hp) que impulsa las ruedas traseras.<\/p>\n<p>Una bater\u00eda opcional de 99.8 kWh estar\u00e1 disponible en una configuraci\u00f3n de un solo motor con un objetivo de 300 millas de rango totalmente el\u00e9ctrico (AER), o una configuraci\u00f3n de tracci\u00f3n en todas las ruedas con vectorizaci\u00f3n de torque de 283 kW (379 hp) de dos motores con 516 libras-pie de par<\/p>\n<p>El EV9 ofrecer\u00e1 cuatro modos de manejo en el lanzamiento en todos los modelos: Eco, Normal, Sport y My Mode. Con una velocidad m\u00e1xima de carga de CC de hasta 230kW, el EV9 puede facilitar la carga r\u00e1pida con cargadores de CC compatibles, mientras que el cargador integrado de 11kW tambi\u00e9n permite una carga conveniente de Nivel 2.<\/p>\n<p><strong>Estilo interior con materiales con visi\u00f3n de futuro<\/strong><\/p>\n<p>En el interior del EV9, este enfoque CMF cobra vida mediante el uso de superficies de asientos de poliuretano que no son de cuero, molduras interiores seleccionadas sin BTX y telas y alfombras seleccionadas compuestas de materiales parcialmente reciclados.<\/p>\n<p>Desde el revestimiento del techo del EV9 hasta una variedad de \u00e1reas de alto contacto dentro de la cabina, estos materiales con visi\u00f3n de futuro ofrecen una calidad t\u00e1ctil a los ocupantes en las tres filas y brindan una cabina bien equipada sin el uso de productos animales.<\/p>\n<p>El EV9 estar\u00e1 disponible desde su lanzamiento en una variedad de configuraciones de seis y siete asientos. Los ocupantes de la primera y segunda fila de pasajeros disfrutan de un disponible \u00abModo de relajaci\u00f3n\u00bb que ofrece comodidad con reposa piernas el\u00e9ctricas, y las comodidades de la segunda fila incluyen ajustes de potencia de 8 posiciones mejorados con calefacci\u00f3n y refrigeraci\u00f3n.<\/p>\n<p>El EV9 ofrecer\u00e1 una llave digital est\u00e1ndar avanzada basada en banda ultra ancha, que permite a los clientes usar sus dispositivos inteligentes Apple y Samsung compatibles o una tarjeta inteligente habilitada para NFC como llaves virtuales del veh\u00edculo para bloquear, desbloquear y conducir.<\/p>\n<p><strong>Tecnolog\u00eda de avanzada<\/strong><\/p>\n<p>El EV9 cuenta con el sistema operativo ultramoderno \u201cConnected Car Navigation Cockpit (ccNC)\u201d de pr\u00f3xima generaci\u00f3n de Kia. El sistema operativo ccNC procesa m\u00e1s r\u00e1pido y con mayor fidelidad, con controles r\u00e1pidos de uso frecuente disponibles con solo deslizar el dedo en la pantalla.<\/p>\n<p><strong>Seguridad<\/strong><\/p>\n<p>El EV9 refina y ampl\u00eda la lista de Kia de sistemas avanzados de asistencia al conductor (ADAS) est\u00e1ndar y disponibles. Debutando en el EV9 para la marca Kia en Am\u00e9rica del Norte est\u00e1n la asistencia avanzada de conducci\u00f3n en carretera (AHDA) y la asistencia de seguimiento de carril 2 (LFA-2).<\/p>\n<p>El EV9 tambi\u00e9n contar\u00e1 con algunas de las caracter\u00edsticas m\u00e1s recientes del paquete de asistencia activa para el conductor Kia Drive Wise, que incluyen asistencia de luces altas (HBA) asistencia de l\u00edmite de velocidad inteligente (ISLA), asistencia de mantenimiento de carril (LKA-2), asistencia de salida segura (SEA), Advertencia de salida segura (SEW) y Control de crucero inteligente con Stop &amp; Go (SCC).<\/p>\n<p>Adem\u00e1s de la tecnolog\u00eda de asistencia activa al conductor, el EV9 viene est\u00e1ndar con 10 bolsas de aire, incluida una bolsa de aire central en la fila delantera dise\u00f1ada para reducir los impactos del pasajero delantero en ciertas colisiones.<\/p>\n<p><strong>A la venta en el cuarto trimestre del 2023<\/strong><\/p>\n<p>Se espera que el EV9 debute en los EE. UU. en el cuarto trimestre del 2023, y se espera que se ensamble en West Point, Georgia, a partir del 2024, lo que lo convierte en el primer Kia EV en ensamblarse localmente<\/p>\n","protected":false},"excerpt":{"rendered":"<h3><em>\u2014 Por Enrique Kogan \u2014<\/em><\/h3>\n","protected":false},"author":15,"featured_media":46940,"comment_status":"closed","ping_status":"open","sticky":false,"template":"","format":"standard","meta":{"_acf_changed":false,"_genesis_hide_title":false,"_genesis_hide_breadcrumbs":false,"_genesis_hide_singular_image":false,"_genesis_hide_footer_widgets":false,"_genesis_custom_body_class":"","_genesis_custom_post_class":"","_genesis_layout":"","footnotes":""},"categories":[2347,2354],"tags":[],"class_list":{"0":"post-46949","1":"post","2":"type-post","3":"status-publish","4":"format-standard","5":"has-post-thumbnail","7":"category-automotriz","8":"category-noticias-generales","9":"entry"},"acf":[],"featured_image_src":"https:\/\/www.noticiasnewswire.com\/wp-content\/uploads\/2023\/04\/featured-image-7-600x400.jpg","featured_image_src_square":"https:\/\/www.noticiasnewswire.com\/wp-content\/uploads\/2023\/04\/featured-image-7-600x463.jpg","author_info":{"display_name":"vicente","author_link":"https:\/\/www.noticiasnewswire.com\/es\/author\/vicente\/"},"_links":{"self":[{"href":"https:\/\/www.noticiasnewswire.com\/es\/wp-json\/wp\/v2\/posts\/46949","targetHints":{"allow":["GET"]}}],"collection":[{"href":"https:\/\/www.noticiasnewswire.com\/es\/wp-json\/wp\/v2\/posts"}],"about":[{"href":"https:\/\/www.noticiasnewswire.com\/es\/wp-json\/wp\/v2\/types\/post"}],"author":[{"embeddable":true,"href":"https:\/\/www.noticiasnewswire.com\/es\/wp-json\/wp\/v2\/users\/15"}],"replies":[{"embeddable":true,"href":"https:\/\/www.noticiasnewswire.com\/es\/wp-json\/wp\/v2\/comments?post=46949"}],"version-history":[{"count":0,"href":"https:\/\/www.noticiasnewswire.com\/es\/wp-json\/wp\/v2\/posts\/46949\/revisions"}],"wp:featuredmedia":[{"embeddable":true,"href":"https:\/\/www.noticiasnewswire.com\/es\/wp-json\/wp\/v2\/media\/46940"}],"wp:attachment":[{"href":"https:\/\/www.noticiasnewswire.com\/es\/wp-json\/wp\/v2\/media?parent=46949"}],"wp:term":[{"taxonomy":"category","embeddable":true,"href":"https:\/\/www.noticiasnewswire.com\/es\/wp-json\/wp\/v2\/categories?post=46949"},{"taxonomy":"post_tag","embeddable":true,"href":"https:\/\/www.noticiasnewswire.com\/es\/wp-json\/wp\/v2\/tags?post=46949"}],"curies":[{"name":"wp","href":"https:\/\/api.w.org\/{rel}","templated":true}]}}