{"id":47122,"date":"2023-04-19T18:00:30","date_gmt":"2023-04-19T22:00:30","guid":{"rendered":"https:\/\/www.noticiasnewswire.com\/?p=47122"},"modified":"2023-04-19T18:22:01","modified_gmt":"2023-04-19T22:22:01","slug":"volkswagen-confirma-el-id4","status":"publish","type":"post","link":"https:\/\/www.noticiasnewswire.com\/es\/volkswagen-confirma-el-id4\/","title":{"rendered":"Volkswagen confirma que el modelo ID.4 2023 ensamblado en EE. UU. es elegible para un cr\u00e9dito fiscal federal completo de $7,500 d\u00f3lares"},"content":{"rendered":"<p>MIAMI, FL \u2014 19 de abril de 2023 \u2014 (<a href=\"https:\/\/www.noticiasnewswire.com\/es\/\">NOTICIAS NEWSWIRE<\/a>) \u2014 <a href=\"https:\/\/www.vw.com\" target=\"_blank\" rel=\"noopener\">Volkswagen<\/a> acaba de anunciar que todos los modelos del ID.4 2023, que se pongan en servicio este a\u00f1o, ser\u00e1n elegibles para el Cr\u00e9dito Fiscal Federal completo de $7,500 d\u00f3lares en el 2023, lo que lo hace no s\u00f3lo extremadamente accesible, sino competitivo con los SUV compactos convencionales.<\/p>\n<p>Volkswagen es actualmente el \u00fanico fabricante de autom\u00f3viles internacional que tiene un veh\u00edculo el\u00e9ctrico de bater\u00eda completa que es elegible para el cr\u00e9dito completo, gracias al ensamblaje y abastecimiento local.<\/p>\n<p>Desde su lanzamiento, el ID.4 ha demostrado ser un EV popular en el mercado, atrayendo nuevos compradores tanto a la marca Volkswagen como a la movilidad el\u00e9ctrica.<\/p>\n<p>En el primer trimestre del 2023, el ID.4 fue el cuarto veh\u00edculo el\u00e9ctrico m\u00e1s vendido en el mercado de EE. UU. y los cambios realizados para el ensamblaje en EE. UU. han hecho que el veh\u00edculo sea a\u00fan m\u00e1s atractivo para el p\u00fablico estadounidense.<\/p>\n<p>\u201cEsta es una gran noticia para los consumidores en los EE. UU. porque ampl\u00eda la elecci\u00f3n de veh\u00edculos el\u00e9ctricos verdaderamente asequibles\u201d, dijo Pablo Di Si, el carism\u00e1tico presidente nacido en Argentina y director ejecutivo de Volkswagen Group of America.<\/p>\n<p>\u201cEl ID.4 ya es uno de los SUV el\u00e9ctricos de menor precio en el mercado, y el Cr\u00e9dito Fiscal Federal de $7,500 d\u00f3lares lo hace a\u00fan m\u00e1s accesible.<\/p>\n<p>Esto demuestra que tomamos la decisi\u00f3n correcta de localizar la producci\u00f3n del ID.4 en Tennessee e invertir a\u00fan m\u00e1s en la producci\u00f3n de bater\u00edas, componentes e innovaci\u00f3n.<\/p>\n<p>Cada ID.4 vendido respalda miles de empleos estadounidenses y ayuda a avanzar en nuestro objetivo de un futuro sin emisiones de carbono\u201d.<\/p>\n<p>El ID.4 del 2023 est\u00e1 a la venta con dos tama\u00f1os de bater\u00eda y dos trenes motrices, con un precio inicial de $38,995 d\u00f3lares para el modelo ID.4 Standard, que tiene una bater\u00eda de 62kWh y un alcance estimado por la EPA de 209 millas.<\/p>\n<p>El ID.4 Pro contin\u00faa con una bater\u00eda de 82 kWh que permite un alcance estimado por la EPA de 275 millas.<\/p>\n<p>Un \u00fanico motor s\u00edncrono de imanes permanentes impulsa las ruedas traseras y proporciona 201 caballos de fuerza.<\/p>\n<p>Los modelos ID.4 AWD Pro agregan un motor as\u00edncrono al eje delantero, lo que resulta en un impulso a un m\u00e1ximo de 295 caballos de fuerza, as\u00ed como capacidad de tracci\u00f3n total, y tienen un alcance estimado por la EPA de 255 millas.<\/p>\n","protected":false},"excerpt":{"rendered":"<h3><em>\u2014 Por Enrique Kogan \u2014<\/em><\/h3>\n","protected":false},"author":15,"featured_media":47119,"comment_status":"closed","ping_status":"open","sticky":false,"template":"","format":"standard","meta":{"_acf_changed":false,"_genesis_hide_title":false,"_genesis_hide_breadcrumbs":false,"_genesis_hide_singular_image":false,"_genesis_hide_footer_widgets":false,"_genesis_custom_body_class":"","_genesis_custom_post_class":"","_genesis_layout":"","footnotes":""},"categories":[2347,2354],"tags":[],"class_list":{"0":"post-47122","1":"post","2":"type-post","3":"status-publish","4":"format-standard","5":"has-post-thumbnail","7":"category-automotriz","8":"category-noticias-generales","9":"entry"},"acf":[],"featured_image_src":"https:\/\/www.noticiasnewswire.com\/wp-content\/uploads\/2023\/04\/featured-image-22-600x400.jpg","featured_image_src_square":"https:\/\/www.noticiasnewswire.com\/wp-content\/uploads\/2023\/04\/featured-image-22-600x463.jpg","author_info":{"display_name":"vicente","author_link":"https:\/\/www.noticiasnewswire.com\/es\/author\/vicente\/"},"_links":{"self":[{"href":"https:\/\/www.noticiasnewswire.com\/es\/wp-json\/wp\/v2\/posts\/47122","targetHints":{"allow":["GET"]}}],"collection":[{"href":"https:\/\/www.noticiasnewswire.com\/es\/wp-json\/wp\/v2\/posts"}],"about":[{"href":"https:\/\/www.noticiasnewswire.com\/es\/wp-json\/wp\/v2\/types\/post"}],"author":[{"embeddable":true,"href":"https:\/\/www.noticiasnewswire.com\/es\/wp-json\/wp\/v2\/users\/15"}],"replies":[{"embeddable":true,"href":"https:\/\/www.noticiasnewswire.com\/es\/wp-json\/wp\/v2\/comments?post=47122"}],"version-history":[{"count":0,"href":"https:\/\/www.noticiasnewswire.com\/es\/wp-json\/wp\/v2\/posts\/47122\/revisions"}],"wp:featuredmedia":[{"embeddable":true,"href":"https:\/\/www.noticiasnewswire.com\/es\/wp-json\/wp\/v2\/media\/47119"}],"wp:attachment":[{"href":"https:\/\/www.noticiasnewswire.com\/es\/wp-json\/wp\/v2\/media?parent=47122"}],"wp:term":[{"taxonomy":"category","embeddable":true,"href":"https:\/\/www.noticiasnewswire.com\/es\/wp-json\/wp\/v2\/categories?post=47122"},{"taxonomy":"post_tag","embeddable":true,"href":"https:\/\/www.noticiasnewswire.com\/es\/wp-json\/wp\/v2\/tags?post=47122"}],"curies":[{"name":"wp","href":"https:\/\/api.w.org\/{rel}","templated":true}]}}