{"id":48262,"date":"2023-06-28T12:00:16","date_gmt":"2023-06-28T16:00:16","guid":{"rendered":"https:\/\/www.noticiasnewswire.com\/?p=48262"},"modified":"2023-06-28T08:55:15","modified_gmt":"2023-06-28T12:55:15","slug":"carolina-m-veira-reconocida","status":"publish","type":"post","link":"https:\/\/www.noticiasnewswire.com\/es\/carolina-m-veira-reconocida\/","title":{"rendered":"Carolina M. Veira reconocida como una \u2018Voz Diversa 2023\u2019 por South Florida Business Journal"},"content":{"rendered":"<p>MIAMI, FL \u2014 27 de junio de 2023 \u2014 (<a href=\"https:\/\/www.noticiasnewswire.com\/es\/\">NOTICIAS NEWSWIRE<\/a>) \u2014 Carolina Veira, destacada l\u00edder y defensora de la diversidad, el impacto y la inclusi\u00f3n, y vicepresidenta de asociaciones comunitarias y corporativas de CareMax, Inc. fue seleccionada como una de las Voces Diversas 2023 por South Florida Business Journal.<\/p>\n<p>Este prestigioso reconocimiento destaca las contribuciones excepcionales de Carolina para fomentar comunidades m\u00e1s inclusivas y su dedicaci\u00f3n para promover la diversidad en Florida, Estados Unidos e internacionalmente.<\/p>\n<p>\u00abMe siento profundamente honrada de ser reconocida como una de las Voces Diversas 2023 por el South Florida Business Journal\u00bb, dijo Carolina Veira. \u00abLa diversidad y la inclusi\u00f3n no son solo palabras de moda, son pilares esenciales para construir negocios y comunidades fuertes y sostenibles. Me comprometo a continuar mi trabajo para abogar por una mayor representaci\u00f3n, ser una voz para los dem\u00e1s y crear igualdad de oportunidades para todos\u00bb.<\/p>\n<p>Como una apasionada defensora de la inclusi\u00f3n, Carolina Veira se ha esforzado constantemente por crear oportunidades para grupos subrepresentados y ha demostrado un compromiso inquebrantable para derribar barreras y empoderar a personas de todos los or\u00edgenes.<\/p>\n<p>Recibi\u00f3 el Premio al Liderazgo Hispano 2023 de la C\u00e1mara de Comercio Hispana del Sur de Florida, el Premio Maestro en Ultimate Drive 2022 de Latino Leaders y fue reconocida como Mujer Hispana de Distinci\u00f3n 2021. Carolina tambi\u00e9n es miembro de la Junta Directiva de Deliver the Dream.<\/p>\n<p>El reconocimiento de Carolina Veira como una de las Voces Diversas 2023 por el South Florida Business Journal destaca sus logros excepcionales en la promoci\u00f3n de la diversidad, la equidad y la inclusi\u00f3n y su fuerte compromiso con la sostenibilidad, el impacto y la responsabilidad social.<\/p>\n<p>Para obtener m\u00e1s informaci\u00f3n sobre Carolina M. Veira, visite <a href=\"https:\/\/www.carolinaveira.com\" target=\"_blank\" rel=\"noopener\">www.carolinaveira.com<\/a><\/p>\n<h3>Sobre Carolina M. Veira<\/h3>\n<p>Carolina Veira es una reconocida l\u00edder y defensora de la diversidad, la inclusi\u00f3n financiera y la salud. Con una s\u00f3lida formaci\u00f3n en finanzas y sostenibilidad, ha desempe\u00f1ado un papel fundamental en el impulso de iniciativas ESG y la creaci\u00f3n de entornos de trabajo m\u00e1s inclusivos. El compromiso, la inclusi\u00f3n y el impacto de Carolina se extienden m\u00e1s all\u00e1 de su carrera profesional, ya que participa activamente en iniciativas comunitarias, capacitaci\u00f3n y tutor\u00eda y ofrece su tiempo como voluntaria para ayudar a las comunidades subrepresentadas.<\/p>\n","protected":false},"excerpt":{"rendered":"<h3><em>\u2014 Carolina Veira, Vicepresidenta de Asociaciones Comunitarias y Corporativas de CareMax, Inc. se encuentra entre los veinticinco ejecutivos diversos que sobresalen en los negocios de los tres condados elogiados por sus logros profesionales, participaci\u00f3n comunitaria, esfuerzos de liderazgo y apoyo a las mejores pr\u00e1cticas de diversidad e inclusi\u00f3n \u2014<\/em><\/h3>\n","protected":false},"author":15,"featured_media":48252,"comment_status":"closed","ping_status":"open","sticky":false,"template":"","format":"standard","meta":{"_acf_changed":false,"_genesis_hide_title":false,"_genesis_hide_breadcrumbs":false,"_genesis_hide_singular_image":false,"_genesis_hide_footer_widgets":false,"_genesis_custom_body_class":"","_genesis_custom_post_class":"","_genesis_layout":"","footnotes":""},"categories":[2348,2355],"tags":[],"class_list":{"0":"post-48262","1":"post","2":"type-post","3":"status-publish","4":"format-standard","5":"has-post-thumbnail","7":"category-negocios-finanzas","8":"category-salud","9":"entry"},"acf":[],"featured_image_src":"https:\/\/www.noticiasnewswire.com\/wp-content\/uploads\/2023\/06\/featured-image-33-600x400.jpg","featured_image_src_square":"https:\/\/www.noticiasnewswire.com\/wp-content\/uploads\/2023\/06\/featured-image-33-600x463.jpg","author_info":{"display_name":"vicente","author_link":"https:\/\/www.noticiasnewswire.com\/es\/author\/vicente\/"},"_links":{"self":[{"href":"https:\/\/www.noticiasnewswire.com\/es\/wp-json\/wp\/v2\/posts\/48262","targetHints":{"allow":["GET"]}}],"collection":[{"href":"https:\/\/www.noticiasnewswire.com\/es\/wp-json\/wp\/v2\/posts"}],"about":[{"href":"https:\/\/www.noticiasnewswire.com\/es\/wp-json\/wp\/v2\/types\/post"}],"author":[{"embeddable":true,"href":"https:\/\/www.noticiasnewswire.com\/es\/wp-json\/wp\/v2\/users\/15"}],"replies":[{"embeddable":true,"href":"https:\/\/www.noticiasnewswire.com\/es\/wp-json\/wp\/v2\/comments?post=48262"}],"version-history":[{"count":0,"href":"https:\/\/www.noticiasnewswire.com\/es\/wp-json\/wp\/v2\/posts\/48262\/revisions"}],"wp:featuredmedia":[{"embeddable":true,"href":"https:\/\/www.noticiasnewswire.com\/es\/wp-json\/wp\/v2\/media\/48252"}],"wp:attachment":[{"href":"https:\/\/www.noticiasnewswire.com\/es\/wp-json\/wp\/v2\/media?parent=48262"}],"wp:term":[{"taxonomy":"category","embeddable":true,"href":"https:\/\/www.noticiasnewswire.com\/es\/wp-json\/wp\/v2\/categories?post=48262"},{"taxonomy":"post_tag","embeddable":true,"href":"https:\/\/www.noticiasnewswire.com\/es\/wp-json\/wp\/v2\/tags?post=48262"}],"curies":[{"name":"wp","href":"https:\/\/api.w.org\/{rel}","templated":true}]}}