{"id":48299,"date":"2023-06-30T17:05:31","date_gmt":"2023-06-30T21:05:31","guid":{"rendered":"https:\/\/www.noticiasnewswire.com\/?p=48299"},"modified":"2023-07-01T10:42:02","modified_gmt":"2023-07-01T14:42:02","slug":"electrify-america-agregara-conector","status":"publish","type":"post","link":"https:\/\/www.noticiasnewswire.com\/es\/electrify-america-agregara-conector\/","title":{"rendered":"Electrify Am\u00e9rica agregar\u00e1 el conector del est\u00e1ndar de carga de Am\u00e9rica del Norte (NACS) para el 2025"},"content":{"rendered":"<p>MIAMI, FL \u2014 30 de junio de 2023 \u2014 (<a href=\"https:\/\/www.noticiasnewswire.com\/es\/\">NOTICIAS NEWSWIRE<\/a>) \u2014 <a href=\"https:\/\/www.electrifyamerica.com\/\" target=\"_blank\" rel=\"noopener\">Electrify America<\/a> anunci\u00f3 hoy que agregar\u00e1 el conector del est\u00e1ndar de carga norteamericano (NACS) a las redes de carga r\u00e1pida de Electrify Am\u00e9rica y Electrify Canad\u00e1 como parte del compromiso de la compa\u00f1\u00eda de ampliar las soluciones de carga para los conductores de veh\u00edculos el\u00e9ctricos (EV) hoy y en el futuro.<\/p>\n<p>Electrify Am\u00e9rica continuar\u00e1 brindando el conector del Sistema de carga combinado (CCS-1) en toda su red a medida que realiza la transici\u00f3n para admitir tambi\u00e9n a los fabricantes de autom\u00f3viles que agregan puertos de carga NACS.<\/p>\n<p>La compa\u00f1\u00eda trabajar\u00e1 para ofrecer una opci\u00f3n de conector NACS en las estaciones de carga existentes y futuras para 2025 para que la carga sea lo m\u00e1s conveniente posible para los propietarios de veh\u00edculos el\u00e9ctricos.<\/p>\n<p>\u201cDesde nuestra fundaci\u00f3n, nos hemos centrado en construir una red de carga hiperr\u00e1pida inclusiva y abierta para facilitar la adopci\u00f3n de veh\u00edculos el\u00e9ctricos\u201d, dijo Robert Barrosa, presidente y director ejecutivo de Electrify Am\u00e9rica.<\/p>\n<p>\u201cEsperamos continuar respaldando los est\u00e1ndares de toda la industria que aumentan la interoperabilidad de los veh\u00edculos y agilizan la carga p\u00fablica\u201d.<\/p>\n<p>Adem\u00e1s de trabajar con la Iniciativa de Interfaz de Carga (CharIN) y SAE International, Electrify Am\u00e9rica participa en el Consorcio Nacional de Experiencia de Carga (ChargeX), recientemente creado, que se centrar\u00e1 en fortalecer la infraestructura de carga nacional y mejorar la experiencia de propiedad de veh\u00edculos el\u00e9ctricos.<\/p>\n<h3>A medida que se acelera la movilidad el\u00e9ctrica, Electrify Am\u00e9rica continuar\u00e1 brindando lo que los clientes necesitan.<\/h3>\n<p>La adici\u00f3n del conector NACS contin\u00faa el compromiso de Electrify Am\u00e9rica de impulsar la adopci\u00f3n de veh\u00edculos el\u00e9ctricos y su enfoque en proporcionar una carga ultrarr\u00e1pida para todos los veh\u00edculos el\u00e9ctricos.<\/p>\n<p>La red de carga r\u00e1pida cuenta con m\u00e1s de 850 estaciones de carga con unos 4.000 cargadores individuales en Estados Unidos y Canad\u00e1. Las estaciones Electrify Am\u00e9rica y Electrify Canad\u00e1 cuentan con cargadores de 150 kilovatios (kW) y 350 kW, algunas de las velocidades de carga m\u00e1s r\u00e1pidas disponibles en la actualidad.<\/p>\n<p>Al abrir la red de carga r\u00e1pida de Electrify Am\u00e9rica a los cientos de miles de conductores de EV actuales y futuros, apoyar\u00e1 el crecimiento de la industria de EV al brindar m\u00e1s opciones de carga.<\/p>\n<p>A medida que la inclusi\u00f3n de la compa\u00f1\u00eda del conector NACS contin\u00faa evolucionando, Electrify Am\u00e9rica compartir\u00e1 m\u00e1s actualizaciones sobre su progreso, junto con los planes de actualizaci\u00f3n de estaciones actuales y futuras en los pr\u00f3ximos meses.<\/p>\n","protected":false},"excerpt":{"rendered":"<h3><em>\u2014 Por Enrique Kogan \u2014<\/em><\/h3>\n","protected":false},"author":15,"featured_media":48294,"comment_status":"closed","ping_status":"open","sticky":false,"template":"","format":"standard","meta":{"_acf_changed":false,"_genesis_hide_title":false,"_genesis_hide_breadcrumbs":false,"_genesis_hide_singular_image":false,"_genesis_hide_footer_widgets":false,"_genesis_custom_body_class":"","_genesis_custom_post_class":"","_genesis_layout":"","footnotes":""},"categories":[2347,2354],"tags":[],"class_list":{"0":"post-48299","1":"post","2":"type-post","3":"status-publish","4":"format-standard","5":"has-post-thumbnail","7":"category-automotriz","8":"category-noticias-generales","9":"entry"},"acf":[],"featured_image_src":"https:\/\/www.noticiasnewswire.com\/wp-content\/uploads\/2023\/06\/featured-image-36-600x400.jpg","featured_image_src_square":"https:\/\/www.noticiasnewswire.com\/wp-content\/uploads\/2023\/06\/featured-image-36-600x463.jpg","author_info":{"display_name":"vicente","author_link":"https:\/\/www.noticiasnewswire.com\/es\/author\/vicente\/"},"_links":{"self":[{"href":"https:\/\/www.noticiasnewswire.com\/es\/wp-json\/wp\/v2\/posts\/48299","targetHints":{"allow":["GET"]}}],"collection":[{"href":"https:\/\/www.noticiasnewswire.com\/es\/wp-json\/wp\/v2\/posts"}],"about":[{"href":"https:\/\/www.noticiasnewswire.com\/es\/wp-json\/wp\/v2\/types\/post"}],"author":[{"embeddable":true,"href":"https:\/\/www.noticiasnewswire.com\/es\/wp-json\/wp\/v2\/users\/15"}],"replies":[{"embeddable":true,"href":"https:\/\/www.noticiasnewswire.com\/es\/wp-json\/wp\/v2\/comments?post=48299"}],"version-history":[{"count":0,"href":"https:\/\/www.noticiasnewswire.com\/es\/wp-json\/wp\/v2\/posts\/48299\/revisions"}],"wp:featuredmedia":[{"embeddable":true,"href":"https:\/\/www.noticiasnewswire.com\/es\/wp-json\/wp\/v2\/media\/48294"}],"wp:attachment":[{"href":"https:\/\/www.noticiasnewswire.com\/es\/wp-json\/wp\/v2\/media?parent=48299"}],"wp:term":[{"taxonomy":"category","embeddable":true,"href":"https:\/\/www.noticiasnewswire.com\/es\/wp-json\/wp\/v2\/categories?post=48299"},{"taxonomy":"post_tag","embeddable":true,"href":"https:\/\/www.noticiasnewswire.com\/es\/wp-json\/wp\/v2\/tags?post=48299"}],"curies":[{"name":"wp","href":"https:\/\/api.w.org\/{rel}","templated":true}]}}