{"id":48609,"date":"2023-07-17T14:15:09","date_gmt":"2023-07-17T18:15:09","guid":{"rendered":"https:\/\/www.noticiasnewswire.com\/?p=48609"},"modified":"2023-07-18T12:01:16","modified_gmt":"2023-07-18T16:01:16","slug":"mitsubishi-protagonizara-electrify-expo","status":"publish","type":"post","link":"https:\/\/www.noticiasnewswire.com\/es\/mitsubishi-protagonizara-electrify-expo\/","title":{"rendered":"El galardonado h\u00edbrido enchufable Outlander de Mitsubishi protagonizar\u00e1 la Electrify Expo en Washington, D.C."},"content":{"rendered":"<p>MIAMI, FL \u2014 17 de julio de 2023 \u2014 (<a href=\"https:\/\/www.noticiasnewswire.com\/es\/\">NOTICIAS NEWSWIRE<\/a>) \u2014 Mitsubishi Motors North America, Inc. (MMNA) anunci\u00f3 que exhibir\u00e1 el Mitsubishi Outlander Plug-in H\u00edbrido del 2023 en la pr\u00f3xima Electrify Expo en Washington, D.C.<\/p>\n<p>El SUV h\u00edbrido enchufable Outlander del 2023, que ha recibido m\u00faltiples premios y ha disfrutado de excelentes cr\u00edticas de los medios y los clientes, estar\u00e1 en exhibici\u00f3n est\u00e1tica y disponible para pruebas de manejo en cada evento de Electrify Expo en 2023.<\/p>\n<p>El pr\u00f3ximo espect\u00e1culo se llevar\u00e1 a cabo en Washington, D.C. en el RFK Stadium los d\u00edas 22 y 23 de julio, con visitas posteriores a Nueva York, Seattle, Miami y Austin, Texas.<\/p>\n<p>Siendo Washington, D.C. el epicentro de nuestro discurso nacional sobre las emisiones y la descarbonizaci\u00f3n del sector del transporte, el h\u00edbrido enchufable de Mitsubishi ofrece un puente hacia el futuro, brindando la tecnolog\u00eda adecuada en el momento adecuado para los clientes interesados en soluciones m\u00e1s ecol\u00f3gicas. pero a\u00fan no est\u00e1 listo para dar el salto a un veh\u00edculo el\u00e9ctrico de bater\u00eda completa.<\/p>\n<p>\u00abElectrify Expo es el lugar perfecto para presentar el galardonado Outlander Plug-in H\u00edbrido del 2023 a los clientes que buscan dar un paso inicial hacia la movilidad electrificada\u00bb, dijo Mark Chaffin, presidente y director ejecutivo de MMNA.<\/p>\n<p>\u00abComo l\u00edder en electrificaci\u00f3n, el Outlander Plug-in Hybrid es un primer paso l\u00f3gico para muchos consumidores motivados por la conciencia ambiental, pero que pueden no estar listos para apostar solo por la energ\u00eda de la bater\u00eda.<\/p>\n<p>El Outlander Plug-in H\u00edbrido del 2023 combina la conducci\u00f3n limpia y silenciosa de un veh\u00edculo el\u00e9ctrico con el alcance y la facilidad de recarga de gasolina.<\/p>\n<p>Cuando los clientes vean el exquisito estilo exterior e interior junto con la tecnolog\u00eda avanzada y la facilidad con la que el veh\u00edculo cambia de los respectivos trenes motrices, estamos seguros de que querr\u00e1n un Outlander en su camino de entrada\u00bb.<\/p>\n<p>Desde su lanzamiento en diciembre del 2022, el Outlander Plug-in H\u00edbrido del 2023 ha obtenido premios y elogios de los medios por su estilo interior y exterior, din\u00e1mica de manejo, sistema de tracci\u00f3n en las cuatro ruedas Super All-Wheel Control (S-AWC)5 y combinaci\u00f3n de sistemas de propulsi\u00f3n el\u00e9ctricos y de gasolina.<\/p>\n<p>A partir de un precio de entrada de $39,845 d\u00f3lares para el Outlander Plug-in H\u00edbrido ES del 2023, el modelo insignia de siete pasajeros de Mitsubishi Motors es el veh\u00edculo mejor equipado y m\u00e1s conectado que la marca haya vendido jam\u00e1s en los EE. UU.<\/p>\n<p>Todos los niveles de equipamiento ofrecen 38 millas de autonom\u00eda totalmente el\u00e9ctrica, hasta 420 millas de autonom\u00eda general, y los modelos SEL y superiores son los \u00fanicos EV h\u00edbridos enchufables del mercado masivo con capacidad de carga r\u00e1pida de CC, capaces de llenar el paquete de bater\u00edas de 20kWh al 80% de su capacidad en solo 38 minutos.<\/p>\n<p>Electrify Expo es el festival de veh\u00edculos el\u00e9ctricos n\u00famero uno en Am\u00e9rica del Norte y atrae a m\u00e1s consumidores curiosos que cualquier otro evento en el pa\u00eds.<\/p>\n<p>Con m\u00e1s de un mill\u00f3n de pies cuadrados de pantallas, junto con un componente robusto de prueba de manejo, Electrify Expo brinda a los asistentes una experiencia de inmersi\u00f3n total en el mundo de la electrificaci\u00f3n de veh\u00edculos con la oportunidad de \u00abprobar antes de comprar\u00bb.<\/p>\n<p>Para obtener m\u00e1s informaci\u00f3n sobre Electrify Expo, visite\u00a0<a href=\"http:\/\/www.electrifyexpo.com\/\" target=\"_blank\" rel=\"noopener\">www.electrifyexpo.com<\/a>.<\/p>\n<p><strong>Calendario de la Expo Electrify 2023<br \/>\n<\/strong>18-21 de mayo Centro de Convenciones de Long Beach Long Beach, California<br \/>\n24-25 de junio Alameda Point San Francisco<br \/>\n22 y 23 de julio Estadio RFK Washington, D.C.<br \/>\n12 y 13 de agosto Nassau Coliseum Long Island, Nueva York<br \/>\n9-10 de septiembre Marymoor Park Redmond, Washington<br \/>\n14-15 de octubre Recinto ferial de Miami Dade Miami<br \/>\n10-12 de noviembre Circuito de las Am\u00e9ricas Austin, Texas<\/p>\n","protected":false},"excerpt":{"rendered":"<h3><em>\u2014 Por Enrique Kogan \u2014<\/em><\/h3>\n","protected":false},"author":15,"featured_media":48606,"comment_status":"closed","ping_status":"open","sticky":false,"template":"","format":"standard","meta":{"_acf_changed":false,"_genesis_hide_title":false,"_genesis_hide_breadcrumbs":false,"_genesis_hide_singular_image":false,"_genesis_hide_footer_widgets":false,"_genesis_custom_body_class":"","_genesis_custom_post_class":"","_genesis_layout":"","footnotes":""},"categories":[2347,2354],"tags":[],"class_list":{"0":"post-48609","1":"post","2":"type-post","3":"status-publish","4":"format-standard","5":"has-post-thumbnail","7":"category-automotriz","8":"category-noticias-generales","9":"entry"},"acf":[],"featured_image_src":"https:\/\/www.noticiasnewswire.com\/wp-content\/uploads\/2023\/07\/featured-image-07171-600x400.jpg","featured_image_src_square":"https:\/\/www.noticiasnewswire.com\/wp-content\/uploads\/2023\/07\/featured-image-07171-600x463.jpg","author_info":{"display_name":"vicente","author_link":"https:\/\/www.noticiasnewswire.com\/es\/author\/vicente\/"},"_links":{"self":[{"href":"https:\/\/www.noticiasnewswire.com\/es\/wp-json\/wp\/v2\/posts\/48609","targetHints":{"allow":["GET"]}}],"collection":[{"href":"https:\/\/www.noticiasnewswire.com\/es\/wp-json\/wp\/v2\/posts"}],"about":[{"href":"https:\/\/www.noticiasnewswire.com\/es\/wp-json\/wp\/v2\/types\/post"}],"author":[{"embeddable":true,"href":"https:\/\/www.noticiasnewswire.com\/es\/wp-json\/wp\/v2\/users\/15"}],"replies":[{"embeddable":true,"href":"https:\/\/www.noticiasnewswire.com\/es\/wp-json\/wp\/v2\/comments?post=48609"}],"version-history":[{"count":0,"href":"https:\/\/www.noticiasnewswire.com\/es\/wp-json\/wp\/v2\/posts\/48609\/revisions"}],"wp:featuredmedia":[{"embeddable":true,"href":"https:\/\/www.noticiasnewswire.com\/es\/wp-json\/wp\/v2\/media\/48606"}],"wp:attachment":[{"href":"https:\/\/www.noticiasnewswire.com\/es\/wp-json\/wp\/v2\/media?parent=48609"}],"wp:term":[{"taxonomy":"category","embeddable":true,"href":"https:\/\/www.noticiasnewswire.com\/es\/wp-json\/wp\/v2\/categories?post=48609"},{"taxonomy":"post_tag","embeddable":true,"href":"https:\/\/www.noticiasnewswire.com\/es\/wp-json\/wp\/v2\/tags?post=48609"}],"curies":[{"name":"wp","href":"https:\/\/api.w.org\/{rel}","templated":true}]}}