{"id":48974,"date":"2023-08-08T08:39:49","date_gmt":"2023-08-08T12:39:49","guid":{"rendered":"https:\/\/www.noticiasnewswire.com\/?p=48974"},"modified":"2023-08-10T09:00:56","modified_gmt":"2023-08-10T13:00:56","slug":"kia-se-conectara-a-la-electrify-expo","status":"publish","type":"post","link":"https:\/\/www.noticiasnewswire.com\/es\/kia-se-conectara-a-la-electrify-expo\/","title":{"rendered":"Kia se conectar\u00e1 con toda su gama de veh\u00edculos el\u00e9ctricos a la Electrify Expo de New York"},"content":{"rendered":"<iframe loading=\"lazy\" class=\"youtube\" width=\"304\" height=\"186\" src=\"https:\/\/youtube.com\/embed\/nQQT88JI9K8?wmode=transparent\" frameborder=\"0\" wmode=\"transparent\"><\/iframe> <p>MIAMI, FL \u2014 8 de agosto de 2023 \u2014 (<a href=\"https:\/\/www.noticiasnewswire.com\/es\/\">NOTICIAS NEWSWIRE<\/a>) \u2014 Kia se conectar\u00e1 a Electrify Expo New York, del 12 al 13 de agosto, en Nassau Coliseum en Uniondale como parte de la campa\u00f1a continua de la marca para educar a los consumidores sobre la facilidad de poseer veh\u00edculos el\u00e9ctricos al llevar su galardonada l\u00ednea de veh\u00edculos el\u00e9ctricos a Electrify Expo.<\/p>\n<p>En este evento, los asistentes pueden obtener m\u00e1s informaci\u00f3n sobre los beneficios de ser propietario de un veh\u00edculo el\u00e9ctrico, obtener informaci\u00f3n valiosa sobre lo que implica ser propietario de un veh\u00edculo el\u00e9ctrico y experimentar los veh\u00edculos el\u00e9ctricos de primera mano.<\/p>\n<p>En Nueva York, el Kia EV6 y el modelo Niro EV estar\u00e1n disponibles para pruebas de manejo. Los asistentes a Electrify Expo New York tambi\u00e9n estar\u00e1n entre los primeros consumidores en ver el pr\u00f3ximo EV9 completamente nuevo, el primer SUV el\u00e9ctrico de tres filas de asientos de Kia.<\/p>\n<p>Recientemente, Kia Am\u00e9rica fue la \u00fanica empresa automotriz incluida en la lista de empresas m\u00e1s influyentes de 2023 TIME100. Kia fue reconocida por el enfoque de la marca en convertirse en l\u00edder en movilidad al popularizar los veh\u00edculos el\u00e9ctricos y ofrecer soluciones de movilidad sostenible, incluidos veh\u00edculos especialmente dise\u00f1ados, y promover una producci\u00f3n m\u00e1s sostenible mediante el uso de materiales reciclables y energ\u00eda limpia como miembro de RE100 de Climate Group.<\/p>\n<p>Electrify Expo New York es el primer evento de electrificaci\u00f3n a gran escala en el que participar\u00e1 Kia desde que se anunci\u00f3 que la marca es uno de los siete fabricantes de autom\u00f3viles l\u00edderes que trabajan juntos para desarrollar una red nacional de 30,000 estaciones de carga en un esfuerzo por acelerar la transici\u00f3n a los veh\u00edculos el\u00e9ctricos. y hacer que la conducci\u00f3n con cero emisiones sea a\u00fan m\u00e1s accesible.<\/p>\n<p>Otras marcas que participan en la empresa conjunta incluyen BMW Group, General Motors, Honda, Hyundai, Mercedes-Benz Group y Stellantis NV.<\/p>\n<p>\u00abElectrify Expo es el mejor lugar para aprender sobre veh\u00edculos el\u00e9ctricos, experimentar el compromiso de Kia con la movilidad sostenible y comprender el impacto que tendr\u00e1 esta nueva red nacional de estaciones de carga en las comunidades locales\u00bb, dijo Steven Center, director de operaciones y vicepresidente ejecutivo de Kia Am\u00e9rica.<\/p>\n<p>\u201cCon nuestra l\u00ednea de clase mundial de modelos electrificados galardonados que ganan popularidad continuamente, consideramos los eventos de Electrified Expo como una forma de llegar a m\u00e1s consumidores y conocer no solo sus actitudes hacia la electrificaci\u00f3n, sino tambi\u00e9n disipar algunos de los mitos generalizados. sobre el impacto que tendr\u00e1 la transici\u00f3n a los veh\u00edculos el\u00e9ctricos en su vida cotidiana\u201d.<\/p>\n<p>Kia tambi\u00e9n ha producido una serie de videos educativos titulados Kia EV Education 101: una introducci\u00f3n a los h\u00edbridos y los veh\u00edculos el\u00e9ctricos que brindan mayor claridad y comprensi\u00f3n de la experiencia de propiedad de veh\u00edculos el\u00e9ctricos.<\/p>\n<p><a href=\"https:\/\/youtu.be\/nQQT88JI9K8\" target=\"_blank\" rel=\"noopener\">https:\/\/youtu.be\/nQQT88JI9K8<\/a><\/p>\n<p>Disponible sin costo a trav\u00e9s del canal de YouTube de Kia Am\u00e9rica, la serie de videos puede ayudar a educar a los consumidores sobre los diversos aspectos de poseer un veh\u00edculo h\u00edbrido o el\u00e9ctrico, incluidos los t\u00e9rminos de uso com\u00fan; las diferencias entre veh\u00edculos h\u00edbridos y totalmente el\u00e9ctricos; en casa vs carga p\u00fablica; ahorro de costes de veh\u00edculos el\u00e9ctricos; maximizar la duraci\u00f3n de la bater\u00eda; qu\u00e9 significa rango y c\u00f3mo planificar los viajes por carretera.<\/p>\n<p>Los asistentes y los l\u00edderes de la industria discutir\u00e1n la legislaci\u00f3n que afecta a la industria de los veh\u00edculos el\u00e9ctricos, la ansiedad por la autonom\u00eda, los materiales y la sostenibilidad de las bater\u00edas, la infraestructura de carga, el futuro de las aplicaciones de conducci\u00f3n aut\u00f3noma y las barreras de la cadena de suministro.<\/p>\n<p>Para obtener m\u00e1s informaci\u00f3n sobre Electrify Expo, visite\u00a0<a href=\"http:\/\/www.electrifyexpo.com\/\" target=\"_blank\" rel=\"noopener\" data-saferedirecturl=\"https:\/\/www.google.com\/url?q=http:\/\/www.electrifyexpo.com&amp;source=gmail&amp;ust=1691583687165000&amp;usg=AOvVaw0kGObw8fL1Zz50q01c_DNW\">www.electrifyexpo.com<\/a>.<\/p>\n<h3>Calendario de la Expo Electrify 2023<\/h3>\n<p>18-21 de mayo Centro de Convenciones de Long Beach Long Beach, California<br \/>\n24-25 de junio Punta Alameda San Francisco<br \/>\n22 y 23 de julio Estadio RFK Washington, D.C.<br \/>\n12 y 13 de agosto Nassau Coliseum Long Island, Nueva York<br \/>\n9-10 de septiembre Parque Marymoor Redmond, Washington<br \/>\n14-15 de octubre Recinto ferial de Miami Dade Miami<br \/>\n10-12 de noviembre Circuito de las Am\u00e9ricas Austin, Texas<\/p>\n","protected":false},"excerpt":{"rendered":"<h3><em>\u2014 Por Enrique Kogan \u2014<\/em><\/h3>\n","protected":false},"author":15,"featured_media":48970,"comment_status":"closed","ping_status":"open","sticky":false,"template":"","format":"standard","meta":{"_acf_changed":false,"_genesis_hide_title":false,"_genesis_hide_breadcrumbs":false,"_genesis_hide_singular_image":false,"_genesis_hide_footer_widgets":false,"_genesis_custom_body_class":"","_genesis_custom_post_class":"","_genesis_layout":"","footnotes":""},"categories":[2347,2354],"tags":[],"class_list":{"0":"post-48974","1":"post","2":"type-post","3":"status-publish","4":"format-standard","5":"has-post-thumbnail","7":"category-automotriz","8":"category-noticias-generales","9":"entry"},"acf":[],"featured_image_src":"https:\/\/www.noticiasnewswire.com\/wp-content\/uploads\/2023\/08\/featured-image-08082-600x400.jpg","featured_image_src_square":"https:\/\/www.noticiasnewswire.com\/wp-content\/uploads\/2023\/08\/featured-image-08082-600x463.jpg","author_info":{"display_name":"vicente","author_link":"https:\/\/www.noticiasnewswire.com\/es\/author\/vicente\/"},"_links":{"self":[{"href":"https:\/\/www.noticiasnewswire.com\/es\/wp-json\/wp\/v2\/posts\/48974","targetHints":{"allow":["GET"]}}],"collection":[{"href":"https:\/\/www.noticiasnewswire.com\/es\/wp-json\/wp\/v2\/posts"}],"about":[{"href":"https:\/\/www.noticiasnewswire.com\/es\/wp-json\/wp\/v2\/types\/post"}],"author":[{"embeddable":true,"href":"https:\/\/www.noticiasnewswire.com\/es\/wp-json\/wp\/v2\/users\/15"}],"replies":[{"embeddable":true,"href":"https:\/\/www.noticiasnewswire.com\/es\/wp-json\/wp\/v2\/comments?post=48974"}],"version-history":[{"count":0,"href":"https:\/\/www.noticiasnewswire.com\/es\/wp-json\/wp\/v2\/posts\/48974\/revisions"}],"wp:featuredmedia":[{"embeddable":true,"href":"https:\/\/www.noticiasnewswire.com\/es\/wp-json\/wp\/v2\/media\/48970"}],"wp:attachment":[{"href":"https:\/\/www.noticiasnewswire.com\/es\/wp-json\/wp\/v2\/media?parent=48974"}],"wp:term":[{"taxonomy":"category","embeddable":true,"href":"https:\/\/www.noticiasnewswire.com\/es\/wp-json\/wp\/v2\/categories?post=48974"},{"taxonomy":"post_tag","embeddable":true,"href":"https:\/\/www.noticiasnewswire.com\/es\/wp-json\/wp\/v2\/tags?post=48974"}],"curies":[{"name":"wp","href":"https:\/\/api.w.org\/{rel}","templated":true}]}}