{"id":50348,"date":"2023-11-09T14:18:26","date_gmt":"2023-11-09T19:18:26","guid":{"rendered":"https:\/\/www.noticiasnewswire.com\/?p=50348"},"modified":"2023-11-09T15:02:40","modified_gmt":"2023-11-09T20:02:40","slug":"martha-ventura-en-ejecutiva-magazine","status":"publish","type":"post","link":"https:\/\/www.noticiasnewswire.com\/es\/martha-ventura-en-ejecutiva-magazine\/","title":{"rendered":"Martha Ventura de T-mobile es la portada de la nueva edici\u00f3n de Ejecutiva Magazine"},"content":{"rendered":"<p>MIAMI, FL \u2014 November 9, 2023 \u2014 (<a href=\"https:\/\/www.noticiasnewswire.com\/es\/\">NOTICIAS NEWSWIRE<\/a>) \u2014  La revista Ejecutiva Magazine lanz\u00f3 su nueva edici\u00f3n con una portada y entrevista con la empresaria Martha Ventura, que cuenta con una impresionante carrera de m\u00e1s de 30 a\u00f1os en el campo de las telecomunicaciones. Ventura ha dedicado 26 de esos a\u00f1os al mundo de la tecnolog\u00eda inal\u00e1mbrica. Desde sus comienzos como ingeniera s\u00e9nior en Pacific Bell Mobile Services hasta su actual posici\u00f3n como vicepresidenta en T-Mobile, Martha ha demostrado un compromiso inquebrantable con el crecimiento y la excelencia en su campo.\u00a0<\/p>\n<p>Desde Ejecutiva Magazine, tuvimos la oportunidad de entrevistar a Martha Ventura para que nos contara acerca de su trayectoria profesional, sobre c\u00f3mo logr\u00f3 sobresalir en un campo predominado por hombres y c\u00f3mo empodera y motiva actualmente a mujeres que quieran desarrollarse profesionalmente en el campo STEM (<i>Science, Technology, Engineering and Mathematics<\/i>).<\/p>\n<p>\u201cEstamos muy entusiasmados con esta edici\u00f3n de Ejecutiva ya que pudimos contar una gran historia de \u00e9xito, como lo es el caso de Martha Ventura, quien se abri\u00f3 paso en un sector dominado por hombres, lo que es un doble m\u00e9rito para esta empresaria\u201d, asegur\u00f3 Karen Blanco, co-fundadora de Ejecutiva Magazine.\u00a0<\/p>\n<p>\u201cAl reflexionar sobre mi trayectoria profesional en T-Mobile, hay tres factores fundamentales que han contribuido significativamente a mi \u00e9xito. En primer lugar, he mantenido un compromiso inquebrantable con el aprendizaje continuo y la voluntad de aceptar nuevos retos. En segundo lugar, soy incre\u00edblemente h\u00e1bil para desenvolverme en una organizaci\u00f3n de este tama\u00f1o y buscar oportunidades para hacer contribuciones significativas. Y, por \u00faltimo, mi trayectoria como profesional de alto rendimiento ha sido crucial para establecer una reputaci\u00f3n de ofrecer constantemente resultados excepcionales\u201d, afirm\u00f3 Martha Ventura, vicepresidente de ingenier\u00eda y operaciones en T-Mobile.\u00a0<\/p>\n<p>El periodista Eduardo Hapke uni\u00f3 fuerzas con la abogada Karen Blanco y crearon en 2013 Ejecutiva Magazine, la \u00fanica revista de negocios en espa\u00f1ol en el sur de Florida enfocadas en mujeres empresarias. Cada 2 meses se publica la revista y se distribuye en el Sur de Florida. Tambi\u00e9n la revista cuenta con su p\u00e1gina web ejecutivamagazine.com que tiene actualizaci\u00f3n diaria de noticias y una gran distribuci\u00f3n de contenidos en las redes sociales.<\/p>\n<p>Ejecutiva Magazine tambi\u00e9n se distribuye a trav\u00e9s de Pressreader, una plataforma digital que cuenta con 7.000 publicaciones en todo el mundo. Hoteles y empresas tienen acceso a esta plataforma de noticias.<\/p>\n<p>Ejecutiva Magazine tambi\u00e9n se publica en la plataforma issuu.com, donde se puede ver la publicaci\u00f3n completa en l\u00ednea.<\/p>\n<p>Ejecutiva Magazine es parte del grupo de medios Acta Diurna Urbis Group Corp. con sede en Miami, Florida, que tambi\u00e9n publica la revista Negocios Magazine, Welcome to America, Salud &amp; Buen Vivir Florida, Hispanic Time y Hispanic Time: Electric Cars Plus.\u00a0<\/p>\n<p>Puede seguir las entrevistas y noticias publicadas en Ejecutiva Magazine a trav\u00e9s de sus redes sociales en Facebook, Instagram, LinkedIn y X.<\/p>\n","protected":false},"excerpt":{"rendered":"<p>MIAMI, FL \u2014 November 9, 2023 \u2014 (NOTICIAS NEWSWIRE) \u2014 La revista Ejecutiva Magazine lanz\u00f3 su nueva edici\u00f3n con una portada y entrevista con la empresaria Martha Ventura, que cuenta con una impresionante carrera de m\u00e1s de 30 a\u00f1os en el campo de las telecomunicaciones. Ventura ha dedicado 26 de esos a\u00f1os al mundo de&#8230; <a href=\"https:\/\/www.noticiasnewswire.com\/es\/martha-ventura-en-ejecutiva-magazine\/\" class=\"learn-btn\">Continue Reading<\/a><\/p>\n","protected":false},"author":15,"featured_media":50341,"comment_status":"closed","ping_status":"closed","sticky":false,"template":"","format":"standard","meta":{"_acf_changed":false,"_genesis_hide_title":false,"_genesis_hide_breadcrumbs":false,"_genesis_hide_singular_image":false,"_genesis_hide_footer_widgets":false,"_genesis_custom_body_class":"","_genesis_custom_post_class":"","_genesis_layout":"","footnotes":""},"categories":[2348,2354],"tags":[],"class_list":{"0":"post-50348","1":"post","2":"type-post","3":"status-publish","4":"format-standard","5":"has-post-thumbnail","7":"category-negocios-finanzas","8":"category-noticias-generales","9":"entry"},"acf":[],"featured_image_src":"https:\/\/www.noticiasnewswire.com\/wp-content\/uploads\/2023\/11\/featured-image-11093-600x400.jpg","featured_image_src_square":"https:\/\/www.noticiasnewswire.com\/wp-content\/uploads\/2023\/11\/featured-image-11093-600x463.jpg","author_info":{"display_name":"vicente","author_link":"https:\/\/www.noticiasnewswire.com\/es\/author\/vicente\/"},"_links":{"self":[{"href":"https:\/\/www.noticiasnewswire.com\/es\/wp-json\/wp\/v2\/posts\/50348","targetHints":{"allow":["GET"]}}],"collection":[{"href":"https:\/\/www.noticiasnewswire.com\/es\/wp-json\/wp\/v2\/posts"}],"about":[{"href":"https:\/\/www.noticiasnewswire.com\/es\/wp-json\/wp\/v2\/types\/post"}],"author":[{"embeddable":true,"href":"https:\/\/www.noticiasnewswire.com\/es\/wp-json\/wp\/v2\/users\/15"}],"replies":[{"embeddable":true,"href":"https:\/\/www.noticiasnewswire.com\/es\/wp-json\/wp\/v2\/comments?post=50348"}],"version-history":[{"count":0,"href":"https:\/\/www.noticiasnewswire.com\/es\/wp-json\/wp\/v2\/posts\/50348\/revisions"}],"wp:featuredmedia":[{"embeddable":true,"href":"https:\/\/www.noticiasnewswire.com\/es\/wp-json\/wp\/v2\/media\/50341"}],"wp:attachment":[{"href":"https:\/\/www.noticiasnewswire.com\/es\/wp-json\/wp\/v2\/media?parent=50348"}],"wp:term":[{"taxonomy":"category","embeddable":true,"href":"https:\/\/www.noticiasnewswire.com\/es\/wp-json\/wp\/v2\/categories?post=50348"},{"taxonomy":"post_tag","embeddable":true,"href":"https:\/\/www.noticiasnewswire.com\/es\/wp-json\/wp\/v2\/tags?post=50348"}],"curies":[{"name":"wp","href":"https:\/\/api.w.org\/{rel}","templated":true}]}}