{"id":50522,"date":"2023-11-16T15:42:33","date_gmt":"2023-11-16T20:42:33","guid":{"rendered":"https:\/\/www.noticiasnewswire.com\/?p=50522"},"modified":"2023-11-16T16:21:35","modified_gmt":"2023-11-16T21:21:35","slug":"volkswagen-presenta-vehiculos-electricos","status":"publish","type":"post","link":"https:\/\/www.noticiasnewswire.com\/es\/volkswagen-presenta-vehiculos-electricos\/","title":{"rendered":"Volkswagen presenta una creciente familia de veh\u00edculos el\u00e9ctricos en el auto show de Los \u00c1ngeles"},"content":{"rendered":"<p>MIAMI, FL \u2014 16 de noviembre de 2023 \u2014 (<a href=\"https:\/\/www.noticiasnewswire.com\/es\/\">NOTICIAS NEWSWIRE<\/a>) \u2014 <a href=\"https:\/\/www.vw.com\" target=\"_blank\" rel=\"noopener\">Volkswagen<\/a> present\u00f3 en el Sal\u00f3n del Autom\u00f3vil de Los \u00c1ngeles 2023, los tres modelos que componen su pr\u00f3xima l\u00ednea norteamericana de veh\u00edculos el\u00e9ctricos.<\/p>\n<p>Abierto al p\u00fablico del 17 al 26 de noviembre en el Centro de Convenciones de Los \u00c1ngeles, el espect\u00e1culo marca la primera vez que ID. Buzz, ID.7 e ID.4 aparecieron juntos en un sal\u00f3n del autom\u00f3vil.<\/p>\n<p>\u00abEs incre\u00edble ver a nuestra familia de veh\u00edculos el\u00e9ctricos junta por primera vez aqu\u00ed en el Auto Show de Los \u00c1ngeles\u00bb, dijo Pablo Di Si, presidente y director ejecutivo del Grupo Volkswagen de Am\u00e9rica.<\/p>\n<p>\u201cNuestro ID.4 ha demostrado ser el veh\u00edculo el\u00e9ctrico adecuado en el momento adecuado para EE. UU. y ser\u00e1 a\u00fan mejor para 2024. El ID. Buzz, nuestro nuevo microb\u00fas de tres filas, y el ID.7, nuestro primer sed\u00e1n premium totalmente el\u00e9ctrico, ofrecen cada uno una est\u00e9tica de dise\u00f1o distinta, algo especial que los consumidores esperan de Volkswagen\u201d.<\/p>\n<p><b><i>Presentado en Huntington Beach, California, a principios de este a\u00f1o, el ID totalmente el\u00e9ctrico de Volkswagen. Buzz rinde homenaje al ic\u00f3nico Microbus de la marca con un dise\u00f1o retro equipado con tecnolog\u00eda EV avanzada y funciones de asistencia al conductor.<\/i><\/b><\/p>\n<p>Con una bater\u00eda estilo patineta de 91 kWh montada debajo del piso, el ID. Buzz ofrece 282 caballos de fuerza en el modelo de tracci\u00f3n trasera y aproximadamente 330 caballos de fuerza en el modelo de tracci\u00f3n total.<\/p>\n<p>El exterior conserva la cl\u00e1sica forma cuadrada con toques retro y colores llamativos, mientras que el interior es espacioso y personalizado, y se ofrece en tres opciones de colores y acabados seleccionados exclusivamente para Norteam\u00e9rica.<\/p>\n<p>El veh\u00edculo cuenta con un techo corredizo panor\u00e1mico electrocr\u00f3mico disponible, iluminaci\u00f3n ambiental multicolor y c\u00f3modos asientos para las tres filas con una multitud de ajustes y opciones de calefacci\u00f3n y ventilaci\u00f3n.<\/p>\n<p>La tecnolog\u00eda moderna incluye una experiencia de infoentretenimiento totalmente conectada con conectividad de dispositivos inal\u00e1mbricos y m\u00faltiples puertos de carga. La identificaci\u00f3n. Buzz estar\u00e1 disponible en el oto\u00f1o de 2024.<\/p>\n<p><i><b>Tambi\u00e9n programado para la segunda mitad de 2024, el ID.7 es el primer Volkswagen totalmente el\u00e9ctrico en la clase de sed\u00e1n mediano alto. Una excelente aerodin\u00e1mica y una nueva transmisi\u00f3n altamente eficaz garantizan una mayor autonom\u00eda.<\/b><\/i><\/p>\n<p>El ID.7 Pro con una bater\u00eda de 82 kWh tiene una autonom\u00eda potencial estimada por el fabricante de hasta 386 millas\/621 kil\u00f3metros (seg\u00fan el ciclo WLTP europeo; la autonom\u00eda estimada por la EPA a\u00fan no est\u00e1 disponible). Con 282 caballos de fuerza y 402 lb-pie de torque, el ID.7 ofrece el motor el\u00e9ctrico m\u00e1s potente y de mayor torque en un modelo Volkswagen EV hasta el momento. Se destaca el excepcional confort de viaje, con un interior espacioso y tecnolog\u00eda premium.<\/p>\n<p>Las caracter\u00edsticas disponibles incluyen el sistema de amortiguaci\u00f3n adaptativa DCC\u00ae, asientos Climatronic\u00ae con refrigeraci\u00f3n y calefacci\u00f3n, as\u00ed como funci\u00f3n de masaje, Park Assist Plus con memoria y un techo corredizo panor\u00e1mico electrocr\u00f3mico.<\/p>\n<p>El techo de cristal y muchas otras funciones del ID.7 tambi\u00e9n se pueden controlar mediante comandos de voz naturales utilizando el nuevo asistente de voz IDA. La gama de opciones se completa con un sistema de sonido harman\/kardon de 700 vatios que cuenta con 14 altavoces de alta gama para una experiencia de audio impresionante.<\/p>\n<p>Presentado por primera vez en 2021, el SUV ID.4 de Volkswagen se ha convertido en el quinto veh\u00edculo el\u00e9ctrico m\u00e1s vendido en Norteam\u00e9rica. El modelo ID.4 de 82 kWh, que contin\u00faa ensambl\u00e1ndose en Chattanooga, Tennessee, recibir\u00e1 una importante actualizaci\u00f3n para el modelo 2024, que saldr\u00e1 a la venta a principios del pr\u00f3ximo a\u00f1o.<\/p>\n<p>Los cambios incluyen una unidad motriz de alto rendimiento m\u00e1s potente que ofrece mayor potencia y alcance que los modelos de a\u00f1os anteriores (282 caballos de fuerza en los modelos de tracci\u00f3n trasera y aproximadamente 330 caballos de fuerza en los modelos AWD), una nueva pantalla de informaci\u00f3n y entretenimiento de 12,9 pulgadas con controles deslizantes retroiluminados. Interfaz de usuario clim\u00e1tica m\u00e1s intuitiva y nueva palanca de cambios.<\/p>\n<p>Adem\u00e1s, los modelos Pro S est\u00e1n equipados con asientos delanteros ventilados, mientras que los modelos Pro S Plus est\u00e1n equipados con un nuevo sistema de audio premium harman\/kardon y llantas de 21 pulgadas.<\/p>\n<p><b><i>Los modelos ID.4 de 2023 son elegibles para el cr\u00e9dito fiscal federal potencial total de hasta $7,500 d\u00f3lares.<\/i><\/b><\/p>\n<p>Seg\u00fan\u00a0<a href=\"http:\/\/fueleconomy.gov\/\" target=\"_blank\" rel=\"noopener\" data-saferedirecturl=\"https:\/\/www.google.com\/url?q=http:\/\/fueleconomy.gov&amp;source=gmail&amp;ust=1700252624175000&amp;usg=AOvVaw0HGpSdz-H7jb36CU_OiMrk\">fueleconomy.gov<\/a>, Volkswagen es actualmente el \u00fanico fabricante de autom\u00f3viles extranjeros que tiene un veh\u00edculo el\u00e9ctrico de bater\u00eda elegible para el cr\u00e9dito fiscal federal completo, dado el ensamblaje y el abastecimiento locales.<\/p>\n<p>M\u00e1s detalles, especificaciones y precios del ID. Buzz e ID.7 se anunciar\u00e1n antes de sus respectivos lanzamientos en 2024.<\/p>\n","protected":false},"excerpt":{"rendered":"<h3><em>\u2014 Por Enrique Kogan \u2014<\/em><\/h3>\n","protected":false},"author":15,"featured_media":50517,"comment_status":"closed","ping_status":"closed","sticky":false,"template":"","format":"standard","meta":{"_acf_changed":false,"_genesis_hide_title":false,"_genesis_hide_breadcrumbs":false,"_genesis_hide_singular_image":false,"_genesis_hide_footer_widgets":false,"_genesis_custom_body_class":"","_genesis_custom_post_class":"","_genesis_layout":"","footnotes":""},"categories":[2347,2354],"tags":[],"class_list":{"0":"post-50522","1":"post","2":"type-post","3":"status-publish","4":"format-standard","5":"has-post-thumbnail","7":"category-automotriz","8":"category-noticias-generales","9":"entry"},"acf":[],"featured_image_src":"https:\/\/www.noticiasnewswire.com\/wp-content\/uploads\/2023\/11\/featured-image-11164-600x400.jpg","featured_image_src_square":"https:\/\/www.noticiasnewswire.com\/wp-content\/uploads\/2023\/11\/featured-image-11164-600x463.jpg","author_info":{"display_name":"vicente","author_link":"https:\/\/www.noticiasnewswire.com\/es\/author\/vicente\/"},"_links":{"self":[{"href":"https:\/\/www.noticiasnewswire.com\/es\/wp-json\/wp\/v2\/posts\/50522","targetHints":{"allow":["GET"]}}],"collection":[{"href":"https:\/\/www.noticiasnewswire.com\/es\/wp-json\/wp\/v2\/posts"}],"about":[{"href":"https:\/\/www.noticiasnewswire.com\/es\/wp-json\/wp\/v2\/types\/post"}],"author":[{"embeddable":true,"href":"https:\/\/www.noticiasnewswire.com\/es\/wp-json\/wp\/v2\/users\/15"}],"replies":[{"embeddable":true,"href":"https:\/\/www.noticiasnewswire.com\/es\/wp-json\/wp\/v2\/comments?post=50522"}],"version-history":[{"count":0,"href":"https:\/\/www.noticiasnewswire.com\/es\/wp-json\/wp\/v2\/posts\/50522\/revisions"}],"wp:featuredmedia":[{"embeddable":true,"href":"https:\/\/www.noticiasnewswire.com\/es\/wp-json\/wp\/v2\/media\/50517"}],"wp:attachment":[{"href":"https:\/\/www.noticiasnewswire.com\/es\/wp-json\/wp\/v2\/media?parent=50522"}],"wp:term":[{"taxonomy":"category","embeddable":true,"href":"https:\/\/www.noticiasnewswire.com\/es\/wp-json\/wp\/v2\/categories?post=50522"},{"taxonomy":"post_tag","embeddable":true,"href":"https:\/\/www.noticiasnewswire.com\/es\/wp-json\/wp\/v2\/tags?post=50522"}],"curies":[{"name":"wp","href":"https:\/\/api.w.org\/{rel}","templated":true}]}}