{"id":51282,"date":"2024-01-25T08:55:09","date_gmt":"2024-01-25T13:55:09","guid":{"rendered":"https:\/\/www.noticiasnewswire.com\/?p=51282"},"modified":"2024-01-26T13:30:53","modified_gmt":"2024-01-26T18:30:53","slug":"el-volkswagen-id-4-sera-elegible","status":"publish","type":"post","link":"https:\/\/www.noticiasnewswire.com\/es\/el-volkswagen-id-4-sera-elegible\/","title":{"rendered":"El Volkswagen ID.4 ser\u00e1 elegible para el cr\u00e9dito fiscal federal completo de $7,500 d\u00f3lares"},"content":{"rendered":"<p>MIAMI, FL \u2014 25 de enero de 2024 \u2014 (<a href=\"https:\/\/www.noticiasnewswire.com\/es\/\">NOTICIAS NEWSWIRE<\/a>) \u2014 Volkswagen anuncia que el Volkswagen ID.4 del 2023 con componentes de bater\u00eda SK On y los modelos 2024 del Volkswagen ID.4 (cuando se lancen con componentes SK On) que entren en servicio en el 2024 ser\u00e1n elegibles para el cr\u00e9dito fiscal federal completo de $7,500 d\u00f3lares, en una compra realizada por un comprador calificado, lo que hace que el ID.4 no s\u00f3lo sea extremadamente asequible, sino tambi\u00e9n competitivo con los SUV compactos convencionales.<\/p>\n<p>La calificaci\u00f3n del ID.4 se basa en el suministro actual de bater\u00edas, pero debido a que la calificaci\u00f3n del veh\u00edculo en 2024 depende de bater\u00edas que a\u00fan no se producen, la calificaci\u00f3n est\u00e1 sujeta a cambios. Volkswagen es optimista en cuanto a que los veh\u00edculos ID.4 del 2024 calificar\u00e1n durante todo 2024 y proporcionar\u00e1 actualizaciones cuando las reciba.<\/p>\n<p>Seg\u00fan <a href=\"http:\/\/fueleconomy.gov\/\" target=\"_blank\" rel=\"noopener\">fueleconomy.gov<\/a>, hasta la fecha, Volkswagen es el \u00fanico fabricante de autom\u00f3viles extranjero que tiene un veh\u00edculo el\u00e9ctrico con bater\u00eda completa que es elegible para el cr\u00e9dito fiscal federal completo, gracias al ensamblaje y abastecimiento local.<\/p>\n<p>A partir de 2024, los clientes elegibles podr\u00e1n optar por aplicar el cr\u00e9dito fiscal como pago inicial en la compra de un veh\u00edculo el\u00e9ctrico elegible en el punto de venta transfiriendo el cr\u00e9dito a los concesionarios participantes.<\/p>\n<p>Desde su lanzamiento, el ID.4 ha demostrado ser un veh\u00edculo el\u00e9ctrico popular en el mercado, atrayendo nuevos compradores tanto a la marca Volkswagen como a la movilidad el\u00e9ctrica. En 2023, el ID.4 fue el quinto veh\u00edculo el\u00e9ctrico m\u00e1s vendido en el mercado estadounidense y las ventas aumentaron un 84 % con respecto al 2022.<\/p>\n<p>\u00abEsta es una gran noticia para los consumidores en los EE. UU. porque ampl\u00eda la elecci\u00f3n de veh\u00edculos el\u00e9ctricos verdaderamente asequibles\u00bb, dijo Pablo Di Si, el presidente Argentino y director ejecutivo del Grupo Volkswagen de Am\u00e9rica.<\/p>\n<p>\u201cEl ID.4 ya es uno de los SUV el\u00e9ctricos de menor precio del mercado, y el cr\u00e9dito fiscal federal de $7,500 lo hace a\u00fan m\u00e1s asequible. Esto demuestra que tomamos la decisi\u00f3n correcta de localizar el ensamblaje del ID.4 en Tennessee e invertir a\u00fan m\u00e1s en producci\u00f3n de bater\u00edas, componentes e innovaci\u00f3n. Cada ID.4 vendido respalda miles de empleos estadounidenses y ayuda a avanzar en nuestro objetivo de un futuro neutral en carbono\u201d.<\/p>\n<p>El ID.4 del 2023 est\u00e1 a la venta con dos tama\u00f1os de bater\u00eda y dos trenes motrices, con un MSRP inicial de $38,995 d\u00f3lares para el modelo ID.4 est\u00e1ndar que tiene una bater\u00eda de 62 kWh y un alcance estimado por la EPA de 209 millas.<\/p>\n<p>El ID.4 Pro contin\u00faa con una bater\u00eda de 82 kWh que permite una autonom\u00eda estimada por la EPA de 275 millas. Un \u00fanico motor s\u00edncrono de im\u00e1n permanente impulsa las ruedas traseras y proporciona 201 caballos de fuerza.<\/p>\n<p>Los modelos ID.4 AWD Pro agregan un motor as\u00edncrono al eje delantero, lo que resulta en un aumento a un m\u00e1ximo de 295 caballos de fuerza, as\u00ed como capacidad de tracci\u00f3n total, y tienen un alcance estimado por la EPA de 255 millas.<\/p>\n","protected":false},"excerpt":{"rendered":"<h3><em>\u2014 Por Enrique Kogan \u2014<\/em><\/h3>\n","protected":false},"author":15,"featured_media":51277,"comment_status":"closed","ping_status":"closed","sticky":false,"template":"","format":"standard","meta":{"_acf_changed":false,"_genesis_hide_title":false,"_genesis_hide_breadcrumbs":false,"_genesis_hide_singular_image":false,"_genesis_hide_footer_widgets":false,"_genesis_custom_body_class":"","_genesis_custom_post_class":"","_genesis_layout":"","footnotes":""},"categories":[2347,2354],"tags":[],"class_list":{"0":"post-51282","1":"post","2":"type-post","3":"status-publish","4":"format-standard","5":"has-post-thumbnail","7":"category-automotriz","8":"category-noticias-generales","9":"entry"},"acf":[],"featured_image_src":"https:\/\/www.noticiasnewswire.com\/wp-content\/uploads\/2024\/01\/featured-image-01251-600x400.jpg","featured_image_src_square":"https:\/\/www.noticiasnewswire.com\/wp-content\/uploads\/2024\/01\/featured-image-01251-600x463.jpg","author_info":{"display_name":"vicente","author_link":"https:\/\/www.noticiasnewswire.com\/es\/author\/vicente\/"},"_links":{"self":[{"href":"https:\/\/www.noticiasnewswire.com\/es\/wp-json\/wp\/v2\/posts\/51282","targetHints":{"allow":["GET"]}}],"collection":[{"href":"https:\/\/www.noticiasnewswire.com\/es\/wp-json\/wp\/v2\/posts"}],"about":[{"href":"https:\/\/www.noticiasnewswire.com\/es\/wp-json\/wp\/v2\/types\/post"}],"author":[{"embeddable":true,"href":"https:\/\/www.noticiasnewswire.com\/es\/wp-json\/wp\/v2\/users\/15"}],"replies":[{"embeddable":true,"href":"https:\/\/www.noticiasnewswire.com\/es\/wp-json\/wp\/v2\/comments?post=51282"}],"version-history":[{"count":0,"href":"https:\/\/www.noticiasnewswire.com\/es\/wp-json\/wp\/v2\/posts\/51282\/revisions"}],"wp:featuredmedia":[{"embeddable":true,"href":"https:\/\/www.noticiasnewswire.com\/es\/wp-json\/wp\/v2\/media\/51277"}],"wp:attachment":[{"href":"https:\/\/www.noticiasnewswire.com\/es\/wp-json\/wp\/v2\/media?parent=51282"}],"wp:term":[{"taxonomy":"category","embeddable":true,"href":"https:\/\/www.noticiasnewswire.com\/es\/wp-json\/wp\/v2\/categories?post=51282"},{"taxonomy":"post_tag","embeddable":true,"href":"https:\/\/www.noticiasnewswire.com\/es\/wp-json\/wp\/v2\/tags?post=51282"}],"curies":[{"name":"wp","href":"https:\/\/api.w.org\/{rel}","templated":true}]}}