{"id":51344,"date":"2024-02-01T07:34:54","date_gmt":"2024-02-01T12:34:54","guid":{"rendered":"https:\/\/www.noticiasnewswire.com\/?p=51344"},"modified":"2024-02-01T13:13:18","modified_gmt":"2024-02-01T18:13:18","slug":"volkswagen-anuncia-lanzamiento","status":"publish","type":"post","link":"https:\/\/www.noticiasnewswire.com\/es\/volkswagen-anuncia-lanzamiento\/","title":{"rendered":"Volkswagen anuncia el lanzamiento de Plug&amp;Charge en Electrify Am\u00e9rica para el SUV el\u00e9ctrico ID.4"},"content":{"rendered":"<p>MIAMI, FL \u2014 1 de febrero de 2024 \u2014 (<a href=\"https:\/\/www.noticiasnewswire.com\/es\/\">NOTICIAS NEWSWIRE<\/a>) \u2014 Volkswagen of America anunci\u00f3 que a partir de principios de 2024, el ID.4 EV del 2023 totalmente el\u00e9ctrico incluir\u00e1 la comodidad de Plug&amp;Charge en las estaciones de Electrify Am\u00e9rica.<\/p>\n<p>Despu\u00e9s de activar la funci\u00f3n en la aplicaci\u00f3n Electrify Am\u00e9rica, los propietarios pueden hacer un uso a\u00fan mejor de su plan incluido de tres a\u00f1os de sesiones de carga r\u00e1pida de CC de 30 minutos.<\/p>\n<p>Ensamblado en Chattanooga, Tennessee, el ID.4 del 2023 se ofrece en tres niveles de equipamiento (Standard\/Pro, S y S Plus) con la opci\u00f3n de bater\u00edas de 62 kWh y 82 kWh y tracci\u00f3n trasera o total.<\/p>\n<p>El ID.4 2023 est\u00e1 a la venta con dos tama\u00f1os de bater\u00eda y dos trenes motrices, con un MSRP inicial de $38,995 para el modelo ID.4 est\u00e1ndar que tiene una bater\u00eda de 62 kWh y un alcance estimado por la EPA de 209 millas. El ID.4 Pro, con una bater\u00eda de 82 kWh que permite un alcance estimado por la EPA de 275 millas, tiene un precio inicial de $43,995.<\/p>\n<p>En ambos modelos, un \u00fanico motor s\u00edncrono de im\u00e1n permanente impulsa las ruedas traseras y proporciona 201 caballos de fuerza. Los modelos ID.4 AWD Pro comienzan en $47,795.<\/p>\n<p>A\u00f1aden un motor as\u00edncrono al eje delantero, lo que da como resultado un aumento a un m\u00e1ximo de 295 caballos de fuerza, as\u00ed como capacidad de tracci\u00f3n total, y tienen un alcance estimado por la EPA de 255 millas.<\/p>\n<p>El ID.4 Standard y S 2023 ofrecen una velocidad de carga r\u00e1pida de CC de 140 kW, mientras que los modelos Pro equipados con la bater\u00eda m\u00e1s grande de 82 kWh ofrecen una velocidad de carga r\u00e1pida de CC de 170 kW, en comparaci\u00f3n con 2022. Esto permite que todos los ID.4 Pro cambien a carga r\u00e1pida de CC del 10 al 80% de SOC en aproximadamente 30 minutos.<\/p>\n<p>El ID.4 2023 viene con tres a\u00f1os de sesiones de carga incluidas de 30 minutos en cargadores r\u00e1pidos de CC de Electrify America, lo que ayuda a inspirar confianza en el alcance.<\/p>\n<p>Electrify Am\u00e9rica es la red abierta de carga r\u00e1pida de CC m\u00e1s grande con m\u00e1s de 900 estaciones y m\u00e1s de 4000 cargadores en Am\u00e9rica del Norte. Adem\u00e1s, es la primera red abierta de carga r\u00e1pida de CC que ofrece tecnolog\u00eda Plug&amp;Charge a veh\u00edculos capaces.<\/p>\n<p>A partir de principios de 2024, el plan de carga incluir\u00e1 la comodidad de Plug&amp;Charge. Al activar esta funci\u00f3n en la aplicaci\u00f3n Electrify Am\u00e9rica, los propietarios podr\u00e1n ahorrar tiempo al usar su plan de carga incluido: simplemente conecte el ID.4 en una estaci\u00f3n de carga r\u00e1pida de CC de Electrify Am\u00e9rica y, una vez establecida la conexi\u00f3n, comenzar\u00e1 cargando.<\/p>\n<p>Al cargar un Volkswagen ID.4 en la red de carga r\u00e1pida CC de Electrify America, la energ\u00eda entregada al veh\u00edculo est\u00e1 respaldada por energ\u00eda 100% renovable.<\/p>\n<p>En el exterior, los modelos S y superiores incluyen logotipos VW iluminados en la parte delantera y trasera. El ID.4 est\u00e1 disponible en ocho colores exteriores: blanco puro, plateado neblina metalizado, gris puro, negro profundo perlado, azul turmalina metalizado, blanco \u00f3palo perlado, rojo aurora metalizado y azul \u00e1rtico metalizado.<\/p>\n<p>Todos los modelos vienen con techo del color de la carrocer\u00eda y rieles de techo negros de serie. Los modelos S, Pro S y AWD Pro S agregan un techo panor\u00e1mico de vidrio fijo. Los modelos Pro S Plus y AWD Pro S Plus se actualizan a un techo y un aler\u00f3n trasero negros, mientras que los pilares C, la l\u00ednea del techo, los rieles del techo y los detalles del parachoques brillan en plata brillante. Estos modelos tambi\u00e9n reciben espejos exteriores plegables el\u00e9ctricos con una firma de l\u00e1mpara con patr\u00f3n de diamantes.<\/p>\n<p>En el interior, el ID.4 2023 cuenta con una pantalla de informaci\u00f3n y entretenimiento t\u00e1ctil Discover Pro Max est\u00e1ndar de 12 pulgadas. Los asientos delanteros con calefacci\u00f3n y el control de clima Climatronic\u00ae Touch de doble zona son est\u00e1ndar; Los asientos traseros exteriores con calefacci\u00f3n y Climatronic de tres zonas est\u00e1n disponibles en el acabado superior S Plus.<\/p>\n<p>El interior de lujo se destaca por la iluminaci\u00f3n ambiental: diez colores son est\u00e1ndar, y los modelos Pro S y AWD Pro S cuentan con un impresionante sistema de iluminaci\u00f3n ambiental de 30 colores con \u00abestados de \u00e1nimo\u00bb preestablecidos, as\u00ed como una barra deslizante en el sistema de informaci\u00f3n y entretenimiento personalizado.<\/p>\n<p>Los modelos Standard y Pro ofrecen asientos de tela m\u00e9lange con refuerzos laterales de cuero sint\u00e9tico en Stone o Nutmeg. Los veh\u00edculos Stone se combinan con detalles en negro y gris, mientras que los veh\u00edculos Nutmeg aportan atractivos tonos marrones. En todos los modelos S, dos interiores de cuero sint\u00e9tico cuidadosamente seleccionados brindan un ambiente exclusivo y la posibilidad de elegir entre acabados Galaxy o Cosmic.<\/p>\n<p>Los veh\u00edculos Galaxy est\u00e1n acabados con inserciones de asientos de cuero sint\u00e9tico negro combinados con refuerzos, inserciones de puertas y tablero en gris platino, con volante y pantallas negros. Los veh\u00edculos con el interior Cosmic est\u00e1n equipados con inserciones de asientos de cuero sint\u00e9tico gris combinadas con refuerzos, inserciones de puertas y tablero azules.<\/p>\n<p>El ID.4 contin\u00faa ofreciendo un conjunto completo de tecnolog\u00eda de asistencia al conductor de \u00faltima generaci\u00f3n. Se incluyen advertencia de colisi\u00f3n frontal con frenado autom\u00e1tico de emergencia (asistencia delantera) con detecci\u00f3n de peatones y ciclistas, monitor activo de punto ciego (asistencia lateral), control de distancia de estacionamiento delantero y trasero, asistencia de estacionamiento Plus con estacionamiento con memoria y control de luces altas (asistencia de iluminaci\u00f3n).<\/p>\n<p>Adem\u00e1s, el avanzado conjunto de asistencia al conductor IQ.DRIVE\u00ae es est\u00e1ndar en todos los modelos ID.4, e incluye Travel Assist 2.0 con control de crucero adaptativo, sistema de mantenimiento de carril (Lane Assist), control de crucero adaptativo con Stop and Go, reconocimiento de se\u00f1ales de tr\u00e1fico y Asistencia de emergencia 3.0.<\/p>\n","protected":false},"excerpt":{"rendered":"<h3><em>\u2014 Por Enrique Kogan \u2014<\/em><\/h3>\n","protected":false},"author":15,"featured_media":51339,"comment_status":"closed","ping_status":"closed","sticky":false,"template":"","format":"standard","meta":{"_acf_changed":false,"_genesis_hide_title":false,"_genesis_hide_breadcrumbs":false,"_genesis_hide_singular_image":false,"_genesis_hide_footer_widgets":false,"_genesis_custom_body_class":"","_genesis_custom_post_class":"","_genesis_layout":"","footnotes":""},"categories":[2347,2354],"tags":[],"class_list":{"0":"post-51344","1":"post","2":"type-post","3":"status-publish","4":"format-standard","5":"has-post-thumbnail","7":"category-automotriz","8":"category-noticias-generales","9":"entry"},"acf":[],"featured_image_src":"https:\/\/www.noticiasnewswire.com\/wp-content\/uploads\/2024\/02\/featured-image-02011-600x400.jpg","featured_image_src_square":"https:\/\/www.noticiasnewswire.com\/wp-content\/uploads\/2024\/02\/featured-image-02011-600x463.jpg","author_info":{"display_name":"vicente","author_link":"https:\/\/www.noticiasnewswire.com\/es\/author\/vicente\/"},"_links":{"self":[{"href":"https:\/\/www.noticiasnewswire.com\/es\/wp-json\/wp\/v2\/posts\/51344","targetHints":{"allow":["GET"]}}],"collection":[{"href":"https:\/\/www.noticiasnewswire.com\/es\/wp-json\/wp\/v2\/posts"}],"about":[{"href":"https:\/\/www.noticiasnewswire.com\/es\/wp-json\/wp\/v2\/types\/post"}],"author":[{"embeddable":true,"href":"https:\/\/www.noticiasnewswire.com\/es\/wp-json\/wp\/v2\/users\/15"}],"replies":[{"embeddable":true,"href":"https:\/\/www.noticiasnewswire.com\/es\/wp-json\/wp\/v2\/comments?post=51344"}],"version-history":[{"count":0,"href":"https:\/\/www.noticiasnewswire.com\/es\/wp-json\/wp\/v2\/posts\/51344\/revisions"}],"wp:featuredmedia":[{"embeddable":true,"href":"https:\/\/www.noticiasnewswire.com\/es\/wp-json\/wp\/v2\/media\/51339"}],"wp:attachment":[{"href":"https:\/\/www.noticiasnewswire.com\/es\/wp-json\/wp\/v2\/media?parent=51344"}],"wp:term":[{"taxonomy":"category","embeddable":true,"href":"https:\/\/www.noticiasnewswire.com\/es\/wp-json\/wp\/v2\/categories?post=51344"},{"taxonomy":"post_tag","embeddable":true,"href":"https:\/\/www.noticiasnewswire.com\/es\/wp-json\/wp\/v2\/tags?post=51344"}],"curies":[{"name":"wp","href":"https:\/\/api.w.org\/{rel}","templated":true}]}}