{"id":51364,"date":"2024-02-02T10:59:14","date_gmt":"2024-02-02T15:59:14","guid":{"rendered":"https:\/\/www.noticiasnewswire.com\/?p=51364"},"modified":"2024-02-05T09:05:11","modified_gmt":"2024-02-05T14:05:11","slug":"el-kia-ev9-con-nuevo-galardon","status":"publish","type":"post","link":"https:\/\/www.noticiasnewswire.com\/es\/el-kia-ev9-con-nuevo-galardon\/","title":{"rendered":"El Kia EV9 se alza con el galard\u00f3n del mejor SUV en los premios \u2018Auto del a\u00f1o mundial para mujeres\u2019"},"content":{"rendered":"<p>MIAMI, FL \u2014 2 de febrero de 2024 \u2014 (<a href=\"https:\/\/www.noticiasnewswire.com\/es\/\">NOTICIAS NEWSWIRE<\/a>) \u2014 El Kia EV9 del 2024 ha sido nombrado ganador de los premios \u201cWomen&#8217;s Worldwide Car of the Year (WWCOTY) 2024\u201d, llev\u00e1ndose la victoria en la categor\u00eda SUV. La victoria en la categor\u00eda del EV9 le ha valido un lugar como contendiente en la ronda final de evaluaci\u00f3n del Premio M\u00e1ximo de WWCOTY, que se anunciar\u00e1 el D\u00eda Internacional de la Mujer el 8 de marzo del 2024.<\/p>\n<p>\u00abEstamos inmensamente orgullosos del triunfo del EV9 en los premios al Auto Mundial Femenino del A\u00f1o\u00bb, dijo Steven Center, director de operaciones y vicepresidente ejecutivo de Kia Am\u00e9rica. \u201cEste logro es particularmente significativo, dado que el EV9 totalmente el\u00e9ctrico sali\u00f3 victorioso en la muy disputada categor\u00eda SUV, en la que se enfrent\u00f3 a un campo diverso de contendientes globales. Este premio es una fuerza motivadora para que Kia contin\u00fae superando l\u00edmites y expectativas\u201d.<\/p>\n<p>El Kia EV9 impresion\u00f3 a los jurados en varios niveles, incluido su espacioso interior con capacidad para hasta siete pasajeros. El jurado de WWCOTY tambi\u00e9n se\u00f1al\u00f3 que el EV9 eclips\u00f3 a la competencia con su dise\u00f1o innovador, interior de alta tecnolog\u00eda, carga bidireccional y \u201ccarga ultrarr\u00e1pida de 800 voltios\u201d. Al resumir las razones por las que el EV9 fue un \u00e9xito destacado, Marta Garc\u00eda, presidenta ejecutiva del Auto Mundial Femenino del A\u00f1o dijo: \u201c\u2026su precio es muy competitivo en comparaci\u00f3n con otros modelos de su segmento\u201d.<\/p>\n<p>Creado en el 2009, el Auto Mundial Femenino del A\u00f1o est\u00e1 compuesto exclusivamente por mujeres, con 75 periodistas de 52 pa\u00edses. Para determinar los ganadores, un total de 62 veh\u00edculos fueron probados y evaluados en seguridad, calidad, valor, dise\u00f1o, desempe\u00f1o e impacto ambiental, entre otros factores importantes basados en los mismos principios que los conductores consideran al realizar la compra de un veh\u00edculo.<\/p>\n","protected":false},"excerpt":{"rendered":"<h3><em>\u2014 Por Enrique Kogan \u2014<\/em><\/h3>\n","protected":false},"author":15,"featured_media":51357,"comment_status":"closed","ping_status":"closed","sticky":false,"template":"","format":"standard","meta":{"_acf_changed":false,"_genesis_hide_title":false,"_genesis_hide_breadcrumbs":false,"_genesis_hide_singular_image":false,"_genesis_hide_footer_widgets":false,"_genesis_custom_body_class":"","_genesis_custom_post_class":"","_genesis_layout":"","footnotes":""},"categories":[2347,2354],"tags":[],"class_list":{"0":"post-51364","1":"post","2":"type-post","3":"status-publish","4":"format-standard","5":"has-post-thumbnail","7":"category-automotriz","8":"category-noticias-generales","9":"entry"},"acf":[],"featured_image_src":"https:\/\/www.noticiasnewswire.com\/wp-content\/uploads\/2024\/02\/featured-image-0221-600x400.jpg","featured_image_src_square":"https:\/\/www.noticiasnewswire.com\/wp-content\/uploads\/2024\/02\/featured-image-0221-600x463.jpg","author_info":{"display_name":"vicente","author_link":"https:\/\/www.noticiasnewswire.com\/es\/author\/vicente\/"},"_links":{"self":[{"href":"https:\/\/www.noticiasnewswire.com\/es\/wp-json\/wp\/v2\/posts\/51364","targetHints":{"allow":["GET"]}}],"collection":[{"href":"https:\/\/www.noticiasnewswire.com\/es\/wp-json\/wp\/v2\/posts"}],"about":[{"href":"https:\/\/www.noticiasnewswire.com\/es\/wp-json\/wp\/v2\/types\/post"}],"author":[{"embeddable":true,"href":"https:\/\/www.noticiasnewswire.com\/es\/wp-json\/wp\/v2\/users\/15"}],"replies":[{"embeddable":true,"href":"https:\/\/www.noticiasnewswire.com\/es\/wp-json\/wp\/v2\/comments?post=51364"}],"version-history":[{"count":0,"href":"https:\/\/www.noticiasnewswire.com\/es\/wp-json\/wp\/v2\/posts\/51364\/revisions"}],"wp:featuredmedia":[{"embeddable":true,"href":"https:\/\/www.noticiasnewswire.com\/es\/wp-json\/wp\/v2\/media\/51357"}],"wp:attachment":[{"href":"https:\/\/www.noticiasnewswire.com\/es\/wp-json\/wp\/v2\/media?parent=51364"}],"wp:term":[{"taxonomy":"category","embeddable":true,"href":"https:\/\/www.noticiasnewswire.com\/es\/wp-json\/wp\/v2\/categories?post=51364"},{"taxonomy":"post_tag","embeddable":true,"href":"https:\/\/www.noticiasnewswire.com\/es\/wp-json\/wp\/v2\/tags?post=51364"}],"curies":[{"name":"wp","href":"https:\/\/api.w.org\/{rel}","templated":true}]}}