{"id":51438,"date":"2024-02-08T15:41:18","date_gmt":"2024-02-08T20:41:18","guid":{"rendered":"https:\/\/www.noticiasnewswire.com\/?p=51438"},"modified":"2024-02-09T07:55:11","modified_gmt":"2024-02-09T12:55:11","slug":"kia-america-regresa-al-super-bowl","status":"publish","type":"post","link":"https:\/\/www.noticiasnewswire.com\/es\/kia-america-regresa-al-super-bowl\/","title":{"rendered":"Kia Am\u00e9rica regresa al Super Bowl con un comercial presentando el EV9 del 2024"},"content":{"rendered":"<iframe loading=\"lazy\" class=\"youtube\" width=\"304\" height=\"186\" src=\"https:\/\/youtube.com\/embed\/OU7BJc96lI4?si=rFDk4AEWtYAHWNLn?wmode=transparent\" frameborder=\"0\" wmode=\"transparent\"><\/iframe> <p>MIAMI, FL \u2014 8 de febrero de 2024 \u2014 (<a href=\"https:\/\/www.noticiasnewswire.com\/es\/\">NOTICIAS NEWSWIRE<\/a>) \u2014 Este fin de semana, Kia Am\u00e9rica regresa al Super Bowl con un <a href=\"https:\/\/youtu.be\/OU7BJc96lI4\" target=\"_blank\" rel=\"noopener\">60-second spot<\/a> (comercial de 60 segundos) presentando el totalmente nuevo Kia EV9 del 2024, el primer SUV EV de tres filas para el mercado masivo en los EE. UU. Dise\u00f1ado para ser una fuente de energ\u00eda m\u00f3vil, el EV9 es la pieza central de una campa\u00f1a de marketing integral que comienza el d\u00eda del juego y destaca la potencia que vive en todos nosotros, el poder de alegrarle el d\u00eda a alguien.<\/p>\n<p>Con el tema colaborativo de Cat Power y Coldplay \u00abWish I Was Here\u00bb, una joven patinadora art\u00edstica decidida, termina su programa y mira hacia arriba para ver un asiento vac\u00edo a el lado de su padre. Mientras los dos se alejan de la arena, el padre r\u00e1pidamente reconoce la decepci\u00f3n de su hija porque alguien especial no estaba all\u00ed y se desv\u00eda hacia el bosque y a trav\u00e9s de la nieve hasta un estanque helado frente a una caba\u00f1a aislada.<\/p>\n<p>Despu\u00e9s de que el padre r\u00e1pidamente coloca luces entre los arbustos y coloca un gran altavoz, todo ello impulsado por la capacidad de el Veh\u00edculo a cargar (V2L) del EV9, la joven ofrece un bis impecable en la pista de hielo improvisada para una audiencia de una sola persona, su abuelo quien observa desde el interior de la cabina.<\/p>\n<p>\u201cEl Kia EV9 es el\u00e9ctrico como nunca lo has visto, y &#8216;Perfect 10&#8217; (Un perfecto 10) presentar\u00e1 nuestro innovador SUV EV de tres filas a m\u00e1s de 100 millones de personas con una historia conmovedora sobre el poder que todos tenemos dentro de nosotros, el poder de hacer sonre\u00edr a alguien\u201d, dijo Russell Wager, vicepresidente de marketing de Kia Am\u00e9rica.<\/p>\n<p>Creado por David&amp;Goliath, la agencia creativa de Kia, los recursos adicionales de la campa\u00f1a incluyen reducciones de :30, :15 y :06 segundos del anuncio de 60 segundos, as\u00ed como extensiones digitales, impresas y de redes sociales.<\/p>\n<p>El Kia EV9 del 2024 llega ahora a los concesionarios y est\u00e1 disponible para la venta en los 50 estados.<\/p>\n","protected":false},"excerpt":{"rendered":"<h3><em>\u2014 Por Enrique Kogan \u2014<\/em><\/h3>\n","protected":false},"author":15,"featured_media":51432,"comment_status":"closed","ping_status":"closed","sticky":false,"template":"","format":"standard","meta":{"_acf_changed":false,"_genesis_hide_title":false,"_genesis_hide_breadcrumbs":false,"_genesis_hide_singular_image":false,"_genesis_hide_footer_widgets":false,"_genesis_custom_body_class":"","_genesis_custom_post_class":"","_genesis_layout":"","footnotes":""},"categories":[2347,2354],"tags":[],"class_list":{"0":"post-51438","1":"post","2":"type-post","3":"status-publish","4":"format-standard","5":"has-post-thumbnail","7":"category-automotriz","8":"category-noticias-generales","9":"entry"},"acf":[],"featured_image_src":"https:\/\/www.noticiasnewswire.com\/wp-content\/uploads\/2024\/02\/featured-image-02082-600x400.jpg","featured_image_src_square":"https:\/\/www.noticiasnewswire.com\/wp-content\/uploads\/2024\/02\/featured-image-02082-600x463.jpg","author_info":{"display_name":"vicente","author_link":"https:\/\/www.noticiasnewswire.com\/es\/author\/vicente\/"},"_links":{"self":[{"href":"https:\/\/www.noticiasnewswire.com\/es\/wp-json\/wp\/v2\/posts\/51438","targetHints":{"allow":["GET"]}}],"collection":[{"href":"https:\/\/www.noticiasnewswire.com\/es\/wp-json\/wp\/v2\/posts"}],"about":[{"href":"https:\/\/www.noticiasnewswire.com\/es\/wp-json\/wp\/v2\/types\/post"}],"author":[{"embeddable":true,"href":"https:\/\/www.noticiasnewswire.com\/es\/wp-json\/wp\/v2\/users\/15"}],"replies":[{"embeddable":true,"href":"https:\/\/www.noticiasnewswire.com\/es\/wp-json\/wp\/v2\/comments?post=51438"}],"version-history":[{"count":0,"href":"https:\/\/www.noticiasnewswire.com\/es\/wp-json\/wp\/v2\/posts\/51438\/revisions"}],"wp:featuredmedia":[{"embeddable":true,"href":"https:\/\/www.noticiasnewswire.com\/es\/wp-json\/wp\/v2\/media\/51432"}],"wp:attachment":[{"href":"https:\/\/www.noticiasnewswire.com\/es\/wp-json\/wp\/v2\/media?parent=51438"}],"wp:term":[{"taxonomy":"category","embeddable":true,"href":"https:\/\/www.noticiasnewswire.com\/es\/wp-json\/wp\/v2\/categories?post=51438"},{"taxonomy":"post_tag","embeddable":true,"href":"https:\/\/www.noticiasnewswire.com\/es\/wp-json\/wp\/v2\/tags?post=51438"}],"curies":[{"name":"wp","href":"https:\/\/api.w.org\/{rel}","templated":true}]}}