{"id":51873,"date":"2024-03-14T13:20:21","date_gmt":"2024-03-14T17:20:21","guid":{"rendered":"https:\/\/www.noticiasnewswire.com\/?p=51873"},"modified":"2024-03-26T11:14:51","modified_gmt":"2024-03-26T15:14:51","slug":"kia-presento-imagenes-teaser-del-sedan-k4","status":"publish","type":"post","link":"https:\/\/www.noticiasnewswire.com\/es\/kia-presento-imagenes-teaser-del-sedan-k4\/","title":{"rendered":"Kia present\u00f3 una serie de im\u00e1genes teaser del sed\u00e1n compacto de pr\u00f3xima generaci\u00f3n K4"},"content":{"rendered":"<p>MIAMI, FL \u2014 14 de marzo de 2024 \u2014 (<a href=\"https:\/\/www.noticiasnewswire.com\/es\/\">NOTICIAS NEWSWIRE<\/a>) \u2014 Las im\u00e1genes\u00a0 de pr\u00f3xima generaci\u00f3n del Kia K4, evocan una fusi\u00f3n excepcional de tecnolog\u00eda avanzada y una est\u00e9tica atractiva perfectamente encapsulada dentro de los elegantes contornos del K4.<\/p>\n<p>Las l\u00edneas fluidas y sinuosas imparten un aura de elegante sofisticaci\u00f3n, sutilmente entrelazadas con un amplio espacio y practicidad y un ambiente puramente deportivo.<\/p>\n<p>Kia revelar\u00e1 el dise\u00f1o completo del K4 el 21 de marzo, seguido del estreno mundial del veh\u00edculo en el Sal\u00f3n Internacional del Autom\u00f3vil de Nueva York, el 27 de marzo.<\/p>\n<p>Kia presentar\u00e1 una transmisi\u00f3n en vivo del estreno mundial en Nueva York, a la que todos pueden unirse en <a href=\"http:\/\/worldwide.kia.com\/\" target=\"_blank\" rel=\"noopener\">worldwide.kia.com<\/a>, mientras el K4 introduce nuevos est\u00e1ndares de dise\u00f1o, innovaci\u00f3n y atractivo de conducci\u00f3n en el sector de los sedanes compactos. Kia publicar\u00e1 m\u00e1s actualizaciones antes del evento.<\/p>\n","protected":false},"excerpt":{"rendered":"<h3><em>\u2014 Por Enrique Kogan \u2014<\/em><\/h3>\n","protected":false},"author":15,"featured_media":51866,"comment_status":"closed","ping_status":"closed","sticky":false,"template":"","format":"standard","meta":{"_acf_changed":false,"_genesis_hide_title":false,"_genesis_hide_breadcrumbs":false,"_genesis_hide_singular_image":false,"_genesis_hide_footer_widgets":false,"_genesis_custom_body_class":"","_genesis_custom_post_class":"","_genesis_layout":"","footnotes":""},"categories":[2347,2354],"tags":[],"class_list":{"0":"post-51873","1":"post","2":"type-post","3":"status-publish","4":"format-standard","5":"has-post-thumbnail","7":"category-automotriz","8":"category-noticias-generales","9":"entry"},"acf":[],"featured_image_src":"https:\/\/www.noticiasnewswire.com\/wp-content\/uploads\/2024\/03\/featured-image-03142-600x400.jpg","featured_image_src_square":"https:\/\/www.noticiasnewswire.com\/wp-content\/uploads\/2024\/03\/featured-image-03142-600x463.jpg","author_info":{"display_name":"vicente","author_link":"https:\/\/www.noticiasnewswire.com\/es\/author\/vicente\/"},"_links":{"self":[{"href":"https:\/\/www.noticiasnewswire.com\/es\/wp-json\/wp\/v2\/posts\/51873","targetHints":{"allow":["GET"]}}],"collection":[{"href":"https:\/\/www.noticiasnewswire.com\/es\/wp-json\/wp\/v2\/posts"}],"about":[{"href":"https:\/\/www.noticiasnewswire.com\/es\/wp-json\/wp\/v2\/types\/post"}],"author":[{"embeddable":true,"href":"https:\/\/www.noticiasnewswire.com\/es\/wp-json\/wp\/v2\/users\/15"}],"replies":[{"embeddable":true,"href":"https:\/\/www.noticiasnewswire.com\/es\/wp-json\/wp\/v2\/comments?post=51873"}],"version-history":[{"count":0,"href":"https:\/\/www.noticiasnewswire.com\/es\/wp-json\/wp\/v2\/posts\/51873\/revisions"}],"wp:featuredmedia":[{"embeddable":true,"href":"https:\/\/www.noticiasnewswire.com\/es\/wp-json\/wp\/v2\/media\/51866"}],"wp:attachment":[{"href":"https:\/\/www.noticiasnewswire.com\/es\/wp-json\/wp\/v2\/media?parent=51873"}],"wp:term":[{"taxonomy":"category","embeddable":true,"href":"https:\/\/www.noticiasnewswire.com\/es\/wp-json\/wp\/v2\/categories?post=51873"},{"taxonomy":"post_tag","embeddable":true,"href":"https:\/\/www.noticiasnewswire.com\/es\/wp-json\/wp\/v2\/tags?post=51873"}],"curies":[{"name":"wp","href":"https:\/\/api.w.org\/{rel}","templated":true}]}}