{"id":52009,"date":"2024-03-27T15:42:08","date_gmt":"2024-03-27T19:42:08","guid":{"rendered":"https:\/\/www.noticiasnewswire.com\/?p=52009"},"modified":"2024-04-02T12:18:25","modified_gmt":"2024-04-02T16:18:25","slug":"volkswagen-dio-a-conocer-datos-del-id7","status":"publish","type":"post","link":"https:\/\/www.noticiasnewswire.com\/es\/volkswagen-dio-a-conocer-datos-del-id7\/","title":{"rendered":"Volkswagen dio a conocer m\u00e1s datos del esperado sed\u00e1n el\u00e9ctrico ID.7 del 2025"},"content":{"rendered":"<p>MIAMI, FL \u2014 27 de marzo de 2024 \u2014 (<a href=\"https:\/\/www.noticiasnewswire.com\/es\/\">NOTICIAS NEWSWIRE<\/a>) \u2014 <a href=\"https:\/\/www.vw-com\">Volkswagen of Am\u00e9rica<\/a>, Inc., anunci\u00f3 hoy la estructura de oferta para el ID.7 2025, el primer Volkswagen totalmente el\u00e9ctrico en el segmento de sed\u00e1n casi de lujo.<\/p>\n<p>El ID.7 se ofrecer\u00e1 en Estados Unidos en dos versiones: Pro S y Pro S Plus, con una bater\u00eda de 82 kWh y 282 caballos de fuerza y 402 libras-pie de torsi\u00f3n en los modelos de tracci\u00f3n trasera; Los modelos con tracci\u00f3n total tendr\u00e1n una potencia m\u00e1xima de 335 caballos. La autonom\u00eda y los precios se anunciar\u00e1n m\u00e1s cerca del lanzamiento en el tercer trimestre.<\/p>\n<p>Todos los modelos ID.7 est\u00e1n equipados con una variedad de caracter\u00edsticas est\u00e1ndar de alta gama, comenzando con rines de 19 pulgadas, logotipos iluminados delanteros y traseros y espejos exteriores plegables el\u00e9ctricamente.<\/p>\n<p>El acceso sin llave KESSY de cinco puertas con desbloqueo por proximidad y un port\u00f3n trasero el\u00e9ctrico con Easy Open\/Close permite un f\u00e1cil acceso para los pasajeros y sus pertenencias. Los colores exteriores incluyen Mythos Black, Glacier White, Moonstone Grey, Aquamarine Blue y Kings Red.<\/p>\n<p>En el interior, una pantalla de informaci\u00f3n y entretenimiento de 15 pulgadas y un head-up display de realidad aumentada crean un tono de alta tecnolog\u00eda, mientras que la decoraci\u00f3n iluminada y un techo panor\u00e1mico de vidrio con tintes electrocr\u00f3micos brindan una apariencia y sensaci\u00f3n de primera calidad.<\/p>\n<p>Se presta la m\u00e1xima atenci\u00f3n a la comodidad del conductor y del pasajero, con un volante con calefacci\u00f3n, asientos delanteros con calefacci\u00f3n ajustables en 12 direcciones con masaje y memoria, salidas de aire inteligentes y control de clima autom\u00e1tico Climatronic de tres zonas.<\/p>\n<p>Hay dos opciones de color disponibles: Galaxy, que presenta asientos negros con costuras blancas y una paleta interior oscura, y Lunar, que presenta asientos grises con costuras en contraste y una paleta interior clara.<\/p>\n<p>La tecnolog\u00eda avanzada de asistencia al conductor IQ.DRIVE de Volkswagen es est\u00e1ndar y presenta capacidad pr\u00e1ctica semiautom\u00e1tica, incluidos cambios de carril iniciados por el conductor. Adem\u00e1s, todos los modelos ID.7 cuentan con control de distancia de estacionamiento, Park Assist Plus con memoria de estacionamiento y vista de \u00e1rea.<\/p>\n<p>Los modelos Pro S Plus mejoran la experiencia ID.7 con contenido premium adicional. Estos modelos altos montan ruedas de 20 pulgadas y cuentan con amortiguaci\u00f3n adaptativa y direcci\u00f3n din\u00e1mica DCC\u00ae.<\/p>\n<p>Contar\u00e1n con nuestros asientos Climatronic con masaje premium, con una nueva funci\u00f3n autom\u00e1tica de calefacci\u00f3n y ventilaci\u00f3n y una funci\u00f3n de masaje mejorada.<\/p>\n<p>Los audi\u00f3filos apreciar\u00e1n el sistema de sonido harman\/kardon de 700 vatios que cuenta con 14 parlantes, incluido un parlante central delantero y un subwoofer montado en el maletero.<\/p>\n","protected":false},"excerpt":{"rendered":"<h3><em>\u2014 Por Enrique Kogan \u2014<\/em><\/h3>\n","protected":false},"author":15,"featured_media":52004,"comment_status":"closed","ping_status":"closed","sticky":false,"template":"","format":"standard","meta":{"_acf_changed":false,"_genesis_hide_title":false,"_genesis_hide_breadcrumbs":false,"_genesis_hide_singular_image":false,"_genesis_hide_footer_widgets":false,"_genesis_custom_body_class":"","_genesis_custom_post_class":"","_genesis_layout":"","footnotes":""},"categories":[2347,2354],"tags":[],"class_list":{"0":"post-52009","1":"post","2":"type-post","3":"status-publish","4":"format-standard","5":"has-post-thumbnail","7":"category-automotriz","8":"category-noticias-generales","9":"entry"},"acf":[],"featured_image_src":"https:\/\/www.noticiasnewswire.com\/wp-content\/uploads\/2024\/03\/featured-image-03272-600x400.jpg","featured_image_src_square":"https:\/\/www.noticiasnewswire.com\/wp-content\/uploads\/2024\/03\/featured-image-03272-600x463.jpg","author_info":{"display_name":"vicente","author_link":"https:\/\/www.noticiasnewswire.com\/es\/author\/vicente\/"},"_links":{"self":[{"href":"https:\/\/www.noticiasnewswire.com\/es\/wp-json\/wp\/v2\/posts\/52009","targetHints":{"allow":["GET"]}}],"collection":[{"href":"https:\/\/www.noticiasnewswire.com\/es\/wp-json\/wp\/v2\/posts"}],"about":[{"href":"https:\/\/www.noticiasnewswire.com\/es\/wp-json\/wp\/v2\/types\/post"}],"author":[{"embeddable":true,"href":"https:\/\/www.noticiasnewswire.com\/es\/wp-json\/wp\/v2\/users\/15"}],"replies":[{"embeddable":true,"href":"https:\/\/www.noticiasnewswire.com\/es\/wp-json\/wp\/v2\/comments?post=52009"}],"version-history":[{"count":0,"href":"https:\/\/www.noticiasnewswire.com\/es\/wp-json\/wp\/v2\/posts\/52009\/revisions"}],"wp:featuredmedia":[{"embeddable":true,"href":"https:\/\/www.noticiasnewswire.com\/es\/wp-json\/wp\/v2\/media\/52004"}],"wp:attachment":[{"href":"https:\/\/www.noticiasnewswire.com\/es\/wp-json\/wp\/v2\/media?parent=52009"}],"wp:term":[{"taxonomy":"category","embeddable":true,"href":"https:\/\/www.noticiasnewswire.com\/es\/wp-json\/wp\/v2\/categories?post=52009"},{"taxonomy":"post_tag","embeddable":true,"href":"https:\/\/www.noticiasnewswire.com\/es\/wp-json\/wp\/v2\/tags?post=52009"}],"curies":[{"name":"wp","href":"https:\/\/api.w.org\/{rel}","templated":true}]}}