{"id":52122,"date":"2024-04-05T15:34:55","date_gmt":"2024-04-05T19:34:55","guid":{"rendered":"https:\/\/www.noticiasnewswire.com\/?p=52122"},"modified":"2024-04-05T15:34:55","modified_gmt":"2024-04-05T19:34:55","slug":"natalia-angeles-vieyra-curadora-asociada","status":"publish","type":"post","link":"https:\/\/www.noticiasnewswire.com\/es\/natalia-angeles-vieyra-curadora-asociada\/","title":{"rendered":"La National Gallery of Art nombra a Natalia \u00c1ngeles Vieyra como curadora asociada del arte latino"},"content":{"rendered":"<p>WASHINGTON \u2014 5 de abril de 2024 \u2014 (<a href=\"https:\/\/www.noticiasnewswire.com\/es\/\">NOTICIAS NEWSWIRE<\/a>) \u2014 <a href=\"https:\/\/www.nga.gov\/press\/2024\/natalia-angeles-vieyra.html\" target=\"_blank\" rel=\"noopener\"><i>(Read in English)<\/i><\/a> La National Gallery of Art anuncia hoy el nombramiento de Natalia \u00c1ngeles Vieyra al nuevo puesto de curadora asociada del arte latino. Asume el cargo el 30 de junio. El puesto fue creado gracias a una subvenci\u00f3n de $500,000 de la Fundaci\u00f3n Getty como parte de la iniciativa Advancing Latinx Art in Museums (Promoviendo el arte latino en los museos; ALAM, por sus siglas en ingl\u00e9s), con el apoyo de las Fundaciones Mellon, Ford, Getty y Terra.<\/p>\n<p>Vieyra desempe\u00f1ar\u00e1 un papel fundamental en la labor del museo. Se unir\u00e1 a un equipo de siete curadores en el departamento de arte moderno y contempor\u00e1neo dedicados al arte de los siglos XX y XXI. Como especialista y asesora en arte latino, Vieyra contribuir\u00e1 a la adquisici\u00f3n, exposici\u00f3n (tanto temporal como permanente) e investigaci\u00f3n dentro del rubro, as\u00ed como al servicio p\u00fablico que ofrece el museo en este campo. Actualmente, la colecci\u00f3n de la National Gallery incluye obras de artistas latino\/a\/es destacado\/a\/es, como Ana Mendieta, F\u00e9lix Gonz\u00e1lez-Torres, Rupert Garc\u00eda, Carmen Herrera, Daniel Lind-Ramos, Freddy Rodr\u00edguez, Christina Fern\u00e1ndez, Miguel Luciano, y Martine Guti\u00e9rrez. Vieyra se encargar\u00e1 de expandir, estudiar e interpretar el arte latino moderno y contempor\u00e1neo en el contexto de una colecci\u00f3n creciente y diversa. Ya que el arte latino es un campo amplio, que atraviesa la historia y los medios art\u00edsticos, Vieyra trabajar\u00e1 en colaboraci\u00f3n con otros departamentos de curadur\u00eda para ayudar a integrar el arte y las perspectivas latinas en todo aspecto.<\/p>\n<p>\u201cEs un momento emocionante para la National Gallery of Art. Inauguramos este nuevo puesto que aumentar\u00e1 la visibilidad y el estudio del arte latino, y que nos apoyar\u00e1 en ofrecer un mejor servicio a nuestra comunidad nacional\u201d, afirma Evelyn Carmen Ramos, directora de curadur\u00eda y conservaci\u00f3n en la National Gallery. \u201cEstamos muy entusiasmados de dar la bienvenida a Natalia \u00c1ngeles Vieyra como nuestra primera curadora de arte latino. Sus estudios acad\u00e9micos y su experiencia curatorial en el arte puertorrique\u00f1o de finales del siglo XIX hasta principios del siglo XX, y en el arte contempor\u00e1neo, est\u00e1n alineados con el contexto transhist\u00f3rico de la colecci\u00f3n de la National Gallery. Yo tambi\u00e9n soy investigadora de arte latino, y Natalia contar\u00e1 con mi apoyo en expandir nuestra colecci\u00f3n y desarrollar proyectos que iluminen las ideas y pr\u00e1cticas importantes de artistas latino\/a\/es, destacando su relevancia en el mundo, tanto en el pasado como en el presente\u201d.<\/p>\n<p>Vieyra es curadora e historiadora del arte, y ha trabajado y estudiado el arte latino de EE. UU., as\u00ed como el arte latinoamericano y caribe\u00f1o creado desde el siglo XIX. Su tesis doctoral se enfoc\u00f3 en la obra del artista puertorrique\u00f1o Francisco Oller, plasm\u00e1ndolo dentro del amplio contexto de las Am\u00e9ricas. A lo largo de su carrera, ha impulsado el di\u00e1logo entre obras hist\u00f3ricas y comunidades y artistas latino\/a\/es contempor\u00e1neo\/a\/es. En su calidad de curadora asociada de arte americano en el Worcester Art Museum de Massachusetts, Vieyra encabez\u00f3 la adquisici\u00f3n y pr\u00e9stamo de largo plazo de una variedad de obras de artistas latino\/a\/es, latinoamericano\/a\/es y afroamericano\/a\/es, en colaboraci\u00f3n con el Instituto de Cultura Puertorrique\u00f1a y colecciones privadas en Puerto Rico, entre otros. Durante su estancia como Maher Curatorial Fellow of American Art en los Harvard Art Museums, implement\u00f3 programas innovadores que crearon una conversaci\u00f3n entre audiencias latinas y obras de artistas como Ana Mendieta, Juan S\u00e1nchez y Enrique Chagoya. Asimismo, fue curadora y coorganizadora de varias exposiciones e instalaciones, entre ellos <i>De los Andes al Caribe: El arte americano desde el imperio espa\u00f1ol \/From the Andes to the Caribbean: American Art from the Spanish Empire <\/i>y<i> Prints from the Brandywine Workshop and Archives: Creative Communities.<\/i><\/p>\n<p>\u201cEstoy incre\u00edblemente honrada de unirme al equipo de la National Gallery of Art en este momento tan importante de su historia. Estoy muy emocionada de conectar e inspirar a comunidades latinas a trav\u00e9s del arte, y de abogar por artistas latino\/a\/es a nivel nacional\u201d, coment\u00f3 Vieyra.<\/p>\n<p>Vieyra tambi\u00e9n ha sido becada en el Winterthur Museum, Garden, and Library, el Smithsonian American Art Museum, y el Philadelphia Museum of Art. Por otro lado, ha sido curadora invitada y asistente curatorial en la Pennsylvania Academy of the Fine Arts y asistente de investigaci\u00f3n y curadur\u00eda en el Van Gogh Museum de Amsterdam. Tiene un doctorado en historia del arte de Temple University y es licenciada (BFA) en dise\u00f1o gr\u00e1fico por la University of the Arts en Filadelfia.<\/p>\n<p><b>Acerca de Advancing Latinx Art in Museums<\/b><br \/>\nAdvancing Latinx Art in Museums es una colaboraci\u00f3n financiera de varios a\u00f1os que busca fomentar y priorizar el arte latino-estadounidense. Las Fundaciones Mellon, Ford, Getty y Terra se comprometieron a destinar $5 millones para la iniciativa que otorgar\u00e1 diez subvenciones de $500,000 a instituciones en EE. UU. y Puerto Rico para crear y formalizar diez puestos curatoriales permanentes para profesionales que reci\u00e9n empiezan sus carreras y para otros con m\u00e1s experiencia en arte latino. M\u00e1s informaci\u00f3n <a href=\"https:\/\/www.getty.edu\/press\/pdfs\/Getty-Press%20Release-FAQ-Advancing-Latinx-Arts-in-Museums-Spanish.pdf\" target=\"_blank\" rel=\"noopener\">aqu\u00ed<\/a>.<\/p>\n<p><b>Acerca de la Andrew W. Mellon Foundation<\/b><br \/>\nLa Andrew W. Mellon Foundation es la principal defensora nacional de las artes y las humanidades. Desde 1969, la Fundaci\u00f3n se ha guiado por su creencia de que las humanidades y las artes son fundamentales para la comprensi\u00f3n humana. La Fundaci\u00f3n cree que las artes y las humanidades nos permiten expresar nuestra compleja esencia como seres humanos, y que todas las personas son merecedoras de la belleza, la trascendencia y la libertad que se pueden encontrar all\u00ed. Mediante nuestras subvenciones, buscamos construir comunidades justas, llenas de significado y empoderadas por el pensamiento cr\u00edtico. Un lugar en el que las ideas y la imaginaci\u00f3n puedan desarrollarse. M\u00e1s informaci\u00f3n en <a href=\"https:\/\/www.mellon.org\/\" target=\"_blank\" rel=\"noopener\">mellon.org<\/a>.<\/p>\n<p><b>Acerca de la Ford Foundation<\/b><br \/>\nLa Ford Foundation es una organizaci\u00f3n independiente que trabaja para abordar la desigualdad y construir un futuro basado en la justicia. Por m\u00e1s de 85\u202fa\u00f1os, ha apoyado a personas visionarias con un rol importante en el cambio social mundial y ha seguido su misi\u00f3n de fortalecer los valores democr\u00e1ticos, reducir la pobreza y la injusticia, promover la cooperaci\u00f3n internacional y fomentar los logros humanos. Hoy, con una dotaci\u00f3n de $16\u202fmil millones, la fundaci\u00f3n tiene su sede en Nueva York, adem\u00e1s de 10\u202foficinas regionales en \u00c1frica, Asia, Am\u00e9rica Latina y Medio Oriente. M\u00e1s informaci\u00f3n en <a href=\"https:\/\/www.fordfoundation.org\/\" target=\"_blank\" rel=\"noopener\">fordfoundation.org<\/a>.<\/p>\n<p><b>Acerca de la Getty Foundation<\/b><br \/>\nLa Getty Foundation lleva adelante la misi\u00f3n filantr\u00f3pica del Getty Trust brindando apoyo a personas e instituciones que tienen el compromiso de promover la comprensi\u00f3n y conservaci\u00f3n de las artes visuales en Los \u00c1ngeles y en todo el mundo. A trav\u00e9s de iniciativas estrat\u00e9gicas de subvenci\u00f3n, la fundaci\u00f3n refuerza la historia del arte como disciplina global, promueve la pr\u00e1ctica interdisciplinaria de la conservaci\u00f3n, ampl\u00eda el acceso a las colecciones de museos y archivos y capacita al equipo de liderazgo actual y futuro de las artes visuales. Adem\u00e1s, desempe\u00f1a su trabajo en colaboraci\u00f3n con los dem\u00e1s programas del Getty para garantizar el mayor impacto, tanto individual como colectivo. Puede encontrar m\u00e1s informaci\u00f3n en <a href=\"https:\/\/www.getty.edu\/foundation\/\" target=\"_blank\" rel=\"noopener\">getty.edu\/foundation<\/a>.<\/p>\n<p><b>Acerca de la Terra Foundation for American Art<\/b><br \/>\nLa Terra Foundation for American Art se cre\u00f3 en 1978, tiene oficinas en Chicago y Par\u00eds, y apoya a organizaciones y personas a nivel local y mundial con el objetivo de fomentar di\u00e1logos interculturales y pr\u00e1cticas transformadoras que ampl\u00eden las narrativas del arte estadounidense a trav\u00e9s de programas de subvenciones, colecciones e iniciativas. M\u00e1s informaci\u00f3n en <a href=\"https:\/\/www.terraamericanart.org\/\" target=\"_blank\" rel=\"noopener\">terraamericanart.org<\/a>.<br \/>\n<small><b>Cr\u00e9dito: Isabel Vieyra\u00a0<\/b><\/small><\/p>\n","protected":false},"excerpt":{"rendered":"<p>WASHINGTON \u2014 5 de abril de 2024 \u2014 (NOTICIAS NEWSWIRE) \u2014 (Read in English) La National Gallery of Art anuncia hoy el nombramiento de Natalia \u00c1ngeles Vieyra al nuevo puesto de curadora asociada del arte latino. Asume el cargo el 30 de junio. El puesto fue creado gracias a una subvenci\u00f3n de $500,000 de la&#8230; <a href=\"https:\/\/www.noticiasnewswire.com\/es\/natalia-angeles-vieyra-curadora-asociada\/\" class=\"learn-btn\">Continue Reading<\/a><\/p>\n","protected":false},"author":15,"featured_media":52117,"comment_status":"closed","ping_status":"closed","sticky":false,"template":"","format":"standard","meta":{"_acf_changed":false,"_genesis_hide_title":false,"_genesis_hide_breadcrumbs":false,"_genesis_hide_singular_image":false,"_genesis_hide_footer_widgets":false,"_genesis_custom_body_class":"","_genesis_custom_post_class":"","_genesis_layout":"","footnotes":""},"categories":[2346,2354],"tags":[],"class_list":{"0":"post-52122","1":"post","2":"type-post","3":"status-publish","4":"format-standard","5":"has-post-thumbnail","7":"category-arte-cultura","8":"category-noticias-generales","9":"entry"},"acf":[],"featured_image_src":"https:\/\/www.noticiasnewswire.com\/wp-content\/uploads\/2024\/04\/featured-image-04051-600x400.jpg","featured_image_src_square":"https:\/\/www.noticiasnewswire.com\/wp-content\/uploads\/2024\/04\/featured-image-04051-600x463.jpg","author_info":{"display_name":"vicente","author_link":"https:\/\/www.noticiasnewswire.com\/es\/author\/vicente\/"},"_links":{"self":[{"href":"https:\/\/www.noticiasnewswire.com\/es\/wp-json\/wp\/v2\/posts\/52122","targetHints":{"allow":["GET"]}}],"collection":[{"href":"https:\/\/www.noticiasnewswire.com\/es\/wp-json\/wp\/v2\/posts"}],"about":[{"href":"https:\/\/www.noticiasnewswire.com\/es\/wp-json\/wp\/v2\/types\/post"}],"author":[{"embeddable":true,"href":"https:\/\/www.noticiasnewswire.com\/es\/wp-json\/wp\/v2\/users\/15"}],"replies":[{"embeddable":true,"href":"https:\/\/www.noticiasnewswire.com\/es\/wp-json\/wp\/v2\/comments?post=52122"}],"version-history":[{"count":0,"href":"https:\/\/www.noticiasnewswire.com\/es\/wp-json\/wp\/v2\/posts\/52122\/revisions"}],"wp:featuredmedia":[{"embeddable":true,"href":"https:\/\/www.noticiasnewswire.com\/es\/wp-json\/wp\/v2\/media\/52117"}],"wp:attachment":[{"href":"https:\/\/www.noticiasnewswire.com\/es\/wp-json\/wp\/v2\/media?parent=52122"}],"wp:term":[{"taxonomy":"category","embeddable":true,"href":"https:\/\/www.noticiasnewswire.com\/es\/wp-json\/wp\/v2\/categories?post=52122"},{"taxonomy":"post_tag","embeddable":true,"href":"https:\/\/www.noticiasnewswire.com\/es\/wp-json\/wp\/v2\/tags?post=52122"}],"curies":[{"name":"wp","href":"https:\/\/api.w.org\/{rel}","templated":true}]}}