{"id":52953,"date":"2024-06-13T10:45:21","date_gmt":"2024-06-13T14:45:21","guid":{"rendered":"https:\/\/www.noticiasnewswire.com\/?p=52953"},"modified":"2024-06-13T20:32:57","modified_gmt":"2024-06-14T00:32:57","slug":"vehiculos-electricos-precios-inferiores","status":"publish","type":"post","link":"https:\/\/www.noticiasnewswire.com\/es\/vehiculos-electricos-precios-inferiores\/","title":{"rendered":"Por primera vez los veh\u00edculos el\u00e9ctricos usados tienen precios inferiores a los de gasolina"},"content":{"rendered":"<p>MIAMI, FL \u2014 13 de junio de 2024 \u2014 (<a href=\"https:\/\/www.noticiasnewswire.com\/es\/\">NOTICIAS NEWSWIRE<\/a>) \u2014 El \u00faltimo estudio del sitio iSeeCars muestra que los precios de los veh\u00edculos el\u00e9ctricos usados cayeron por debajo de los precios de los veh\u00edculos de gasolina por primera vez en febrero y los veh\u00edculos el\u00e9ctricos contin\u00faan cayendo m\u00e1s r\u00e1pido que los autom\u00f3viles tradicionales, creando una brecha cada vez mayor entre los precios de los veh\u00edculos el\u00e9ctricos y los de la gasolina.<\/p>\n<p>\u00abNo se puede negar la ca\u00edda en el valor de los veh\u00edculos el\u00e9ctricos usados durante el a\u00f1o pasado\u00bb, dijo Karl Brauer, analista ejecutivo de iSeeCars.<\/p>\n<p>\u00abHemos observado que los precios de los veh\u00edculos el\u00e9ctricos han ca\u00eddo entre un 30 y un 40 por ciento desde junio del a\u00f1o pasado, mientras que el precio promedio de un autom\u00f3vil de gasolina ha ca\u00eddo s\u00f3lo entre un 3 y un 7 por ciento en ese mismo per\u00edodo\u00bb.<\/p>\n<p>iSeeCars analiz\u00f3 m\u00e1s de 2,2 millones de autom\u00f3viles usados de 1 a 5 a\u00f1os vendidos en mayo de 2023 y 2024 y descubri\u00f3 que el precio promedio de los veh\u00edculos el\u00e9ctricos usados ha bajado un 29,5 por ciento a\u00f1o tras a\u00f1o frente al 6,1 por ciento del precio promedio de los autom\u00f3viles de gasolina usados.<\/p>\n<p>Los veh\u00edculos el\u00e9ctricos usados han ca\u00eddo por debajo de los autom\u00f3viles de gasolina y la ca\u00edda contin\u00faa<\/p>\n<p>Si bien los valores de los veh\u00edculos el\u00e9ctricos parecieron estabilizarse a finales de 2023, experimentaron una ca\u00edda sustancial este a\u00f1o en febrero y han seguido cayendo durante los \u00faltimos cuatro meses.<\/p>\n<p>Al mismo tiempo, el precio promedio de los autos usados a gasolina se ha mantenido estable, cambiando aproximadamente $400 d\u00f3lares durante esos mismos cuatro meses.<\/p>\n<table style=\"font-size: 0.8em\">\n<tbody>\n<tr>\n<td colspan=\"5\"><b>Precios de veh\u00edculos el\u00e9ctricos usados de 1 a 5 a\u00f1os versus precios de autos usados a gasolina<\/b><\/td>\n<\/tr>\n<tr>\n<td><b>Mes<\/b><\/td>\n<td><b>Precio promedio de veh\u00edculos el\u00e9ctricos usados<\/b><\/td>\n<td><b>Precio promedio de autos usados a gasolina<\/b><\/td>\n<td><b>$ Diferencia de precio<\/b><\/td>\n<td><b>% de Diferencia de prec<\/b>io<\/td>\n<\/tr>\n<tr>\n<td>Mayo 2024<\/td>\n<td>$28,767<\/td>\n<td>$31,424<\/td>\n<td>-$2,657<\/td>\n<td>-8.5%<\/td>\n<\/tr>\n<tr>\n<td>April 2024<\/td>\n<td>$29,066<\/td>\n<td>$31,391<\/td>\n<td>-$2,325<\/td>\n<td>-7.4%<\/td>\n<\/tr>\n<tr>\n<td>Marzo 2024<\/td>\n<td>$29,925<\/td>\n<td>$31,015<\/td>\n<td>-$1,090<\/td>\n<td>-3.5%<\/td>\n<\/tr>\n<tr>\n<td>Febrero 2024<\/td>\n<td>$30,904<\/td>\n<td>$31,169<\/td>\n<td>-$265<\/td>\n<td>-0.9%<\/td>\n<\/tr>\n<tr>\n<td>Enero 2024<\/td>\n<td>$33,275<\/td>\n<td>$31,689<\/td>\n<td>$1,586<\/td>\n<td>5.0%<\/td>\n<\/tr>\n<tr>\n<td>Diciembre 2023<\/td>\n<td>$33,572<\/td>\n<td>$29,789<\/td>\n<td>$3,783<\/td>\n<td>12.7%<\/td>\n<\/tr>\n<tr>\n<td>Noviembre 2023<\/td>\n<td>$34,275<\/td>\n<td>$30,116<\/td>\n<td>$4,159<\/td>\n<td>13.8%<\/td>\n<\/tr>\n<tr>\n<td>Octubre 2023<\/td>\n<td>$34,994<\/td>\n<td>$30,906<\/td>\n<td>$4,088<\/td>\n<td>13.2%<\/td>\n<\/tr>\n<tr>\n<td>Septiembre 2023<\/td>\n<td>$34,926<\/td>\n<td>$31,147<\/td>\n<td>$3,779<\/td>\n<td>12.1%<\/td>\n<\/tr>\n<tr>\n<td>Agosto 2023<\/td>\n<td>$36,161<\/td>\n<td>$31,446<\/td>\n<td>$4,715<\/td>\n<td>15.0%<\/td>\n<\/tr>\n<tr>\n<td>Julio 2023<\/td>\n<td>$38,797<\/td>\n<td>$32,251<\/td>\n<td>$6,546<\/td>\n<td>20.3%<\/td>\n<\/tr>\n<tr>\n<td>Junio 2023<\/td>\n<td>$40,916<\/td>\n<td>$32,715<\/td>\n<td>$8,201<\/td>\n<td>25.1%<\/td>\n<\/tr>\n<\/tbody>\n<\/table>\n<p><b>Estos son los autos usados con las mayores ca\u00eddas de precios en 12 meses:<\/b><\/p>\n<p>Cuando se analizan modelos espec\u00edficos con las mayores ca\u00eddas de precios durante el a\u00f1o pasado, los veh\u00edculos el\u00e9ctricos ocupan los primeros siete puestos y constituyen ocho de los 10 modelos principales.<\/p>\n<table style=\"font-size: 0.8em\">\n<tbody>\n<tr>\n<td colspan=\"5\"><b>Los 10 autos con las mayores ca\u00eddas de precios a\u00f1o tras a\u00f1o: mayo de 2024<\/b><\/td>\n<\/tr>\n<tr>\n<td><b>Posici\u00f3n<\/b><\/td>\n<td><b>Modelo<\/b><\/td>\n<td><b>Precio promedio usado<\/b><\/td>\n<td><b>A\u00f1o tras a\u00f1o $ Diferencia de precio<\/b><\/td>\n<td><b>% de diferencia de precio a\u00f1o tras a\u00f1o<\/b><\/td>\n<\/tr>\n<tr>\n<td>1<\/td>\n<td>Jaguar I-PACE<\/td>\n<td>$32,651<\/td>\n<td>-$14,053<\/td>\n<td>-30.1%<\/td>\n<\/tr>\n<tr>\n<td>2<\/td>\n<td>Chevrolet Bolt EV<\/td>\n<td>$18,081<\/td>\n<td>-$7,041<\/td>\n<td>-28.0%<\/td>\n<\/tr>\n<tr>\n<td>3<\/td>\n<td>Hyundai Kona Electric<\/td>\n<td>$21,602<\/td>\n<td>-$7,780<\/td>\n<td>-26.5%<\/td>\n<\/tr>\n<tr>\n<td>4<\/td>\n<td>Kia Niro EV<\/td>\n<td>$22,893<\/td>\n<td>-$7,561<\/td>\n<td>-24.8%<\/td>\n<\/tr>\n<tr>\n<td>5<\/td>\n<td>Nissan LEAF<\/td>\n<td>$17,593<\/td>\n<td>-$5,546<\/td>\n<td>-24.0%<\/td>\n<\/tr>\n<tr>\n<td>6<\/td>\n<td>Tesla Model 3<\/td>\n<td>$28,439<\/td>\n<td>-$8,932<\/td>\n<td>-23.9%<\/td>\n<\/tr>\n<tr>\n<td>7<\/td>\n<td>Tesla Model X<\/td>\n<td>$59,296<\/td>\n<td>-$13,690<\/td>\n<td>-18.8%<\/td>\n<\/tr>\n<tr>\n<td>8<\/td>\n<td>Jaguar E-PACE<\/td>\n<td>$27,811<\/td>\n<td>-$5,658<\/td>\n<td>-16.9%<\/td>\n<\/tr>\n<tr>\n<td>9<\/td>\n<td>Tesla Model S<\/td>\n<td>$55,340<\/td>\n<td>-$10,399<\/td>\n<td>-15.8%<\/td>\n<\/tr>\n<tr>\n<td>10<\/td>\n<td>Maserati Levante<\/td>\n<td>$49,096<\/td>\n<td>-$8,991<\/td>\n<td>-15.5%<\/td>\n<\/tr>\n<tr>\n<td colspan=\"2\">Promedio general<\/td>\n<td>$31,368<\/td>\n<td>-$2,184<\/td>\n<td>-6.5%<\/td>\n<\/tr>\n<\/tbody>\n<\/table>\n","protected":false},"excerpt":{"rendered":"<p>MIAMI, FL \u2014 13 de junio de 2024 \u2014 (NOTICIAS NEWSWIRE) \u2014 El \u00faltimo estudio del sitio iSeeCars muestra que los precios de los veh\u00edculos el\u00e9ctricos usados cayeron por debajo de los precios de los veh\u00edculos de gasolina por primera vez en febrero y los veh\u00edculos el\u00e9ctricos contin\u00faan cayendo m\u00e1s r\u00e1pido que los autom\u00f3viles tradicionales,&#8230; <a href=\"https:\/\/www.noticiasnewswire.com\/es\/vehiculos-electricos-precios-inferiores\/\" class=\"learn-btn\">Continue Reading<\/a><\/p>\n","protected":false},"author":15,"featured_media":52952,"comment_status":"closed","ping_status":"open","sticky":false,"template":"","format":"standard","meta":{"_acf_changed":false,"_genesis_hide_title":false,"_genesis_hide_breadcrumbs":false,"_genesis_hide_singular_image":false,"_genesis_hide_footer_widgets":false,"_genesis_custom_body_class":"","_genesis_custom_post_class":"","_genesis_layout":"","footnotes":""},"categories":[2347,2354],"tags":[],"class_list":{"0":"post-52953","1":"post","2":"type-post","3":"status-publish","4":"format-standard","5":"has-post-thumbnail","7":"category-automotriz","8":"category-noticias-generales","9":"entry"},"acf":[],"featured_image_src":"https:\/\/www.noticiasnewswire.com\/wp-content\/uploads\/2024\/06\/featured-image-06131-1-600x400.jpg","featured_image_src_square":"https:\/\/www.noticiasnewswire.com\/wp-content\/uploads\/2024\/06\/featured-image-06131-1-600x463.jpg","author_info":{"display_name":"vicente","author_link":"https:\/\/www.noticiasnewswire.com\/es\/author\/vicente\/"},"_links":{"self":[{"href":"https:\/\/www.noticiasnewswire.com\/es\/wp-json\/wp\/v2\/posts\/52953","targetHints":{"allow":["GET"]}}],"collection":[{"href":"https:\/\/www.noticiasnewswire.com\/es\/wp-json\/wp\/v2\/posts"}],"about":[{"href":"https:\/\/www.noticiasnewswire.com\/es\/wp-json\/wp\/v2\/types\/post"}],"author":[{"embeddable":true,"href":"https:\/\/www.noticiasnewswire.com\/es\/wp-json\/wp\/v2\/users\/15"}],"replies":[{"embeddable":true,"href":"https:\/\/www.noticiasnewswire.com\/es\/wp-json\/wp\/v2\/comments?post=52953"}],"version-history":[{"count":0,"href":"https:\/\/www.noticiasnewswire.com\/es\/wp-json\/wp\/v2\/posts\/52953\/revisions"}],"wp:featuredmedia":[{"embeddable":true,"href":"https:\/\/www.noticiasnewswire.com\/es\/wp-json\/wp\/v2\/media\/52952"}],"wp:attachment":[{"href":"https:\/\/www.noticiasnewswire.com\/es\/wp-json\/wp\/v2\/media?parent=52953"}],"wp:term":[{"taxonomy":"category","embeddable":true,"href":"https:\/\/www.noticiasnewswire.com\/es\/wp-json\/wp\/v2\/categories?post=52953"},{"taxonomy":"post_tag","embeddable":true,"href":"https:\/\/www.noticiasnewswire.com\/es\/wp-json\/wp\/v2\/tags?post=52953"}],"curies":[{"name":"wp","href":"https:\/\/api.w.org\/{rel}","templated":true}]}}