{"id":53521,"date":"2024-07-22T14:10:42","date_gmt":"2024-07-22T18:10:42","guid":{"rendered":"https:\/\/www.noticiasnewswire.com\/?p=53521"},"modified":"2024-07-22T14:10:42","modified_gmt":"2024-07-22T18:10:42","slug":"estreno-de-ellos-gritan-libertad","status":"publish","type":"post","link":"https:\/\/www.noticiasnewswire.com\/es\/estreno-de-ellos-gritan-libertad\/","title":{"rendered":"Miami ser\u00e1 la sede del estreno de &#8216;Ellos Gritan Libertad&#8217;, un conmovedor documental sobre las protestas cubanas por la libertad"},"content":{"rendered":"<iframe loading=\"lazy\" class=\"youtube\" width=\"304\" height=\"186\" src=\"https:\/\/youtube.com\/embed\/rKwcEQQz9Ow?wmode=transparent\" frameborder=\"0\" wmode=\"transparent\"><\/iframe> <p>MIAMI, FL \u2014 22 de julio de 2024 \u2014 (<a href=\"https:\/\/www.noticiasnewswire.com\/es\/\">NOTICIAS NEWSWIRE<\/a>) \u2014 <a href=\"https:\/\/thecuban.org\/\" target=\"_blank\" rel=\"noopener\"><b>El Museo Americano de la Di\u00e1spora Cubana<\/b><\/a> y <a href=\"https:\/\/www.artesmiami.org\/\" target=\"_blank\" rel=\"noopener\"><b>ArtesMiami<\/b><\/a> se enorgullecen de presentar el estreno en Miami del documental premiado <b>\u00abEllos Gritan Libertad\u00bb <\/b>el <b>26 y 27 de julio a las 7 PM<\/b>. Esta poderosa pel\u00edcula ofrece una mirada cruda y sin filtros a las valientes protestas por la libertad que estallaron en toda Cuba el 11 de julio de 2021.<\/p>\n<p>Dirigida por la cineasta galardonada <b>Melinda Raebyne<\/b>, \u00abEllos Gritan Libertad\u00bb captura la esencia de la resiliencia cubana a trav\u00e9s de historias personales, entrevistas exclusivas y poes\u00eda evocadoras desde dentro del pa\u00eds. La pel\u00edcula es narrada por <b>Tommy Clark<\/b>, una persona valiente que arriesg\u00f3 todo para sacar clandestinamente im\u00e1genes de Cuba, con la esperanza de que el mundo vea la verdad sobre lo que est\u00e1 sucediendo en Cuba y se mueva a actuar.<\/p>\n<p>\u201cEllos Gritan Libertad\u201d pinta un retrato v\u00edvido de una naci\u00f3n al borde, gritando por libertad y dignidad contra condiciones opresivas. Incluye contribuciones de celebridades cubanoamericanas notables como el actor\/productor <b>Andy Garc\u00eda<\/b>, el productor musical ganador del Grammy <b>Jorge G\u00f3mez<\/b>, el actor\/productor <b>Laz Alonso<\/b> y la activista <b>Rosa Mar\u00eda Pay\u00e1<\/b>, enriqueciendo la narrativa con sus perspectivas y su arte.<\/p>\n<p>\u201cMiami, para m\u00ed era el \u00fanico lugar donde el estreno de \u2018Ellos Gritan Libertad\u2019 deber\u00eda ser, las voces de aquellos en la isla uni\u00e9ndose a las voces de aquellos en Miami exigiendo \u2018\u00a1Libertad!\u2019\u201d, dijo Raebyne. \u201cCon todos nosotros unidos para elevar sus voces con las nuestras, nos convertimos en una ola masiva, un tif\u00f3n, un tsunami exigiendo libertad para aquellos en Cuba, un derecho b\u00e1sico, un derecho humano. Lo m\u00e1s importante, estamos diciendo a aquellos en Cuba \u2018Escuchamos sus s\u00faplicas. No han ca\u00eddo en o\u00eddos sordos. Estamos con ustedes. Luchamos con ustedes. Los vemos, los escuchamos y ustedes importan\u2019.\u201d<\/p>\n<p><b>Detalles de la Proyecci\u00f3n:<\/b><\/p>\n<p><b>Estreno: Viernes, 26 de julio, 7 PM<\/b> \u2014 Seguido de una discusi\u00f3n con el narrador, la directora Melinda Raebyne y el compositor Jorge G\u00f3mez. Para boletos, <a href=\"https:\/\/www.ubmeevents.com\/event\/8705fd54-f450-43f2-96fd-5e9d602cbb6c\" target=\"_blank\" rel=\"noopener\">haga clic aqu\u00ed<\/a>.<\/p>\n<p><b>Recepci\u00f3n y Proyecci\u00f3n: S\u00e1bado, 27 de julio, 7 PM<\/b> \u2014 Una recepci\u00f3n seguida de una proyecci\u00f3n y una discusi\u00f3n con el narrador Tommy Clark y la directora Melinda Raebyne. Para boletos, <a href=\"https:\/\/www.ubmeevents.com\/event\/86f8d824-daf4-484b-8b2a-c98dd4eac364%20(https:\/\/www.ubmeevents.com\/event\/86f8d824-daf4-484b-8b2a-c98dd4eac364)\" target=\"_blank\" rel=\"noopener\">haga clic aqu\u00ed<\/a>.<\/p>\n<p>Ambos eventos tendr\u00e1n lugar en el Museo Americano de la Di\u00e1spora Cubana, en 1200 Coral Way, Miami, Florida 33145. Los boletos est\u00e1n disponibles en l\u00ednea en <a href=\"https:\/\/ubmeevents.com\/\" target=\"_blank\" rel=\"noopener\">UBMe Events<\/a>.<\/p>\n<p>\u00abEllos Gritan Libertad\u00bb ya ha recibido aclamaci\u00f3n internacional, ganando el Premio al Mejor Director de Documentales en el Festival de Cine Social Mundial en Italia en 2023, Mejor Documental del PNW en el Festival de Cine de Tacoma en 2023 y el Premio del Festival de Cine de la Libertad de Expresi\u00f3n en 2023.<\/p>\n<p>\u00danase a nosotros para esta experiencia inolvidable mientras exploramos las luchas y esperanzas del pueblo cubano, cuyos gritos de libertad han resonado en todo el mundo. \u00abEllos Gritan Libertad\u00bb no es solo una pel\u00edcula; es un llamado de auxilio, un llamado a la acci\u00f3n y un testimonio del esp\u00edritu indomable del pueblo cubano.<\/p>\n<p><b>Sobre la Directora Melinda Raebyne<br \/>\n<\/b>Melinda Raebyne es una cineasta taiwano-americana conocida por su apasionada narrativa y su compromiso con la justicia social. Su trabajo abarca el mundo, abordando temas universales de dignidad, resiliencia y la condici\u00f3n humana. Los proyectos anteriores de Raebyne han recibido numerosos elogios y su dedicaci\u00f3n al cine independiente sigue inspirando a audiencias y cr\u00edticos por igual. <a href=\"https:\/\/www.melindaraebynefilms.com\/\" target=\"_blank\" rel=\"noopener\">https:\/\/www.melindaraebynefilms.com\/<\/a><\/p>\n<p><b>Sobre ArtesMiami, Inc.<br \/>\n<\/b>ArtesMiami, Inc. tiene la misi\u00f3n de apoyar y promover a los artistas y organizaciones culturales hispanos, principalmente en el sur de Florida, para generar un mayor entendimiento y aprecio por su trabajo entre los diversos p\u00fablicos de esta regi\u00f3n. As\u00ed, ArtesMiami tambi\u00e9n contribuye al desarrollo del sur de Florida como un centro art\u00edstico y cultural. Para mas informacion, visite a: <a href=\"https:\/\/www.artesmiami.org\/\" target=\"_blank\" rel=\"noopener\">https:\/\/www.artesmiami.org\/<\/a><\/p>\n<p><b>Sobre el Museo Americano de la Di\u00e1spora Cubana<br \/>\n<\/b>El Museo Americano de la Di\u00e1spora Cubana ha surgido r\u00e1pidamente como el coraz\u00f3n de la Miami cubana. Su programaci\u00f3n de teatro en vivo y artes esc\u00e9nicas, as\u00ed como su galer\u00eda de exposiciones rotativas, exhiben las obras de los artistas, pensadores y creadores m\u00e1s destacados de la di\u00e1spora cubana, encendiendo narrativas apasionantes que trascienden fronteras. El Museo ayudar\u00e1 a los visitantes a identificar los peligros para sus libertades hoy, contando la historia de c\u00f3mo, en una generaci\u00f3n, una rep\u00fablica libre y pr\u00f3spera se transform\u00f3 en una dictadura opresiva y empobrecida \u2014 y la lucha a\u00fan pendiente tanto en Cuba como en la Di\u00e1spora por liberar y reconstruir. <a href=\"https:\/\/thecuban.org\/\" target=\"_blank\" rel=\"noopener\">https:\/\/thecuban.org\/<\/a><\/p>\n","protected":false},"excerpt":{"rendered":"<h3><em>\u2014 Documental galardonado presenta im\u00e1genes exclusivas de las hist\u00f3ricas protestas de 2021 en Cuba \u2014<\/em><\/h3>\n<h3><em>\u2014 \u00danase a la discusi\u00f3n con los cineastas y el narrador tras un vistazo convincente a la lucha de Cuba por la libertad \u2014<\/em><\/h3>\n","protected":false},"author":15,"featured_media":53506,"comment_status":"closed","ping_status":"open","sticky":false,"template":"","format":"standard","meta":{"_acf_changed":false,"_genesis_hide_title":false,"_genesis_hide_breadcrumbs":false,"_genesis_hide_singular_image":false,"_genesis_hide_footer_widgets":false,"_genesis_custom_body_class":"","_genesis_custom_post_class":"","_genesis_layout":"","footnotes":""},"categories":[2346,2360],"tags":[21854,21855,21678,21856,21857,21858,21859,21860,21861],"class_list":{"0":"post-53521","1":"post","2":"type-post","3":"status-publish","4":"format-standard","5":"has-post-thumbnail","7":"category-arte-cultura","8":"category-asuntos-publicos-gobierno","9":"tag-artesmiami-es","10":"tag-cuba-protests-es","11":"tag-documentary-es","12":"tag-ellos-gritan-libertad-es","13":"tag-jorge-gomez-es","14":"tag-melinda-raebyne-es","15":"tag-rosa-maria-paya-es","16":"tag-the-american-museum-of-the-cuban-diaspora-es","17":"tag-they-scream-freedom-es","18":"entry"},"acf":[],"featured_image_src":"https:\/\/www.noticiasnewswire.com\/wp-content\/uploads\/2024\/07\/featured-image-07223-600x400.jpg","featured_image_src_square":"https:\/\/www.noticiasnewswire.com\/wp-content\/uploads\/2024\/07\/featured-image-07223-600x463.jpg","author_info":{"display_name":"vicente","author_link":"https:\/\/www.noticiasnewswire.com\/es\/author\/vicente\/"},"_links":{"self":[{"href":"https:\/\/www.noticiasnewswire.com\/es\/wp-json\/wp\/v2\/posts\/53521","targetHints":{"allow":["GET"]}}],"collection":[{"href":"https:\/\/www.noticiasnewswire.com\/es\/wp-json\/wp\/v2\/posts"}],"about":[{"href":"https:\/\/www.noticiasnewswire.com\/es\/wp-json\/wp\/v2\/types\/post"}],"author":[{"embeddable":true,"href":"https:\/\/www.noticiasnewswire.com\/es\/wp-json\/wp\/v2\/users\/15"}],"replies":[{"embeddable":true,"href":"https:\/\/www.noticiasnewswire.com\/es\/wp-json\/wp\/v2\/comments?post=53521"}],"version-history":[{"count":0,"href":"https:\/\/www.noticiasnewswire.com\/es\/wp-json\/wp\/v2\/posts\/53521\/revisions"}],"wp:featuredmedia":[{"embeddable":true,"href":"https:\/\/www.noticiasnewswire.com\/es\/wp-json\/wp\/v2\/media\/53506"}],"wp:attachment":[{"href":"https:\/\/www.noticiasnewswire.com\/es\/wp-json\/wp\/v2\/media?parent=53521"}],"wp:term":[{"taxonomy":"category","embeddable":true,"href":"https:\/\/www.noticiasnewswire.com\/es\/wp-json\/wp\/v2\/categories?post=53521"},{"taxonomy":"post_tag","embeddable":true,"href":"https:\/\/www.noticiasnewswire.com\/es\/wp-json\/wp\/v2\/tags?post=53521"}],"curies":[{"name":"wp","href":"https:\/\/api.w.org\/{rel}","templated":true}]}}