{"id":53762,"date":"2024-08-12T11:33:58","date_gmt":"2024-08-12T15:33:58","guid":{"rendered":"https:\/\/www.noticiasnewswire.com\/?p=53762"},"modified":"2024-08-13T09:25:04","modified_gmt":"2024-08-13T13:25:04","slug":"kia-anuncia-participacion-en-rebelle","status":"publish","type":"post","link":"https:\/\/www.noticiasnewswire.com\/es\/kia-anuncia-participacion-en-rebelle\/","title":{"rendered":"Kia anuncia su participaci\u00f3n en el noveno Rally anual Rebelle"},"content":{"rendered":"<p>MIAMI, FL \u2014 12 de agosto de 2024 \u2014 (<a href=\"https:\/\/www.noticiasnewswire.com\/es\/\">NOTICIAS NEWSWIRE<\/a>) \u2014 Kia Am\u00e9rica se enorgullece de anunciar su participaci\u00f3n en el noveno Rally anual Rebelle, lo que marca el quinto a\u00f1o consecutivo de competencia de la marca en el agotador desaf\u00edo de navegaci\u00f3n. En anticipaci\u00f3n del rally, Kia se complace en ofrecer un adelanto de un dise\u00f1o personalizado de estudiante que lucir\u00e1 el modificado Telluride X-Pro cuando salga a la pista a finales de este oto\u00f1o.<\/p>\n<p>En colaboraci\u00f3n con el prestigioso ArtCenter College of Design en Pasadena, CA, Kia desafi\u00f3 a un grupo de estudiantes a crear un dise\u00f1o llamativo y \u00fanico para el Telluride X-Pro que compite. Despu\u00e9s de dos semanas de esfuerzo creativo, se presentaron cuatro dise\u00f1os, y el dise\u00f1o ganador fue creado por Jaiwon Lee, un estudiante de dise\u00f1o gr\u00e1fico de \u00faltimo a\u00f1o que se especializa en identidad de marca y tipograf\u00eda. Inspirado en las habilidades de navegaci\u00f3n utilizadas en el Rally Rebelle, el dise\u00f1o de Jaiwon se basa en un mapa topogr\u00e1fico del Valle de Las Vegas.<\/p>\n<p><b><i>\u00abQuer\u00eda enfatizar la filosof\u00eda de Kia de &#8216;Opuestos unidos&#8217;, que busca sinergia y armon\u00eda a trav\u00e9s de ideas contrastantes\u00bb, dijo Jaiwon. \u201cMi dise\u00f1o encarna esta filosof\u00eda al armonizar motivos org\u00e1nicos de la naturaleza con caracter\u00edsticas mec\u00e1nicas inspiradas en las carreteras y las carreras\u201d.<\/i><\/b><\/p>\n<p>Asociarse con el ArtCenter College of Design para el desaf\u00edo de dise\u00f1o gr\u00e1fico fue una elecci\u00f3n natural, ya que varios dise\u00f1adores de Kia Design Center America (KDCA) son graduados de la escuela.<\/p>\n<p>\u201cComo muchos de nuestros talentosos dise\u00f1adores de KDCA provienen del prestigioso ArtCenter College of Design, quer\u00edamos devolverle algo a la escuela brind\u00e1ndoles a los estudiantes actuales la oportunidad de mostrar su incre\u00edble talento en el escenario del Rebelle Rally\u201d, dijo Tom Kearns, dise\u00f1ador jefe del Kia Design Center Am\u00e9rica.\u00a0<\/p>\n<p><b><i>\u201cEstamos inmensamente orgullosos del notable trabajo de los estudiantes y esperamos con entusiasmo ver el dise\u00f1o de Jaiwon en el Telluride X-Pro cuando se embarque en su viaje por el Rebelle Rally en un par de meses\u201d.<\/i><\/b><\/p>\n<p>Por cuarto a\u00f1o consecutivo, la piloto de rally profesional Verena Mei ser\u00e1 la piloto del Kia Rebelle Rally, con Kendra Miller, una experimentada conductora y navegante, a su lado. Se revelar\u00e1 m\u00e1s informaci\u00f3n sobre el Rebelle Rally X-Pro y el equipo a finales de este oto\u00f1o.<\/p>\n","protected":false},"excerpt":{"rendered":"<p>MIAMI, FL \u2014 12 de agosto de 2024 \u2014 (NOTICIAS NEWSWIRE) \u2014 Kia Am\u00e9rica se enorgullece de anunciar su participaci\u00f3n en el noveno Rally anual Rebelle, lo que marca el quinto a\u00f1o consecutivo de competencia de la marca en el agotador desaf\u00edo de navegaci\u00f3n. En anticipaci\u00f3n del rally, Kia se complace en ofrecer un adelanto&#8230; <a href=\"https:\/\/www.noticiasnewswire.com\/es\/kia-anuncia-participacion-en-rebelle\/\" class=\"learn-btn\">Continue Reading<\/a><\/p>\n","protected":false},"author":15,"featured_media":53757,"comment_status":"closed","ping_status":"open","sticky":false,"template":"","format":"standard","meta":{"_acf_changed":false,"_genesis_hide_title":false,"_genesis_hide_breadcrumbs":false,"_genesis_hide_singular_image":false,"_genesis_hide_footer_widgets":false,"_genesis_custom_body_class":"","_genesis_custom_post_class":"","_genesis_layout":"","footnotes":""},"categories":[2347,2354],"tags":[],"class_list":{"0":"post-53762","1":"post","2":"type-post","3":"status-publish","4":"format-standard","5":"has-post-thumbnail","7":"category-automotriz","8":"category-noticias-generales","9":"entry"},"acf":[],"featured_image_src":"https:\/\/www.noticiasnewswire.com\/wp-content\/uploads\/2024\/08\/feaured-image-08122-600x400.jpg","featured_image_src_square":"https:\/\/www.noticiasnewswire.com\/wp-content\/uploads\/2024\/08\/feaured-image-08122-600x463.jpg","author_info":{"display_name":"vicente","author_link":"https:\/\/www.noticiasnewswire.com\/es\/author\/vicente\/"},"_links":{"self":[{"href":"https:\/\/www.noticiasnewswire.com\/es\/wp-json\/wp\/v2\/posts\/53762","targetHints":{"allow":["GET"]}}],"collection":[{"href":"https:\/\/www.noticiasnewswire.com\/es\/wp-json\/wp\/v2\/posts"}],"about":[{"href":"https:\/\/www.noticiasnewswire.com\/es\/wp-json\/wp\/v2\/types\/post"}],"author":[{"embeddable":true,"href":"https:\/\/www.noticiasnewswire.com\/es\/wp-json\/wp\/v2\/users\/15"}],"replies":[{"embeddable":true,"href":"https:\/\/www.noticiasnewswire.com\/es\/wp-json\/wp\/v2\/comments?post=53762"}],"version-history":[{"count":0,"href":"https:\/\/www.noticiasnewswire.com\/es\/wp-json\/wp\/v2\/posts\/53762\/revisions"}],"wp:featuredmedia":[{"embeddable":true,"href":"https:\/\/www.noticiasnewswire.com\/es\/wp-json\/wp\/v2\/media\/53757"}],"wp:attachment":[{"href":"https:\/\/www.noticiasnewswire.com\/es\/wp-json\/wp\/v2\/media?parent=53762"}],"wp:term":[{"taxonomy":"category","embeddable":true,"href":"https:\/\/www.noticiasnewswire.com\/es\/wp-json\/wp\/v2\/categories?post=53762"},{"taxonomy":"post_tag","embeddable":true,"href":"https:\/\/www.noticiasnewswire.com\/es\/wp-json\/wp\/v2\/tags?post=53762"}],"curies":[{"name":"wp","href":"https:\/\/api.w.org\/{rel}","templated":true}]}}