{"id":53874,"date":"2024-08-16T14:28:33","date_gmt":"2024-08-16T18:28:33","guid":{"rendered":"https:\/\/www.noticiasnewswire.com\/?p=53874"},"modified":"2024-08-20T13:27:13","modified_gmt":"2024-08-20T17:27:13","slug":"kia-estara-presente-en-la-electrify-expo-2","status":"publish","type":"post","link":"https:\/\/www.noticiasnewswire.com\/es\/kia-estara-presente-en-la-electrify-expo-2\/","title":{"rendered":"Kia estar\u00e1 presente en la Electrify Expo de esta semana en San Francisco"},"content":{"rendered":"<p>MIAMI, FL \u2014 16 de agosto de 2024 \u2014 (<a href=\"https:\/\/www.noticiasnewswire.com\/es\/\">NOTICIAS NEWSWIRE<\/a>) \u2014 Con una de las selecciones m\u00e1s amplias de veh\u00edculos utilitarios el\u00e9ctricos de Estados Unidos, los esfuerzos de Kia Am\u00e9rica por informar e inspirar a los consumidores sobre la facilidad y las ventajas de poseer un veh\u00edculo h\u00edbrido o el\u00e9ctrico contin\u00faan en la Electrify Expo de esta semana en San Francisco, del 24 al 25 de agosto, en Alameda Point.<\/p>\n<p>El modelo insignia Kia EV9, que recientemente logr\u00f3 una notable victoria doble en los premios World Car Awards 2024 al ser nombrado tanto Auto Mundial del A\u00f1o como Veh\u00edculo El\u00e9ctrico Mundial, estar\u00e1 presente, al igual que una gama completa de modelos h\u00edbridos y totalmente el\u00e9ctricos de Kia, incluidos: el CUV Niro totalmente el\u00e9ctrico, el EV6 GT de 576 caballos de fuerza, variantes h\u00edbridas enchufables de los populares SUV Sportage y Sorento, y el nuevo h\u00edbrido Carnival que se lanzar\u00e1 pr\u00f3ximamente en Norteam\u00e9rica el mes pasado.<\/p>\n<p>\u00abLa Electrify Expo es el mejor lugar para aprender sobre los beneficios de los veh\u00edculos h\u00edbridos y el\u00e9ctricos y ver los impresionantes resultados del compromiso de Kia con el liderazgo en movilidad sustentable\u00bb, dijo Steven Center, director de operaciones y vicepresidente ejecutivo de Kia Am\u00e9rica.<\/p>\n<p>\u00abNuestra programaci\u00f3n en la Electrify Expo de San Francisco incluye el pionero SUV EV de tres filas EV9, el EV6 GT, el veh\u00edculo de producci\u00f3n de Kia m\u00e1s potente de la historia, y una colecci\u00f3n de veh\u00edculos crossover, SUV y multiprop\u00f3sito que demuestran c\u00f3mo Kia est\u00e1 haciendo que la propiedad de veh\u00edculos el\u00e9ctricos sea m\u00e1s f\u00e1cil y accesible que nunca\u00bb.<\/p>\n<p>Los asistentes y los l\u00edderes de la industria discutir\u00e1n sobre la legislaci\u00f3n que afecta a la industria de los veh\u00edculos el\u00e9ctricos, la ansiedad por la autonom\u00eda, los materiales y la sustentabilidad de las bater\u00edas, la infraestructura de carga y el futuro de las aplicaciones de conducci\u00f3n aut\u00f3noma. Puede encontrar una lista completa de sesiones y presentadores visitando.<\/p>\n","protected":false},"excerpt":{"rendered":"<p>MIAMI, FL \u2014 16 de agosto de 2024 \u2014 (NOTICIAS NEWSWIRE) \u2014 Con una de las selecciones m\u00e1s amplias de veh\u00edculos utilitarios el\u00e9ctricos de Estados Unidos, los esfuerzos de Kia Am\u00e9rica por informar e inspirar a los consumidores sobre la facilidad y las ventajas de poseer un veh\u00edculo h\u00edbrido o el\u00e9ctrico contin\u00faan en la Electrify&#8230; <a href=\"https:\/\/www.noticiasnewswire.com\/es\/kia-estara-presente-en-la-electrify-expo-2\/\" class=\"learn-btn\">Continue Reading<\/a><\/p>\n","protected":false},"author":15,"featured_media":53873,"comment_status":"closed","ping_status":"open","sticky":false,"template":"","format":"standard","meta":{"_acf_changed":false,"_genesis_hide_title":false,"_genesis_hide_breadcrumbs":false,"_genesis_hide_singular_image":false,"_genesis_hide_footer_widgets":false,"_genesis_custom_body_class":"","_genesis_custom_post_class":"","_genesis_layout":"","footnotes":""},"categories":[2347],"tags":[],"class_list":{"0":"post-53874","1":"post","2":"type-post","3":"status-publish","4":"format-standard","5":"has-post-thumbnail","7":"category-automotriz","8":"entry"},"acf":[],"featured_image_src":"https:\/\/www.noticiasnewswire.com\/wp-content\/uploads\/2024\/08\/Kia-EV9-600x400.jpg","featured_image_src_square":"https:\/\/www.noticiasnewswire.com\/wp-content\/uploads\/2024\/08\/Kia-EV9-600x600.jpg","author_info":{"display_name":"vicente","author_link":"https:\/\/www.noticiasnewswire.com\/es\/author\/vicente\/"},"_links":{"self":[{"href":"https:\/\/www.noticiasnewswire.com\/es\/wp-json\/wp\/v2\/posts\/53874","targetHints":{"allow":["GET"]}}],"collection":[{"href":"https:\/\/www.noticiasnewswire.com\/es\/wp-json\/wp\/v2\/posts"}],"about":[{"href":"https:\/\/www.noticiasnewswire.com\/es\/wp-json\/wp\/v2\/types\/post"}],"author":[{"embeddable":true,"href":"https:\/\/www.noticiasnewswire.com\/es\/wp-json\/wp\/v2\/users\/15"}],"replies":[{"embeddable":true,"href":"https:\/\/www.noticiasnewswire.com\/es\/wp-json\/wp\/v2\/comments?post=53874"}],"version-history":[{"count":0,"href":"https:\/\/www.noticiasnewswire.com\/es\/wp-json\/wp\/v2\/posts\/53874\/revisions"}],"wp:featuredmedia":[{"embeddable":true,"href":"https:\/\/www.noticiasnewswire.com\/es\/wp-json\/wp\/v2\/media\/53873"}],"wp:attachment":[{"href":"https:\/\/www.noticiasnewswire.com\/es\/wp-json\/wp\/v2\/media?parent=53874"}],"wp:term":[{"taxonomy":"category","embeddable":true,"href":"https:\/\/www.noticiasnewswire.com\/es\/wp-json\/wp\/v2\/categories?post=53874"},{"taxonomy":"post_tag","embeddable":true,"href":"https:\/\/www.noticiasnewswire.com\/es\/wp-json\/wp\/v2\/tags?post=53874"}],"curies":[{"name":"wp","href":"https:\/\/api.w.org\/{rel}","templated":true}]}}