{"id":54248,"date":"2024-08-26T12:26:21","date_gmt":"2024-08-26T16:26:21","guid":{"rendered":"https:\/\/www.noticiasnewswire.com\/?p=54248"},"modified":"2024-09-04T21:28:42","modified_gmt":"2024-09-05T01:28:42","slug":"temporada-de-enfermedades-respiratorias","status":"publish","type":"post","link":"https:\/\/www.noticiasnewswire.com\/es\/temporada-de-enfermedades-respiratorias\/","title":{"rendered":"Prep\u00e1rate ahora para protegerte durante la temporada de enfermedades respiratorias"},"content":{"rendered":"<p>WASHINGTON, DC \u2014 26 de agosto de 2024 \u2014 (<a href=\"https:\/\/www.noticiasnewswire.com\/es\/\">NOTICIAS NEWSWIRE<\/a>) \u2014\u00a0Los ni\u00f1os est\u00e1n regresando a la escuela y el oto\u00f1o se acerca r\u00e1pidamente, lo que significa que la temporada de enfermedades respiratorias est\u00e1 a la vuelta de la esquina. Los expertos en salud instan a que ahora es el momento de pensar en c\u00f3mo reducir\u00e1s tu riesgo de enfermedades graves por COVID-19 y gripe en los pr\u00f3ximos meses, incluyendo\u00a0<a href=\"https:\/\/cveep.org\/stayupdated\/\" target=\"_blank\" rel=\"noopener\">mantenerte al d\u00eda\u00a0<\/a>con las \u00faltimas vacunas. Los funcionarios de salud tambi\u00e9n subrayan que el COVID-19 y la gripe son\u00a0<a href=\"https:\/\/www.cdc.gov\/flu\/symptoms\/flu-vs-covid19.htm\" target=\"_blank\" rel=\"noopener\">enfermedades graves<\/a>\u00a0que se encuentran entre las principales causas de muertes por enfermedades infecciosas en los Estados Unidos.<\/p>\n<p>Los expertos de\u00a0<a href=\"https:\/\/cveep.org\/\" target=\"_blank\" rel=\"noopener\">Champions for Vaccine Education, Equity, and Progress\u00a0<\/a>(CVEEP), una coalici\u00f3n dedicada a promover la educaci\u00f3n y el acceso a las vacunas, respaldan esta orientaci\u00f3n, subrayando que la vacunaci\u00f3n oportuna es la defensa m\u00e1s efectiva contra enfermedades graves y hospitalizaciones. \u201cRecibir las \u00faltimas vacunas contra el COVID-19 y la gripe cuando est\u00e9n disponibles este oto\u00f1o es crucial\u201d, se\u00f1ala Beth Battaglino, CEO de\u00a0<a href=\"https:\/\/www.healthywomen.org\/\" target=\"_blank\" rel=\"noopener\">HealthyWomen\u00a0<\/a>y\u00a0<a href=\"https:\/\/cveep.org\/partners\/\" target=\"_blank\" rel=\"noopener\">coordinadora de CVEEP.<\/a>\u00a0\u201cLos virus como los que causan el COVID-19 y la gripe mutan con el tiempo y las vacunas se actualizan espec\u00edficamente de manera regular para contrarrestar estas nuevas variantes en circulaci\u00f3n\u201d.<\/p>\n<p>Este verano, la naci\u00f3n ha experimentado un\u00a0<a href=\"https:\/\/covid.cdc.gov\/covid-data-tracker\/#datatracker-home\" target=\"_blank\" rel=\"noopener\">aumento significativo\u00a0<\/a>en los casos de COVID-19, atribuido a un virus en evoluci\u00f3n. Para sobrevivir, el virus del COVID-19 est\u00e1 cambiando constantemente, lo que lleva a la aparici\u00f3n de nuevas variantes. Estas nuevas variantes pueden escapar de nuestra respuesta inmune natural y de la protecci\u00f3n proporcionada por las vacunas anteriores.<\/p>\n<p>A medida que surgen nuevas variantes, la protecci\u00f3n proporcionada por las vacunas puede disminuir. Por eso es crucial mantenerse al d\u00eda con tus vacunas contra el COVID-19 y la gripe. Al igual que las vacunas contra la gripe, las vacunas contra el COVID-19 se actualizan regularmente para proteger contra las variantes que se prev\u00e9 que circulen durante la pr\u00f3xima temporada de enfermedades respiratorias, que generalmente abarca de septiembre a marzo.<\/p>\n<p>Mantenerse al d\u00eda con las vacunas contra el COVID-19 y la gripe reduce significativamente el riesgo de enfermedades graves, hospitalizaciones y muertes. De hecho, estudios recientes han demostrado que las\u00a0<a href=\"https:\/\/www.cdc.gov\/flu\/prevent\/keyfacts.htm\" target=\"_blank\" rel=\"noopener\">vacunas contra la gripe<\/a>\u00a0reducen el riesgo de enfermedad hasta en un 60% y las\u00a0<a href=\"https:\/\/www.cdc.gov\/mmwr\/volumes\/70\/wr\/mm7037e3.htm\" target=\"_blank\" rel=\"noopener\">vacunas contra el COVID-19<\/a>\u00a0reducen el riesgo de hospitalizaci\u00f3n en un 80% y de muerte en un 90%.<\/p>\n<p>Se espera que las vacunas actualizadas contra el COVID-19 y la gripe est\u00e9n disponibles en las pr\u00f3ximas semanas. Los Centros para el Control y la Prevenci\u00f3n de Enfermedades (CDC)<a href=\"https:\/\/www.cdc.gov\/media\/releases\/2024\/s-t0627-vaccine-recommendations.html\" target=\"_blank\" rel=\"noopener\">\u00a0recomiendan<\/a>\u00a0que todas las personas de 6 meses en adelante reciban estas vacunas. Consulta a tu proveedor de atenci\u00f3n m\u00e9dica o farmacia local para obtener m\u00e1s informaci\u00f3n sobre la disponibilidad.<\/p>\n<p>Visita<a href=\"http:\/\/cveep.org\/stayupdated\" target=\"_blank\" rel=\"noopener\">\u00a0CVEEP.org\/stayupdated<\/a>\u00a0para obtener informaci\u00f3n adicional y recursos sobre vacunaci\u00f3n.<\/p>\n","protected":false},"excerpt":{"rendered":"<p>WASHINGTON, DC \u2014 26 de agosto de 2024 \u2014 (NOTICIAS NEWSWIRE) \u2014\u00a0Los ni\u00f1os est\u00e1n regresando a la escuela y el oto\u00f1o se acerca r\u00e1pidamente, lo que significa que la temporada de enfermedades respiratorias est\u00e1 a la vuelta de la esquina. Los expertos en salud instan a que ahora es el momento de pensar en c\u00f3mo&#8230; <a href=\"https:\/\/www.noticiasnewswire.com\/es\/temporada-de-enfermedades-respiratorias\/\" class=\"learn-btn\">Continue Reading<\/a><\/p>\n","protected":false},"author":8,"featured_media":54247,"comment_status":"closed","ping_status":"open","sticky":false,"template":"","format":"standard","meta":{"_acf_changed":false,"_genesis_hide_title":false,"_genesis_hide_breadcrumbs":false,"_genesis_hide_singular_image":false,"_genesis_hide_footer_widgets":false,"_genesis_custom_body_class":"","_genesis_custom_post_class":"","_genesis_layout":"","footnotes":""},"categories":[2356,2364],"tags":[21940],"class_list":{"0":"post-54248","1":"post","2":"type-post","3":"status-publish","4":"format-standard","5":"has-post-thumbnail","7":"category-interes-humano","8":"category-articulos-editoriales","9":"tag-enfermedades-respiratorias-es","10":"entry"},"acf":[],"featured_image_src":"https:\/\/www.noticiasnewswire.com\/wp-content\/uploads\/2024\/09\/MAT-Release-Image-16169_0-480x400.png","featured_image_src_square":"https:\/\/www.noticiasnewswire.com\/wp-content\/uploads\/2024\/09\/MAT-Release-Image-16169_0.png","author_info":{"display_name":"Jay Cruz","author_link":"https:\/\/www.noticiasnewswire.com\/es\/author\/jcruz\/"},"_links":{"self":[{"href":"https:\/\/www.noticiasnewswire.com\/es\/wp-json\/wp\/v2\/posts\/54248","targetHints":{"allow":["GET"]}}],"collection":[{"href":"https:\/\/www.noticiasnewswire.com\/es\/wp-json\/wp\/v2\/posts"}],"about":[{"href":"https:\/\/www.noticiasnewswire.com\/es\/wp-json\/wp\/v2\/types\/post"}],"author":[{"embeddable":true,"href":"https:\/\/www.noticiasnewswire.com\/es\/wp-json\/wp\/v2\/users\/8"}],"replies":[{"embeddable":true,"href":"https:\/\/www.noticiasnewswire.com\/es\/wp-json\/wp\/v2\/comments?post=54248"}],"version-history":[{"count":0,"href":"https:\/\/www.noticiasnewswire.com\/es\/wp-json\/wp\/v2\/posts\/54248\/revisions"}],"wp:featuredmedia":[{"embeddable":true,"href":"https:\/\/www.noticiasnewswire.com\/es\/wp-json\/wp\/v2\/media\/54247"}],"wp:attachment":[{"href":"https:\/\/www.noticiasnewswire.com\/es\/wp-json\/wp\/v2\/media?parent=54248"}],"wp:term":[{"taxonomy":"category","embeddable":true,"href":"https:\/\/www.noticiasnewswire.com\/es\/wp-json\/wp\/v2\/categories?post=54248"},{"taxonomy":"post_tag","embeddable":true,"href":"https:\/\/www.noticiasnewswire.com\/es\/wp-json\/wp\/v2\/tags?post=54248"}],"curies":[{"name":"wp","href":"https:\/\/api.w.org\/{rel}","templated":true}]}}