{"id":55001,"date":"2024-10-24T10:20:13","date_gmt":"2024-10-24T14:20:13","guid":{"rendered":"https:\/\/www.noticiasnewswire.com\/?p=55001"},"modified":"2024-10-28T09:15:00","modified_gmt":"2024-10-28T13:15:00","slug":"scout-presentara-conceptos-electricos","status":"publish","type":"post","link":"https:\/\/www.noticiasnewswire.com\/es\/scout-presentara-conceptos-electricos\/","title":{"rendered":"Scout Motors presentar\u00e1 sus primeros conceptos el\u00e9ctricos"},"content":{"rendered":"<p>MIAMI, FL \u2014 24 de octubre de 2024 \u2014 (<a title=\"NOTICIAS NEWSWIRE\" href=\"https:\/\/www.noticiasnewswire.com\/es\/\" target=\"_blank\" rel=\"noopener\">NOTICIAS NEWSWIRE<\/a>) \u2014 Con poca prensa hispana invitada, hoy, jueves 24 de Octubre, tendremos un adelanto de los camiones y SUV el\u00e9ctricos de Scout Motors, el resurgimiento por parte del Grupo VW, de una marca americana ic\u00f3nica de veh\u00edculos todoterreno, para un futuro de cero emisiones. Bueno, eso dicen.<\/p>\n<p>El debut de Scout Motors se produce en un momento crucial para las inversiones en veh\u00edculos el\u00e9ctricos de Estados Unidos, donde las ventas han ido muy pero muy lentamente avanzando.<\/p>\n<p>Ser\u00e1 en Nashville, donde Scout Motors presentar\u00e1 sus primeros conceptos el\u00e9ctricos.<\/p>\n<p>Se espera que la nueva f\u00e1brica de 2.000 millones de d\u00f3lares en Carolina del Sur cree 4.000 o m\u00e1s puestos de trabajo permanentes, y parece bastante \u00fanica en el panorama del Grupo VW.<\/p>\n<p>Por ejemplo, no es tanto una marca como Audi o Porsche, sino una filial de propiedad absoluta en la que Volkswagen es inversor. En teor\u00eda, eso deber\u00eda proporcionarle cierto aislamiento de la nave nodriza y la direcci\u00f3n local.<\/p>\n<p>A menos de dos semanas de la elecci\u00f3n presidencial m\u00e1s pol\u00e9mica de la historia moderna de Estados Unidos, y una en la que los dos candidatos divergen marcadamente en la cuesti\u00f3n de los incentivos para los veh\u00edculos el\u00e9ctricos. El expresidente Donald Trump ha prometido revocar esas restricciones si es elegido.<\/p>\n<p>\u00bfC\u00f3mo podr\u00eda afectar eso a la iniciativa de Scout Motors, a sus incentivos fiscales para ir a Carolina del Sur e incluso a los incentivos de compra para sus futuros autom\u00f3viles?<\/p>\n<p>Es demasiado pronto para saberlo. No se espera que los veh\u00edculos Scout debuten hasta 2027 o posiblemente 2028, y en t\u00e9rminos de pol\u00edtica y tecnolog\u00eda de veh\u00edculos el\u00e9ctricos, eso bien podr\u00eda tardar m\u00e1s a\u00f1os o quiz\u00e1s nunca salgan al mercado.<\/p>\n<p>Hubo rumores en ciertos medios, de que la f\u00e1brica tambi\u00e9n podr\u00eda fabricar autom\u00f3viles h\u00edbridos, pero sus directivos descartaron la idea.<\/p>\n<p><b>\u00bfQui\u00e9nes son?<\/b><\/p>\n<p>Scout Motors, propiedad de Volkswagen, est\u00e1 desarrollando SUV y camionetas el\u00e9ctricas para competir con Rivian. Bueno, eso dicen.<\/p>\n<p>La empresa est\u00e1 construyendo una f\u00e1brica en Blythewood, Carolina del Sur, donde planea producir m\u00e1s de 200.000 veh\u00edculos al a\u00f1o.<\/p>\n<p>Se espera que la producci\u00f3n (si es que habr\u00e1 producci\u00f3n) comience a finales de 2026 y alcance su capacidad m\u00e1xima en el 2027.<\/p>\n<p>Lamentablemente la relacionistas p\u00fablica de Scout Motors, ex Stellantis y ex Honda, no es de nuestras mejores amigas, por lo que no estamos entre los medios invitados, y por lo que nos enteramos, solo han invitado a sus medios amigos, esos que escriben que todos los autos son buenos, no importa si son realmente malos, por lo que eso dice mucho.<\/p>\n<p><b>Historia de la marca Scout<\/b><\/p>\n<p>El Scout fue originalmente un veh\u00edculo todoterreno compacto producido por International Harvester a partir de 1960. El Scout 80, 800 y 2 fueron veh\u00edculos con tracci\u00f3n en las cuatro ruedas legendarios en las d\u00e9cadas de 1960, 1970 y principios de 1980. La producci\u00f3n termin\u00f3 en 1980, pero el Scout ha seguido siendo popular entre los coleccionistas.<\/p>\n<h3>Director ejecutivo de Scout Motors<\/h3>\n<p>Scott Keogh ha prometido una planta respetuosa con el medio ambiente y un veh\u00edculo divertido y totalmente el\u00e9ctrico. Los expertos de la industria predicen que las versiones de gama alta del nuevo SUV y camioneta Scout pueden tener 450 caballos de fuerza.<\/p>\n<p><b>Volkswagen<\/b><\/p>\n<p>Volkswagen adquiri\u00f3 la marca Scout en el 2021 despu\u00e9s de comprar Navistar International, un fabricante de camiones estadounidense.<\/p>\n","protected":false},"excerpt":{"rendered":"<p>MIAMI, FL \u2014 24 de octubre de 2024 \u2014 (NOTICIAS NEWSWIRE) \u2014 Con poca prensa hispana invitada, hoy, jueves 24 de Octubre, tendremos un adelanto de los camiones y SUV el\u00e9ctricos de Scout Motors, el resurgimiento por parte del Grupo VW, de una marca americana ic\u00f3nica de veh\u00edculos todoterreno, para un futuro de cero emisiones&#8230;. <a href=\"https:\/\/www.noticiasnewswire.com\/es\/scout-presentara-conceptos-electricos\/\" class=\"learn-btn\">Continue Reading<\/a><\/p>\n","protected":false},"author":15,"featured_media":54994,"comment_status":"closed","ping_status":"open","sticky":false,"template":"","format":"standard","meta":{"_acf_changed":false,"_genesis_hide_title":false,"_genesis_hide_breadcrumbs":false,"_genesis_hide_singular_image":false,"_genesis_hide_footer_widgets":false,"_genesis_custom_body_class":"","_genesis_custom_post_class":"","_genesis_layout":"","footnotes":""},"categories":[2347,2354],"tags":[],"class_list":{"0":"post-55001","1":"post","2":"type-post","3":"status-publish","4":"format-standard","5":"has-post-thumbnail","7":"category-automotriz","8":"category-noticias-generales","9":"entry"},"acf":[],"featured_image_src":"https:\/\/www.noticiasnewswire.com\/wp-content\/uploads\/2024\/10\/featured-image-10241-600x400.jpg","featured_image_src_square":"https:\/\/www.noticiasnewswire.com\/wp-content\/uploads\/2024\/10\/featured-image-10241-600x463.jpg","author_info":{"display_name":"vicente","author_link":"https:\/\/www.noticiasnewswire.com\/es\/author\/vicente\/"},"_links":{"self":[{"href":"https:\/\/www.noticiasnewswire.com\/es\/wp-json\/wp\/v2\/posts\/55001","targetHints":{"allow":["GET"]}}],"collection":[{"href":"https:\/\/www.noticiasnewswire.com\/es\/wp-json\/wp\/v2\/posts"}],"about":[{"href":"https:\/\/www.noticiasnewswire.com\/es\/wp-json\/wp\/v2\/types\/post"}],"author":[{"embeddable":true,"href":"https:\/\/www.noticiasnewswire.com\/es\/wp-json\/wp\/v2\/users\/15"}],"replies":[{"embeddable":true,"href":"https:\/\/www.noticiasnewswire.com\/es\/wp-json\/wp\/v2\/comments?post=55001"}],"version-history":[{"count":0,"href":"https:\/\/www.noticiasnewswire.com\/es\/wp-json\/wp\/v2\/posts\/55001\/revisions"}],"wp:featuredmedia":[{"embeddable":true,"href":"https:\/\/www.noticiasnewswire.com\/es\/wp-json\/wp\/v2\/media\/54994"}],"wp:attachment":[{"href":"https:\/\/www.noticiasnewswire.com\/es\/wp-json\/wp\/v2\/media?parent=55001"}],"wp:term":[{"taxonomy":"category","embeddable":true,"href":"https:\/\/www.noticiasnewswire.com\/es\/wp-json\/wp\/v2\/categories?post=55001"},{"taxonomy":"post_tag","embeddable":true,"href":"https:\/\/www.noticiasnewswire.com\/es\/wp-json\/wp\/v2\/tags?post=55001"}],"curies":[{"name":"wp","href":"https:\/\/api.w.org\/{rel}","templated":true}]}}