{"id":55661,"date":"2024-12-19T11:44:37","date_gmt":"2024-12-19T16:44:37","guid":{"rendered":"https:\/\/www.noticiasnewswire.com\/?p=55661"},"modified":"2024-12-20T10:01:45","modified_gmt":"2024-12-20T15:01:45","slug":"volkswagen-colabora-con-el-museo-del-automovil","status":"publish","type":"post","link":"https:\/\/www.noticiasnewswire.com\/es\/volkswagen-colabora-con-el-museo-del-automovil\/","title":{"rendered":"Volkswagen colabora con el Museo del Autom\u00f3vil de la Fundaci\u00f3n Simeone en el programa : &#8216;Pasado, Presente y Futuro&#8217;"},"content":{"rendered":"<p>MIAMI, FL \u2014 19 de diciembre de 2024 \u2014 (<a title=\"NOTICIAS NEWSWIRE\" href=\"https:\/\/www.noticiasnewswire.com\/es\/\" target=\"_blank\" rel=\"noopener\">NOTICIAS NEWSWIRE<\/a>) \u2014 Volkswagen of America, Inc. se complace en anunciar su apoyo al Museo del Autom\u00f3vil de la Fundaci\u00f3n Simeone en la inauguraci\u00f3n de \u201cDas Museumsprogramm\u201d, \u00abPasado, Presente y Futuro\u00bb una exposici\u00f3n que celebra los 75 a\u00f1os de Volkswagen en Estados Unidos y su rico legado e impacto cultural en todo el mundo.<\/p>\n<p>\u201cDas Museumsprogramm\u201d es una exploraci\u00f3n \u00fanica de los modelos y los hitos m\u00e1s memorables de Volkswagen, con veh\u00edculos que representan la evoluci\u00f3n de la marca desde el cl\u00e1sico Beetle hasta sus \u00faltimos veh\u00edculos el\u00e9ctricos.<\/p>\n<p>Con una selecci\u00f3n curada de modelos, que incluyen un Beetle de 1949, un 21-Window Bus de 1967, un GTI de 1984 y la visi\u00f3n el\u00e9ctrica de VW para el futuro, el ID. Buzz, la exposici\u00f3n celebra el impacto de Volkswagen a lo largo de las generaciones y su papel en la conformaci\u00f3n de la cultura automotriz.<\/p>\n<p>El Museo Simeone dise\u00f1\u00f3 esta experiencia de exhibici\u00f3n \u00fanica en su tipo, con el apoyo de Volkswagen a trav\u00e9s de materiales de exhibici\u00f3n de veh\u00edculos. El patrocinio permite a VW celebrar su legado y conectarse con una comunidad de entusiastas de la marca, al tiempo que apoya la misi\u00f3n del Museo Simeone de dar vida a la historia del autom\u00f3vil.<\/p>\n<p>\u201cEstamos encantados de presentar \u2018Das Museumsprogramm\u2019 y trabajar junto a Volkswagen para compartir su incre\u00edble historia con nuestros visitantes\u201d, dijo Kevin Kelly, director del Museo del Autom\u00f3vil de la Fundaci\u00f3n Simeone.<\/p>\n<p>\u201cEsta exhibici\u00f3n es un homenaje al atractivo atemporal de Volkswagen y su poderosa influencia en el dise\u00f1o y la cultura del autom\u00f3vil\u201d.<\/p>\n<p>La exhibici\u00f3n se realizar\u00e1 del 14 de diciembre de 2024 al 12 de enero de 2025 en el Museo del Autom\u00f3vil de la Fundaci\u00f3n Simeone en Filadelfia, Pensilvania. Para obtener m\u00e1s informaci\u00f3n sobre el museo y la exhibici\u00f3n, visite la p\u00e1gina del evento: <a href=\"https:\/\/simeonemuseum.org\/vw\/\" target=\"_blank\" rel=\"noopener\">https:\/\/simeonemuseum.org\/vw\/<\/a><\/p>\n","protected":false},"excerpt":{"rendered":"<p>MIAMI, FL \u2014 19 de diciembre de 2024 \u2014 (NOTICIAS NEWSWIRE) \u2014 Volkswagen of America, Inc. se complace en anunciar su apoyo al Museo del Autom\u00f3vil de la Fundaci\u00f3n Simeone en la inauguraci\u00f3n de \u201cDas Museumsprogramm\u201d, \u00abPasado, Presente y Futuro\u00bb una exposici\u00f3n que celebra los 75 a\u00f1os de Volkswagen en Estados Unidos y su rico&#8230; <a href=\"https:\/\/www.noticiasnewswire.com\/es\/volkswagen-colabora-con-el-museo-del-automovil\/\" class=\"learn-btn\">Continue Reading<\/a><\/p>\n","protected":false},"author":15,"featured_media":55660,"comment_status":"closed","ping_status":"open","sticky":false,"template":"","format":"standard","meta":{"_acf_changed":false,"_genesis_hide_title":false,"_genesis_hide_breadcrumbs":false,"_genesis_hide_singular_image":false,"_genesis_hide_footer_widgets":false,"_genesis_custom_body_class":"","_genesis_custom_post_class":"","_genesis_layout":"","footnotes":""},"categories":[2347,2354],"tags":[],"class_list":{"0":"post-55661","1":"post","2":"type-post","3":"status-publish","4":"format-standard","5":"has-post-thumbnail","7":"category-automotriz","8":"category-noticias-generales","9":"entry"},"acf":[],"featured_image_src":"https:\/\/www.noticiasnewswire.com\/wp-content\/uploads\/2024\/12\/17527-BeetleandID.Buzz_-600x400.jpg","featured_image_src_square":"https:\/\/www.noticiasnewswire.com\/wp-content\/uploads\/2024\/12\/17527-BeetleandID.Buzz_-600x600.jpg","author_info":{"display_name":"vicente","author_link":"https:\/\/www.noticiasnewswire.com\/es\/author\/vicente\/"},"_links":{"self":[{"href":"https:\/\/www.noticiasnewswire.com\/es\/wp-json\/wp\/v2\/posts\/55661","targetHints":{"allow":["GET"]}}],"collection":[{"href":"https:\/\/www.noticiasnewswire.com\/es\/wp-json\/wp\/v2\/posts"}],"about":[{"href":"https:\/\/www.noticiasnewswire.com\/es\/wp-json\/wp\/v2\/types\/post"}],"author":[{"embeddable":true,"href":"https:\/\/www.noticiasnewswire.com\/es\/wp-json\/wp\/v2\/users\/15"}],"replies":[{"embeddable":true,"href":"https:\/\/www.noticiasnewswire.com\/es\/wp-json\/wp\/v2\/comments?post=55661"}],"version-history":[{"count":0,"href":"https:\/\/www.noticiasnewswire.com\/es\/wp-json\/wp\/v2\/posts\/55661\/revisions"}],"wp:featuredmedia":[{"embeddable":true,"href":"https:\/\/www.noticiasnewswire.com\/es\/wp-json\/wp\/v2\/media\/55660"}],"wp:attachment":[{"href":"https:\/\/www.noticiasnewswire.com\/es\/wp-json\/wp\/v2\/media?parent=55661"}],"wp:term":[{"taxonomy":"category","embeddable":true,"href":"https:\/\/www.noticiasnewswire.com\/es\/wp-json\/wp\/v2\/categories?post=55661"},{"taxonomy":"post_tag","embeddable":true,"href":"https:\/\/www.noticiasnewswire.com\/es\/wp-json\/wp\/v2\/tags?post=55661"}],"curies":[{"name":"wp","href":"https:\/\/api.w.org\/{rel}","templated":true}]}}