{"id":56756,"date":"2025-04-24T11:31:27","date_gmt":"2025-04-24T15:31:27","guid":{"rendered":"https:\/\/www.noticiasnewswire.com\/?p=56756"},"modified":"2025-04-24T16:38:49","modified_gmt":"2025-04-24T20:38:49","slug":"volkswagen-y-uber-lanzan-alianza","status":"publish","type":"post","link":"https:\/\/www.noticiasnewswire.com\/es\/volkswagen-y-uber-lanzan-alianza\/","title":{"rendered":"Volkswagen y Uber lanzan una alianza estrat\u00e9gica a largo plazo para implementar veh\u00edculos aut\u00f3nomos ID. Buzz en la plataforma Uber"},"content":{"rendered":"<p>MIAMI, FL \u2014\u00a0 24 de abril de 2025 \u2014 (<a title=\"NOTICIAS NEWSWIRE\" href=\"https:\/\/www.noticiasnewswire.com\/es\/\">NOTICIAS NEWSWIRE<\/a>) \u2014 La filial de movilidad aut\u00f3noma de Volkswagen Group of America Inc., y Uber anunciaron hoy una alianza estrat\u00e9gica para desplegar una flota de miles de veh\u00edculos ID. Buzz totalmente el\u00e9ctricos y aut\u00f3nomos en varios mercados estadounidenses durante la pr\u00f3xima d\u00e9cada, comenzando en Los \u00c1ngeles.<\/p>\n<p>Se espera que las pruebas comiencen a finales de este a\u00f1o, y el primer lanzamiento comercial se realizar\u00e1 en Los \u00c1ngeles en 2026. Durante las fases iniciales de prueba y lanzamiento, los veh\u00edculos ID. Buzz AD contar\u00e1 con operadores humanos a bordo para ayudar a perfeccionar la tecnolog\u00eda y garantizar la seguridad.<\/p>\n<p>Cada paso se llevar\u00e1 a cabo \u00fanicamente despu\u00e9s de obtener las aprobaciones regulatorias necesarias.<\/p>\n<p>MOIA, una marca de movilidad aut\u00f3noma de Volkswagen AG, proporcionar\u00e1 su soluci\u00f3n integrada para la conducci\u00f3n aut\u00f3noma, que incluye el ID. Buzz AD y un sistema basado en software para su implementaci\u00f3n en la plataforma Uber.<\/p>\n<p>\u201cVolkswagen no es solo un fabricante de autom\u00f3viles: estamos dando forma al futuro de la movilidad, y nuestra colaboraci\u00f3n con Uber impulsa esa visi\u00f3n\u201d, afirm\u00f3 Christian Senger, director ejecutivo de Volkswagen Autonomous Mobility.<\/p>\n<p>Lo que realmente nos distingue es nuestra capacidad de combinar lo mejor de ambos mundos: experiencia en fabricaci\u00f3n de alto volumen con tecnolog\u00eda de vanguardia y un profundo conocimiento de las necesidades de movilidad urbana.<\/p>\n<p>Volkswagen cree que la movilidad es transformadora. Nuestra alianza con Uber es el siguiente paso para hacer realidad esta visi\u00f3n y liberar el potencial de la movilidad aut\u00f3noma, afirm\u00f3 Kjell Gruner, presidente y director ejecutivo de Volkswagen Group of America.<\/p>\n<p>A trav\u00e9s de nuestra colaboraci\u00f3n con Uber, presentaremos el ID. Buzz, la versi\u00f3n renovada del ic\u00f3nico Microb\u00fas en versi\u00f3n totalmente el\u00e9ctrica, llegar\u00e1 a un n\u00famero creciente de pasajeros en los pr\u00f3ximos a\u00f1os.<\/p>\n<p>Esta colaboraci\u00f3n marca un hito significativo en el avance de la movilidad aut\u00f3noma y destaca la dedicaci\u00f3n compartida de Volkswagen y Uber para construir el futuro del transporte, afirm\u00f3 Dara Khosrowshahi, director ejecutivo de Uber.<\/p>\n<p>Estamos deseando que llegue el lanzamiento en Los \u00c1ngeles a finales del pr\u00f3ximo a\u00f1o.<\/p>\n","protected":false},"excerpt":{"rendered":"<p>MIAMI, FL \u2014\u00a0 24 de abril de 2025 \u2014 (NOTICIAS NEWSWIRE) \u2014 La filial de movilidad aut\u00f3noma de Volkswagen Group of America Inc., y Uber anunciaron hoy una alianza estrat\u00e9gica para desplegar una flota de miles de veh\u00edculos ID. Buzz totalmente el\u00e9ctricos y aut\u00f3nomos en varios mercados estadounidenses durante la pr\u00f3xima d\u00e9cada, comenzando en Los&#8230; <a href=\"https:\/\/www.noticiasnewswire.com\/es\/volkswagen-y-uber-lanzan-alianza\/\" class=\"learn-btn\">Continue Reading<\/a><\/p>\n","protected":false},"author":15,"featured_media":56752,"comment_status":"closed","ping_status":"open","sticky":false,"template":"","format":"standard","meta":{"_acf_changed":false,"_genesis_hide_title":false,"_genesis_hide_breadcrumbs":false,"_genesis_hide_singular_image":false,"_genesis_hide_footer_widgets":false,"_genesis_custom_body_class":"","_genesis_custom_post_class":"","_genesis_layout":"","footnotes":""},"categories":[2347,2354],"tags":[],"class_list":{"0":"post-56756","1":"post","2":"type-post","3":"status-publish","4":"format-standard","5":"has-post-thumbnail","7":"category-automotriz","8":"category-noticias-generales","9":"entry"},"acf":[],"featured_image_src":"https:\/\/www.noticiasnewswire.com\/wp-content\/uploads\/2025\/04\/Small-19045-vwuber-announcement-600x400.jpg","featured_image_src_square":"https:\/\/www.noticiasnewswire.com\/wp-content\/uploads\/2025\/04\/Small-19045-vwuber-announcement-600x600.jpg","author_info":{"display_name":"vicente","author_link":"https:\/\/www.noticiasnewswire.com\/es\/author\/vicente\/"},"_links":{"self":[{"href":"https:\/\/www.noticiasnewswire.com\/es\/wp-json\/wp\/v2\/posts\/56756","targetHints":{"allow":["GET"]}}],"collection":[{"href":"https:\/\/www.noticiasnewswire.com\/es\/wp-json\/wp\/v2\/posts"}],"about":[{"href":"https:\/\/www.noticiasnewswire.com\/es\/wp-json\/wp\/v2\/types\/post"}],"author":[{"embeddable":true,"href":"https:\/\/www.noticiasnewswire.com\/es\/wp-json\/wp\/v2\/users\/15"}],"replies":[{"embeddable":true,"href":"https:\/\/www.noticiasnewswire.com\/es\/wp-json\/wp\/v2\/comments?post=56756"}],"version-history":[{"count":0,"href":"https:\/\/www.noticiasnewswire.com\/es\/wp-json\/wp\/v2\/posts\/56756\/revisions"}],"wp:featuredmedia":[{"embeddable":true,"href":"https:\/\/www.noticiasnewswire.com\/es\/wp-json\/wp\/v2\/media\/56752"}],"wp:attachment":[{"href":"https:\/\/www.noticiasnewswire.com\/es\/wp-json\/wp\/v2\/media?parent=56756"}],"wp:term":[{"taxonomy":"category","embeddable":true,"href":"https:\/\/www.noticiasnewswire.com\/es\/wp-json\/wp\/v2\/categories?post=56756"},{"taxonomy":"post_tag","embeddable":true,"href":"https:\/\/www.noticiasnewswire.com\/es\/wp-json\/wp\/v2\/tags?post=56756"}],"curies":[{"name":"wp","href":"https:\/\/api.w.org\/{rel}","templated":true}]}}