{"id":56839,"date":"2025-05-02T10:34:55","date_gmt":"2025-05-02T14:34:55","guid":{"rendered":"https:\/\/www.noticiasnewswire.com\/?p=56839"},"modified":"2025-05-02T16:46:34","modified_gmt":"2025-05-02T20:46:34","slug":"volkswagen-y-wells-fargo-lanzan-acuerdo","status":"publish","type":"post","link":"https:\/\/www.noticiasnewswire.com\/es\/volkswagen-y-wells-fargo-lanzan-acuerdo\/","title":{"rendered":"Volkswagen Financial Services U.S. y Wells Fargo lanzan un acuerdo para la financiaci\u00f3n de la compra de veh\u00edculos Volkswagen y Audi en Estados Unidos"},"content":{"rendered":"<p>MIAMI, FL \u2014 2 de mayo de 2025 \u2014 (<a title=\"NOTICIAS NEWSWIRE\" href=\"https:\/\/www.noticiasnewswire.com\/es\/\">NOTICIAS NEWSWIRE<\/a>) \u2014 Volkswagen Financial Services (VWFS), la divisi\u00f3n de servicios financieros de Volkswagen Group of America, y Wells Fargo (NYSE: WFC) iniciaron hoy su acuerdo multianual de marca compartida, en virtud del cual Wells Fargo se convierte en el proveedor preferente de financiaci\u00f3n de compras para las marcas Volkswagen (VW) y Audi en el mercado estadounidense.<\/p>\n<p>Esta nueva relaci\u00f3n tambi\u00e9n respaldar\u00e1 a la marca Ducati a partir de abril de 2026. VWFS continuar\u00e1 gestionando los contratos de financiaci\u00f3n minorista que origin\u00f3 antes de la fecha de lanzamiento con Wells Fargo.<\/p>\n<p>Volkswagen Financial Services contin\u00faa liderando la experiencia del cliente en el mercado estadounidense con socios y concesionarios de las marcas Volkswagen, Audi y Ducati. En virtud de este acuerdo, VWFS seguir\u00e1 centr\u00e1ndose en el arrendamiento de veh\u00edculos para consumidores y en productos basados en el uso, incluyendo soluciones de movilidad, lo que respalda la estrategia de crecimiento del Grupo Volkswagen en EE. UU.<\/p>\n<p>\u00abEstamos inmensamente agradecidos con los dedicados equipos de VWFS y Wells Fargo, quienes han trabajado incansablemente para hacer realidad esta alianza\u00bb, declar\u00f3 Ernst Jan van Eijkelenburg, presidente y director ejecutivo de Volkswagen Financial Services y gerente regional para Norteam\u00e9rica.<\/p>\n<p>\u00abSu arduo trabajo y compromiso han sido fundamentales para garantizar una transici\u00f3n fluida. Esperamos con inter\u00e9s los importantes beneficios que esta colaboraci\u00f3n aportar\u00e1 a nuestros accionistas\u00bb.<\/p>\n<p>\u00abDesde el anuncio de esta emocionante nueva colaboraci\u00f3n, nuestros equipos se han centrado en brindar una experiencia de financiamiento fluida para los concesionarios y clientes de Volkswagen y Audi\u00bb, afirm\u00f3 Tanya Sanders, directora de Wells Fargo Auto.<\/p>\n<p>\u00abNuestra colaboraci\u00f3n se basa en nuestro compromiso compartido con la innovaci\u00f3n. Juntos, seguiremos mejorando nuestra oferta y estableciendo nuevos est\u00e1ndares de excelencia en el financiamiento automotriz y la experiencia del consumidor\u00bb.<\/p>\n","protected":false},"excerpt":{"rendered":"<p>MIAMI, FL \u2014 2 de mayo de 2025 \u2014 (NOTICIAS NEWSWIRE) \u2014 Volkswagen Financial Services (VWFS), la divisi\u00f3n de servicios financieros de Volkswagen Group of America, y Wells Fargo (NYSE: WFC) iniciaron hoy su acuerdo multianual de marca compartida, en virtud del cual Wells Fargo se convierte en el proveedor preferente de financiaci\u00f3n de compras&#8230; <a href=\"https:\/\/www.noticiasnewswire.com\/es\/volkswagen-y-wells-fargo-lanzan-acuerdo\/\" class=\"learn-btn\">Continue Reading<\/a><\/p>\n","protected":false},"author":15,"featured_media":56838,"comment_status":"closed","ping_status":"open","sticky":false,"template":"","format":"standard","meta":{"_acf_changed":false,"_genesis_hide_title":false,"_genesis_hide_breadcrumbs":false,"_genesis_hide_singular_image":false,"_genesis_hide_footer_widgets":false,"_genesis_custom_body_class":"","_genesis_custom_post_class":"","_genesis_layout":"","footnotes":""},"categories":[2347,2354],"tags":[],"class_list":{"0":"post-56839","1":"post","2":"type-post","3":"status-publish","4":"format-standard","5":"has-post-thumbnail","7":"category-automotriz","8":"category-noticias-generales","9":"entry"},"acf":[],"featured_image_src":"https:\/\/www.noticiasnewswire.com\/wp-content\/uploads\/2025\/05\/MY26-Tiguan-SEL_R-Line_Turbo-Avocado-Exterior-Trahan_1129-600x400.jpg","featured_image_src_square":"https:\/\/www.noticiasnewswire.com\/wp-content\/uploads\/2025\/05\/MY26-Tiguan-SEL_R-Line_Turbo-Avocado-Exterior-Trahan_1129-600x600.jpg","author_info":{"display_name":"vicente","author_link":"https:\/\/www.noticiasnewswire.com\/es\/author\/vicente\/"},"_links":{"self":[{"href":"https:\/\/www.noticiasnewswire.com\/es\/wp-json\/wp\/v2\/posts\/56839","targetHints":{"allow":["GET"]}}],"collection":[{"href":"https:\/\/www.noticiasnewswire.com\/es\/wp-json\/wp\/v2\/posts"}],"about":[{"href":"https:\/\/www.noticiasnewswire.com\/es\/wp-json\/wp\/v2\/types\/post"}],"author":[{"embeddable":true,"href":"https:\/\/www.noticiasnewswire.com\/es\/wp-json\/wp\/v2\/users\/15"}],"replies":[{"embeddable":true,"href":"https:\/\/www.noticiasnewswire.com\/es\/wp-json\/wp\/v2\/comments?post=56839"}],"version-history":[{"count":0,"href":"https:\/\/www.noticiasnewswire.com\/es\/wp-json\/wp\/v2\/posts\/56839\/revisions"}],"wp:featuredmedia":[{"embeddable":true,"href":"https:\/\/www.noticiasnewswire.com\/es\/wp-json\/wp\/v2\/media\/56838"}],"wp:attachment":[{"href":"https:\/\/www.noticiasnewswire.com\/es\/wp-json\/wp\/v2\/media?parent=56839"}],"wp:term":[{"taxonomy":"category","embeddable":true,"href":"https:\/\/www.noticiasnewswire.com\/es\/wp-json\/wp\/v2\/categories?post=56839"},{"taxonomy":"post_tag","embeddable":true,"href":"https:\/\/www.noticiasnewswire.com\/es\/wp-json\/wp\/v2\/tags?post=56839"}],"curies":[{"name":"wp","href":"https:\/\/api.w.org\/{rel}","templated":true}]}}