{"id":57131,"date":"2025-06-03T16:51:12","date_gmt":"2025-06-03T20:51:12","guid":{"rendered":"https:\/\/www.noticiasnewswire.com\/?p=57131"},"modified":"2025-06-03T16:51:12","modified_gmt":"2025-06-03T20:51:12","slug":"pix11-presenta-el-festival-de-la-calle","status":"publish","type":"post","link":"https:\/\/www.noticiasnewswire.com\/es\/pix11-presenta-el-festival-de-la-calle\/","title":{"rendered":"PIX11, en asociaci\u00f3n con 21 Events, presenta El Festival de la Calle 116 en vivo por PIX11, el s\u00e1bado 7 de junio de 2 a 4 PM"},"content":{"rendered":"<p>NUEVA YORK, NY \u2014 3 de junio de 2025 \u2014 (<a title=\"NOTICIAS NEWSWIRE\" href=\"https:\/\/www.noticiasnewswire.com\/es\/\">NOTICIAS NEWSWIRE<\/a>) \u2014 La propia PIX11 de Nueva York, en asociaci\u00f3n con 21 Events, se enorgullece de presentar la cobertura exclusiva del escenario de la Calle 122 en el Festival de la Calle 116 el s\u00e1bado 7 de junio, de 12 PM a 5 PM. Por primera vez en la historia del festival, PIX11 transmitir\u00e1 EN VIVO de 2 PM a 4 PM, con presentaciones de sensaciones de la m\u00fasica latina como Luis Damon, Frankie Negr\u00f3n y Tito Puente Jr. Las presentaciones en el escenario ser\u00e1n gratuitas y abiertas al p\u00fablico, acompa\u00f1adas de activaciones de patrocinadores como Con Edison, Wicked, Camille Rose, Michi Michelada, Estelar, Krasdale, Bravo y C-Town Supermarkets.<\/p>\n<p>La transmisi\u00f3n en vivo, presentada por Vanessa Freeman y Nelson Figueroa, traer\u00e1 los sonidos, sabores y energ\u00eda vibrante de El Barrio a los espectadores de toda el \u00e1rea triestatal, mostrando las celebraciones a lo largo de la Tercera Avenida, desde las calles 106 hasta la 122. Este a\u00f1o, el Festival de la Calle 116 celebra su 40\u00ba aniversario y es reconocido como el festival puertorrique\u00f1o m\u00e1s grande del mundo. <i>\u201cEstamos emocionados de llevar la energ\u00eda del Festival de la Calle 116 a nuestra audiencia como nunca antes\u00bb, dijo<\/i> Michael Schwartz, Director de Ventas de PIX11. <i>\u00abEsta transmisi\u00f3n en vivo refleja perfectamente el compromiso de PIX11 con la celebraci\u00f3n del rico tejido cultural de nuestra ciudad.\u00bb<\/i><\/p>\n<p><i>\u00abLa participaci\u00f3n comunitaria est\u00e1 en el coraz\u00f3n de todo lo que hacemos\u00bb, agreg\u00f3<\/i> Chris McDonnell, Vicepresidente y Gerente General de Nexstar Media en Nueva York. <i>\u00abNos sentimos honrados de ser parte de este aniversario hist\u00f3rico y de ayudar a llevar las vibrantes tradiciones e historias de El Barrio a los hogares de toda el \u00e1rea triestatal.\u00bb<\/i><\/p>\n<p><i>\u00abEl 7 de junio ser\u00e1 un gran d\u00eda cuando PIX11 presente las actuaciones en vivo de los principales talentos puertorrique\u00f1os, un segmento especial sobre la llegada de los puertorrique\u00f1os a El Barrio y la emoci\u00f3n del festival puertorrique\u00f1o m\u00e1s grande del mundo,\u00bb<\/i> dijo Ralph Paniagua, Director General de 21 Events.<\/p>\n<p>La transmisi\u00f3n est\u00e1 patrocinada por JPMorgan Chase, CheapOair, Con Edison, Wicked, Estelar, Camille Rose, Michi Michelada, Poppi, Krasdale, Bravo y C-Town Supermarkets.<\/p>\n<p>\u00a1No te pierdas la celebraci\u00f3n! Sintoniza PIX11 y PIX11+ el s\u00e1bado 7 de junio, de 2 PM a 4 PM para ser parte de este evento inolvidable.<\/p>\n<p><b>Sobre el Festival de la Calle 116<\/b><br \/>\nEl Festival de la Calle 116, fundado por Abrazo del Barrio, David Acosta, Bob Acosta y Nick Lugo, honra la herencia puertorrique\u00f1a en East Harlem (El Barrio) y sirve como preludio del Desfile Nacional Puertorrique\u00f1o.<\/p>\n<h3><b>Sobre PIX11<\/b><\/h3>\n<p>Fundado en 1948, WPIX-TV es propiedad de Mission Broadcasting Inc. y operado por Nexstar Media Inc. PIX11 ha sido reconocido durante mucho tiempo como un canal pionero en Nueva York. En 2006, PIX11 se convirti\u00f3 en la estaci\u00f3n principal de CW Television Network y su programaci\u00f3n galardonada, junto con una cobertura destacada de eventos y deportes, han sido clave en su \u00e9xito. Desde 1999, PIX11 ha sido el canal de transmisi\u00f3n oficial de los New York Mets.<br \/>\nPIX11 interact\u00faa con la audiencia a trav\u00e9s de m\u00faltiples plataformas como WPIX 11.1, pix11.com y la aplicaci\u00f3n PIX11+, disponible en dispositivos como Roku, Amazon FireTV, Apple TV y Samsung Smart TVs.<\/p>\n<p><b>Sobre 21 Events<\/b><br \/>\n21 Events es una firma de marketing latino totalmente integrada, con m\u00e1s de 20 a\u00f1os de experiencia en la producci\u00f3n de soluciones de marketing y eventos deportivos y de entretenimiento que generan resultados medibles para clientes de Fortune 500 que buscan una aut\u00e9ntica conexi\u00f3n con los consumidores latinos.<\/p>\n","protected":false},"excerpt":{"rendered":"<p>NUEVA YORK, NY \u2014 3 de junio de 2025 \u2014 (NOTICIAS NEWSWIRE) \u2014 La propia PIX11 de Nueva York, en asociaci\u00f3n con 21 Events, se enorgullece de presentar la cobertura exclusiva del escenario de la Calle 122 en el Festival de la Calle 116 el s\u00e1bado 7 de junio, de 12 PM a 5 PM&#8230;. <a href=\"https:\/\/www.noticiasnewswire.com\/es\/pix11-presenta-el-festival-de-la-calle\/\" class=\"learn-btn\">Continue Reading<\/a><\/p>\n","protected":false},"author":15,"featured_media":57126,"comment_status":"closed","ping_status":"open","sticky":false,"template":"","format":"standard","meta":{"_acf_changed":false,"_genesis_hide_title":false,"_genesis_hide_breadcrumbs":false,"_genesis_hide_singular_image":false,"_genesis_hide_footer_widgets":false,"_genesis_custom_body_class":"","_genesis_custom_post_class":"","_genesis_layout":"","footnotes":""},"categories":[2354],"tags":[],"class_list":{"0":"post-57131","1":"post","2":"type-post","3":"status-publish","4":"format-standard","5":"has-post-thumbnail","7":"category-noticias-generales","8":"entry"},"acf":[],"featured_image_src":"https:\/\/www.noticiasnewswire.com\/wp-content\/uploads\/2025\/06\/featured-image-06032-600x400.jpeg","featured_image_src_square":"https:\/\/www.noticiasnewswire.com\/wp-content\/uploads\/2025\/06\/featured-image-06032-600x463.jpeg","author_info":{"display_name":"vicente","author_link":"https:\/\/www.noticiasnewswire.com\/es\/author\/vicente\/"},"_links":{"self":[{"href":"https:\/\/www.noticiasnewswire.com\/es\/wp-json\/wp\/v2\/posts\/57131","targetHints":{"allow":["GET"]}}],"collection":[{"href":"https:\/\/www.noticiasnewswire.com\/es\/wp-json\/wp\/v2\/posts"}],"about":[{"href":"https:\/\/www.noticiasnewswire.com\/es\/wp-json\/wp\/v2\/types\/post"}],"author":[{"embeddable":true,"href":"https:\/\/www.noticiasnewswire.com\/es\/wp-json\/wp\/v2\/users\/15"}],"replies":[{"embeddable":true,"href":"https:\/\/www.noticiasnewswire.com\/es\/wp-json\/wp\/v2\/comments?post=57131"}],"version-history":[{"count":0,"href":"https:\/\/www.noticiasnewswire.com\/es\/wp-json\/wp\/v2\/posts\/57131\/revisions"}],"wp:featuredmedia":[{"embeddable":true,"href":"https:\/\/www.noticiasnewswire.com\/es\/wp-json\/wp\/v2\/media\/57126"}],"wp:attachment":[{"href":"https:\/\/www.noticiasnewswire.com\/es\/wp-json\/wp\/v2\/media?parent=57131"}],"wp:term":[{"taxonomy":"category","embeddable":true,"href":"https:\/\/www.noticiasnewswire.com\/es\/wp-json\/wp\/v2\/categories?post=57131"},{"taxonomy":"post_tag","embeddable":true,"href":"https:\/\/www.noticiasnewswire.com\/es\/wp-json\/wp\/v2\/tags?post=57131"}],"curies":[{"name":"wp","href":"https:\/\/api.w.org\/{rel}","templated":true}]}}