{"id":59722,"date":"2025-12-11T08:00:43","date_gmt":"2025-12-11T13:00:43","guid":{"rendered":"https:\/\/www.noticiasnewswire.com\/?p=59722"},"modified":"2025-12-10T15:10:58","modified_gmt":"2025-12-10T20:10:58","slug":"vme-tv-estrena-dialogo-presidencial","status":"publish","type":"post","link":"https:\/\/www.noticiasnewswire.com\/es\/vme-tv-estrena-dialogo-presidencial\/","title":{"rendered":"Vme TV estrena \u2018Cumbre Di\u00e1logo Presidencial\u2019"},"content":{"rendered":"<iframe loading=\"lazy\" class=\"youtube\" width=\"304\" height=\"186\" src=\"https:\/\/youtube.com\/embed\/LV7Mb_XEfV8?wmode=transparent\" frameborder=\"0\" wmode=\"transparent\"><\/iframe> <p>MIAMI, FL \u2014 11 de diciembre de 2025 \u2014 (<a title=\"NOTICIAS NEWSWIRE\" href=\"https:\/\/www.noticiasnewswire.com\/es\/\">NOTICIAS NEWSWIRE<\/a>) \u2014 <b>Vme TV<\/b>\u00a0anuncia el estreno de\u00a0<b>\u201cCumbre Di\u00e1logo Presidencial\u201d<\/b>, un especial televisivo que revive los momentos m\u00e1s significativos de la reciente\u00a0<b>Cumbre por la Democracia<\/b>\u00a0organizada en Miami por el\u00a0<b>Grupo IDEA<\/b>, junto a\u00a0<b>Miami Dade College<\/b>\u00a0y destacadas instituciones dedicadas a la defensa de la libertad y las instituciones democr\u00e1ticas.<\/p>\n<p>El programa, presentado en\u00a0<b>dos partes<\/b>, se transmitir\u00e1 el\u00a0<b>domingo 14 de diciembre a la 1:00 pm EST<\/b>, con la segunda entrega el\u00a0<b>domingo siguiente<\/b>\u00a0a la misma hora, exclusivamente por Vme TV.<\/p>\n<p>\u201cEn un momento de esperanza y renovado compromiso c\u00edvico, nos enorgullece presentar un especial que aporta contexto, claridad e inspiraci\u00f3n a nuestra comunidad,\u201d afirm\u00f3\u00a0<b>Michael Fern\u00e1ndez, Vicepresidente de Mercadeo de Vme TV<\/b>. \u201cNuestra misi\u00f3n es ofrecer contenido que informa, conecta y eleva, especialmente cuando se trata del futuro democr\u00e1tico de nuestra regi\u00f3n.\u201d<\/p>\n<p>El especial re\u00fane discursos, testimonios y an\u00e1lisis de expresidentes, l\u00edderes democr\u00e1ticos y personalidades internacionales, incluyendo a\u00a0Jos\u00e9 Mar\u00eda Aznar,\u00a0Laura Chinchilla,\u00a0Andr\u00e9s Pastrana,\u00a0Luis Alberto Lacalle Herrera,\u00a0Jorge \u2018Tuto\u2019 Quiroga,\u00a0Rosa Mar\u00eda Pay\u00e1,\u00a0Mar\u00eda Corina Machado, entre otros participantes del encuentro celebrado en el Recinto Wolfson de Miami Dade College.<\/p>\n<p>\u201cCumbre Di\u00e1logo Presidencial\u201d ofrece una perspectiva clara y profunda sobre los desaf\u00edos y oportunidades que enfrenta Am\u00e9rica Latina, subrayando la importancia de promover el di\u00e1logo democr\u00e1tico en la comunidad hispana de Estados Unidos.<\/p>\n<h3>Sobre VME TV<\/h3>\n<p>Vme TV es un canal de televisi\u00f3n nacional en espa\u00f1ol que representa una alternativa con contenido exclusivo y de calidad para las familias latinas, ofreciendo programaci\u00f3n aspiracional, educacional, atractiva y divertida. Vme est\u00e1 disponible en miles de hogares alrededor de los Estados Unidos. Su se\u00f1al es transmitida a trav\u00e9s de Charter Spectrum, DIRECTV y AT&amp;T Uverse. Las 24 horas de programaci\u00f3n son dedicadas a contenido de entretenimiento, educaci\u00f3n y aspiracional para la familia hispana, con una variedad de programaci\u00f3n original, as\u00ed como de estrenos exclusivos y programas de televisi\u00f3n populares adaptados a la audiencia hispana. Para conocer m\u00e1s sobre Vme TV, visita <a title=\"vmetv\" href=\"http:\/\/www.vmetv.com\" target=\"_blank\" rel=\"noopener\">www.vmetv.com<\/a> (o s\u00edguenos en las redes sociales v\u00eda <a title=\"facebook\" href=\"http:\/\/www.facebook.com\/vmetv\" target=\"_blank\" rel=\"noopener\">www.facebook.com\/vmetv<\/a>, <a title=\"twitter\" href=\"http:\/\/www.twitter.com\/vmetv\" target=\"_blank\" rel=\"noopener\">www.twitter.com\/vmetv<\/a> y <a title=\"instagram\" href=\"http:\/\/www.instagram.com\/vmetv\" target=\"_blank\" rel=\"noopener\">www.instagram.com\/vmetv<\/a>).<\/p>\n","protected":false},"excerpt":{"rendered":"<h3><em>\u2014 Un especial que ilumina el momento democr\u00e1tico que vive la comunidad hispana \u2014<\/em><\/h3>\n","protected":false},"author":15,"featured_media":59712,"comment_status":"closed","ping_status":"open","sticky":false,"template":"","format":"standard","meta":{"_acf_changed":false,"_genesis_hide_title":false,"_genesis_hide_breadcrumbs":false,"_genesis_hide_singular_image":false,"_genesis_hide_footer_widgets":false,"_genesis_custom_body_class":"","_genesis_custom_post_class":"","_genesis_layout":"","footnotes":""},"categories":[2360,2350],"tags":[],"class_list":{"0":"post-59722","1":"post","2":"type-post","3":"status-publish","4":"format-standard","5":"has-post-thumbnail","7":"category-asuntos-publicos-gobierno","8":"category-entretenimiento","9":"entry"},"acf":[],"featured_image_src":"https:\/\/www.noticiasnewswire.com\/wp-content\/uploads\/2025\/12\/featured-1012-600x400.jpg","featured_image_src_square":"https:\/\/www.noticiasnewswire.com\/wp-content\/uploads\/2025\/12\/featured-1012-600x463.jpg","author_info":{"display_name":"vicente","author_link":"https:\/\/www.noticiasnewswire.com\/es\/author\/vicente\/"},"_links":{"self":[{"href":"https:\/\/www.noticiasnewswire.com\/es\/wp-json\/wp\/v2\/posts\/59722","targetHints":{"allow":["GET"]}}],"collection":[{"href":"https:\/\/www.noticiasnewswire.com\/es\/wp-json\/wp\/v2\/posts"}],"about":[{"href":"https:\/\/www.noticiasnewswire.com\/es\/wp-json\/wp\/v2\/types\/post"}],"author":[{"embeddable":true,"href":"https:\/\/www.noticiasnewswire.com\/es\/wp-json\/wp\/v2\/users\/15"}],"replies":[{"embeddable":true,"href":"https:\/\/www.noticiasnewswire.com\/es\/wp-json\/wp\/v2\/comments?post=59722"}],"version-history":[{"count":4,"href":"https:\/\/www.noticiasnewswire.com\/es\/wp-json\/wp\/v2\/posts\/59722\/revisions"}],"predecessor-version":[{"id":59726,"href":"https:\/\/www.noticiasnewswire.com\/es\/wp-json\/wp\/v2\/posts\/59722\/revisions\/59726"}],"wp:featuredmedia":[{"embeddable":true,"href":"https:\/\/www.noticiasnewswire.com\/es\/wp-json\/wp\/v2\/media\/59712"}],"wp:attachment":[{"href":"https:\/\/www.noticiasnewswire.com\/es\/wp-json\/wp\/v2\/media?parent=59722"}],"wp:term":[{"taxonomy":"category","embeddable":true,"href":"https:\/\/www.noticiasnewswire.com\/es\/wp-json\/wp\/v2\/categories?post=59722"},{"taxonomy":"post_tag","embeddable":true,"href":"https:\/\/www.noticiasnewswire.com\/es\/wp-json\/wp\/v2\/tags?post=59722"}],"curies":[{"name":"wp","href":"https:\/\/api.w.org\/{rel}","templated":true}]}}