{"id":60175,"date":"2026-01-29T14:24:41","date_gmt":"2026-01-29T19:24:41","guid":{"rendered":"https:\/\/www.noticiasnewswire.com\/?p=60175"},"modified":"2026-01-29T14:24:41","modified_gmt":"2026-01-29T19:24:41","slug":"corina-la-valiente-el-cuento","status":"publish","type":"post","link":"https:\/\/www.noticiasnewswire.com\/es\/corina-la-valiente-el-cuento\/","title":{"rendered":"Corina, la Valiente: el cuento infantil que invita a cuidar la luz, incluso cuando los caminos se cierran"},"content":{"rendered":"<iframe loading=\"lazy\" class=\"youtube\" width=\"304\" height=\"186\" src=\"https:\/\/youtube.com\/embed\/WcnryI18kBI?si=Xl6AtpTbSrbR3g0J?wmode=transparent\" frameborder=\"0\" wmode=\"transparent\"><\/iframe> <p>MIAMI, FL \u2014 29 de enero de 2026 \u2014 (<a title=\"NOTICIAS NEWSWIRE\" href=\"https:\/\/www.noticiasnewswire.com\/es\/\">NOTICIAS NEWSWIRE<\/a>) \u2014 La periodista, escritora y editora <b>Marybel Torres<\/b>, CEO de la editorial <b>La Nota Latina<\/b>, presenta <i>Corina, la Valiente<\/i>, un cuento infantil profundamente inspirador que aborda la valent\u00eda, el liderazgo sensible, la uni\u00f3n familiar y el amor por el hogar desde una mirada honesta, emotiva y luminosa.<\/p>\n<p>Ambientado en el simb\u00f3lico <b>Pa\u00eds de la Gracia<\/b>, este libro invita a ni\u00f1os, familias y educadores a reflexionar sobre los sue\u00f1os, la educaci\u00f3n, la resiliencia y la fuerza interior que permanece viva incluso en tiempos dif\u00edciles.<\/p>\n<p><b>Una historia que nace del amor por el hogar y la esperanza<\/b><\/p>\n<p><i>Corina, la Valiente<\/i> no es un cuento tradicional de h\u00e9roes y villanos. Es una historia que surge \u2014como explica su autora\u2014 de la necesidad de nombrar aquello que muchos sienten cuando los caminos se cierran y la tristeza intenta apagar los sue\u00f1os.<\/p>\n<p><i>\u201cSent\u00ed que esta historia me busc\u00f3 a m\u00ed. Naci\u00f3 de ver c\u00f3mo, incluso cuando los caminos se cierran, las personas siguen so\u00f1ando en silencio. Hablar de esperanza, sin negar la dificultad, es un acto de amor. Este cuento naci\u00f3 para recordarnos que la luz no desaparece, solo espera ser cuidada\u201d<\/i>, afirma Marybel Torres.<\/p>\n<p>En el relato, <b>Corina<\/b> es una joven l\u00edder cercana, real y profundamente humana. No empu\u00f1a espadas ni posee superpoderes; su verdadera fuerza est\u00e1 en escuchar, educar, acompa\u00f1ar y caminar junto a otros. A trav\u00e9s de su voz y sus acciones, el libro pone en valor una valent\u00eda silenciosa, especialmente presente en las mujeres, que muchas veces sostiene comunidades enteras sin ser reconocida.<\/p>\n<p><b>Educaci\u00f3n, familia y sue\u00f1os como pilares del cambio<\/b><\/p>\n<p>El <b>Pa\u00eds de la Gracia<\/b> representa mucho m\u00e1s que un escenario ficticio. Para su autora, simboliza el hogar, la memoria, la familia, la identidad y los valores que construyen una sociedad sana. Cuando la tristeza gobierna y los caminos se cierran, Corina inicia un viaje que recuerda que siempre existe una salida cuando se educa, se dialoga y se cree.<\/p>\n<p>La <b>Estrella de la Paz<\/b>, elemento central del cuento, no es un premio, sino una responsabilidad: cuidar la verdad, la educaci\u00f3n, el amor y la fe una vez que la luz regresa. El libro propone conversaciones necesarias con los m\u00e1s peque\u00f1os, reconociendo que los ni\u00f1os perciben la realidad con profundidad y que hablar de lo dif\u00edcil con esperanza fortalece el pensamiento cr\u00edtico, la resiliencia emocional y la conciencia social.<\/p>\n<p><i>Corina, la Valiente<\/i> es una obra que <b>no subestima a los ni\u00f1os<\/b>. Los acompa\u00f1a con respeto, sensibilidad y claridad emocional. Su valor est\u00e1 en abrir espacios de di\u00e1logo entre generaciones, record\u00e1ndonos que los cuentos siguen siendo una herramienta poderosa para formar conciencia sin adoctrinar.<\/p>\n<p><b>Sobre la autora<\/b> Marybel Torres es periodista, escritora, editora y gestora cultural. Naci\u00f3 en la Isla de Margarita, Venezuela, y reside en Estados Unidos, donde es fundadora y CEO de la editorial <b>La Nota Latina<\/b>, una plataforma cultural dedicada a transformar ideas en libros y dar voz a historias con prop\u00f3sito.<\/p>\n<p>Es creadora del concurso literario internacional <b>\u201cCu\u00e9ntale tu Cuento a La Nota Latina\u201d<\/b>, con m\u00e1s de una d\u00e9cada impulsando el talento literario hispano, y autora de varios libros enfocados en liderazgo, emprendimiento y desarrollo humano. Su trabajo se centra en <b>estimular el pensamiento cr\u00edtico, la educaci\u00f3n emocional y los valores familiares<\/b> como base para una sociedad m\u00e1s consciente.<\/p>\n<p><b>Disponible en Amazon: <\/b><a title=\"Amazon\" href=\"https:\/\/surl.li\/veunlt\" target=\"_blank\" rel=\"noopener\">https:\/\/surl.li\/veunlt<\/a><\/p>\n","protected":false},"excerpt":{"rendered":"<h3><em>\u2014 Un relato inspirador sobre valent\u00eda, liderazgo sensible y esperanza, escrito por la periodista y editora Marybel Torres \u2014<\/em><\/h3>\n","protected":false},"author":15,"featured_media":60150,"comment_status":"closed","ping_status":"open","sticky":false,"template":"","format":"standard","meta":{"_acf_changed":false,"_genesis_hide_title":false,"_genesis_hide_breadcrumbs":false,"_genesis_hide_singular_image":false,"_genesis_hide_footer_widgets":false,"_genesis_custom_body_class":"","_genesis_custom_post_class":"","_genesis_layout":"","footnotes":""},"categories":[2346,2349],"tags":[],"class_list":{"0":"post-60175","1":"post","2":"type-post","3":"status-publish","4":"format-standard","5":"has-post-thumbnail","7":"category-arte-cultura","8":"category-educacion","9":"entry"},"acf":[],"featured_image_src":"https:\/\/www.noticiasnewswire.com\/wp-content\/uploads\/2026\/01\/featured29-600x400.jpg","featured_image_src_square":"https:\/\/www.noticiasnewswire.com\/wp-content\/uploads\/2026\/01\/featured29-600x463.jpg","author_info":{"display_name":"vicente","author_link":"https:\/\/www.noticiasnewswire.com\/es\/author\/vicente\/"},"_links":{"self":[{"href":"https:\/\/www.noticiasnewswire.com\/es\/wp-json\/wp\/v2\/posts\/60175","targetHints":{"allow":["GET"]}}],"collection":[{"href":"https:\/\/www.noticiasnewswire.com\/es\/wp-json\/wp\/v2\/posts"}],"about":[{"href":"https:\/\/www.noticiasnewswire.com\/es\/wp-json\/wp\/v2\/types\/post"}],"author":[{"embeddable":true,"href":"https:\/\/www.noticiasnewswire.com\/es\/wp-json\/wp\/v2\/users\/15"}],"replies":[{"embeddable":true,"href":"https:\/\/www.noticiasnewswire.com\/es\/wp-json\/wp\/v2\/comments?post=60175"}],"version-history":[{"count":1,"href":"https:\/\/www.noticiasnewswire.com\/es\/wp-json\/wp\/v2\/posts\/60175\/revisions"}],"predecessor-version":[{"id":60176,"href":"https:\/\/www.noticiasnewswire.com\/es\/wp-json\/wp\/v2\/posts\/60175\/revisions\/60176"}],"wp:featuredmedia":[{"embeddable":true,"href":"https:\/\/www.noticiasnewswire.com\/es\/wp-json\/wp\/v2\/media\/60150"}],"wp:attachment":[{"href":"https:\/\/www.noticiasnewswire.com\/es\/wp-json\/wp\/v2\/media?parent=60175"}],"wp:term":[{"taxonomy":"category","embeddable":true,"href":"https:\/\/www.noticiasnewswire.com\/es\/wp-json\/wp\/v2\/categories?post=60175"},{"taxonomy":"post_tag","embeddable":true,"href":"https:\/\/www.noticiasnewswire.com\/es\/wp-json\/wp\/v2\/tags?post=60175"}],"curies":[{"name":"wp","href":"https:\/\/api.w.org\/{rel}","templated":true}]}}