{"id":61459,"date":"2026-04-24T19:36:44","date_gmt":"2026-04-24T23:36:44","guid":{"rendered":"https:\/\/www.noticiasnewswire.com\/?p=61459"},"modified":"2026-04-24T19:36:44","modified_gmt":"2026-04-24T23:36:44","slug":"caribbean-business-summit","status":"publish","type":"post","link":"https:\/\/www.noticiasnewswire.com\/es\/caribbean-business-summit\/","title":{"rendered":"Caribbean Business Summit re\u00fane a l\u00edderes del sector p\u00fablico y privado para discutir el futuro econ\u00f3mico de Puerto Rico"},"content":{"rendered":"<p>SAN JUAN, PR \u2014 24 de abril de 2026 \u2014 (<a title=\"NOTICIAS NEWSWIRE\" href=\"https:\/\/www.noticiasnewswire.com\/es\/\">NOTICIAS NEWSWIRE<\/a>) \u2014 En un momento decisivo para la econom\u00eda de Puerto Rico, surge un renovado espacio para la discusi\u00f3n seria, directa y profunda sobre el futuro del pa\u00eds: el Caribbean Business Summit.<\/p>\n<p>El evento se celebrar\u00e1 el jueves, 7 de mayo de 2026 en el Sheraton Puerto Rico Convention Center y reunir\u00e1 a l\u00edderes empresariales, inversionistas, funcionarios p\u00fablicos y expertos de distintos sectores en una discusi\u00f3n enfocada en soluciones a los principales temas que impactan la econom\u00eda de la Isla.<\/p>\n<p><a href=\"https:\/\/www.noticiasnewswire.com\/wp-content\/uploads\/2026\/04\/cbs-26-0860-agenda-preliminar-copy-232x300.png\" target=\"_blank\" rel=\"noopener\"><img loading=\"lazy\" decoding=\"async\" class=\"aligncenter wp-image-61454 size-medium\" src=\"https:\/\/www.noticiasnewswire.com\/wp-content\/uploads\/2026\/04\/cbs-26-0860-agenda-preliminar-copy-232x300.png\" alt=\"\" width=\"232\" height=\"300\" srcset=\"https:\/\/www.noticiasnewswire.com\/wp-content\/uploads\/2026\/04\/cbs-26-0860-agenda-preliminar-copy-232x300.png 232w, https:\/\/www.noticiasnewswire.com\/wp-content\/uploads\/2026\/04\/cbs-26-0860-agenda-preliminar-copy-793x1024.png 793w, https:\/\/www.noticiasnewswire.com\/wp-content\/uploads\/2026\/04\/cbs-26-0860-agenda-preliminar-copy-768x992.png 768w, https:\/\/www.noticiasnewswire.com\/wp-content\/uploads\/2026\/04\/cbs-26-0860-agenda-preliminar-copy.png 945w\" sizes=\"auto, (max-width: 232px) 100vw, 232px\" \/><\/a><\/p>\n<p>El programa incluye \u00e1reas cr\u00edticas como el panorama econ\u00f3mico y geopol\u00edtico de Puerto Rico, los retos estructurales del sistema energ\u00e9tico, las oportunidades y retos del turismo, el rol del capital privado en la expansi\u00f3n econ\u00f3mica, as\u00ed como los sectores ancla del desarrollo en la Isla.<\/p>\n<p>El Summit contar\u00e1 con la participaci\u00f3n de figuras clave del sector privado, incluyendo l\u00edderes de industrias como energ\u00eda, turismo, manufactura, banca e inversi\u00f3n, entre ellos Richard Carri\u00f3n, Chairman de la Junta de Directores de Popular, y Janisse Qui\u00f1ones, presidenta y CEO de LUMA Energy, as\u00ed como representantes del gobierno al m\u00e1s alto nivel, entre ellos la Gobernadora de Puerto Rico, Hon. Jenniffer Gonz\u00e1lez-Col\u00f3n, y el Presidente de la C\u00e1mara de Representantes, Hon. Carlos \u201cJohnny\u201d M\u00e9ndez.<\/p>\n<p>El Caribbean Business Summit es un espacio dise\u00f1ado para cuestionar, alinear y avanzar, donde se contrastan los sectores p\u00fablico y privado con el objetivo de identificar oportunidades reales de crecimiento y acci\u00f3n.<\/p>\n<p>El regreso de Caribbean Business enmarca esta nueva etapa, retomando un rol esencial: elevar la conversaci\u00f3n econ\u00f3mica del pa\u00eds con profundidad, an\u00e1lisis y una mirada enfocada en el futuro. Impulsada por Vision News Media, con el respaldo estrat\u00e9gico de VRM Companies, esta plataforma busca crear el espacio donde estas conversaciones ocurran de forma abierta, informada y con impacto.<\/p>\n<p>Para m\u00e1s informaci\u00f3n sobre la agenda y boletos, acceda a <a title=\"caribbean\" href=\"https:\/\/summit.caribbean.business\/\" target=\"_blank\" rel=\"noopener\">caribbean.business\/Summit<\/a><\/p>\n<hr \/>\n<p><b>CONTACTO:<\/b><br \/>\nBeatriz de Jes\u00fas<br \/>\n787-638-0819<br \/>\n<a title=\"beatriz@adworkscorp.com\" href=\"mailto:beatriz@adworkscorp.com\">beatriz@adworkscorp.com<\/a><\/p>\n","protected":false},"excerpt":{"rendered":"<h3><em>\u2014 El evento marca el relanzamiento de la publicaci\u00f3n, que durante d\u00e9cadas lider\u00f3 las noticias econ\u00f3micas de la Isla \u2014<\/em><\/h3>\n<h3><em>\u2014 El Summit contar\u00e1 con la participaci\u00f3n de figuras clave del sector privado, incluyendo l\u00edderes de industrias como energ\u00eda, turismo, manufactura, banca e inversi\u00f3n, as\u00ed como representantes del gobierno al m\u00e1s alto nivel \u2014<\/em><\/h3>\n","protected":false},"author":15,"featured_media":61461,"comment_status":"closed","ping_status":"open","sticky":false,"template":"","format":"standard","meta":{"_acf_changed":false,"_genesis_hide_title":false,"_genesis_hide_breadcrumbs":false,"_genesis_hide_singular_image":false,"_genesis_hide_footer_widgets":false,"_genesis_custom_body_class":"","_genesis_custom_post_class":"","_genesis_layout":"","footnotes":""},"categories":[2356,2362],"tags":[],"class_list":{"0":"post-61459","1":"post","2":"type-post","3":"status-publish","4":"format-standard","5":"has-post-thumbnail","7":"category-interes-humano","8":"category-viajes-turismo","9":"entry"},"acf":[],"featured_image_src":"https:\/\/www.noticiasnewswire.com\/wp-content\/uploads\/2026\/04\/featured-244-600x400.jpg","featured_image_src_square":"https:\/\/www.noticiasnewswire.com\/wp-content\/uploads\/2026\/04\/featured-244-600x463.jpg","author_info":{"display_name":"vicente","author_link":"https:\/\/www.noticiasnewswire.com\/es\/author\/vicente\/"},"_links":{"self":[{"href":"https:\/\/www.noticiasnewswire.com\/es\/wp-json\/wp\/v2\/posts\/61459","targetHints":{"allow":["GET"]}}],"collection":[{"href":"https:\/\/www.noticiasnewswire.com\/es\/wp-json\/wp\/v2\/posts"}],"about":[{"href":"https:\/\/www.noticiasnewswire.com\/es\/wp-json\/wp\/v2\/types\/post"}],"author":[{"embeddable":true,"href":"https:\/\/www.noticiasnewswire.com\/es\/wp-json\/wp\/v2\/users\/15"}],"replies":[{"embeddable":true,"href":"https:\/\/www.noticiasnewswire.com\/es\/wp-json\/wp\/v2\/comments?post=61459"}],"version-history":[{"count":1,"href":"https:\/\/www.noticiasnewswire.com\/es\/wp-json\/wp\/v2\/posts\/61459\/revisions"}],"predecessor-version":[{"id":61462,"href":"https:\/\/www.noticiasnewswire.com\/es\/wp-json\/wp\/v2\/posts\/61459\/revisions\/61462"}],"wp:featuredmedia":[{"embeddable":true,"href":"https:\/\/www.noticiasnewswire.com\/es\/wp-json\/wp\/v2\/media\/61461"}],"wp:attachment":[{"href":"https:\/\/www.noticiasnewswire.com\/es\/wp-json\/wp\/v2\/media?parent=61459"}],"wp:term":[{"taxonomy":"category","embeddable":true,"href":"https:\/\/www.noticiasnewswire.com\/es\/wp-json\/wp\/v2\/categories?post=61459"},{"taxonomy":"post_tag","embeddable":true,"href":"https:\/\/www.noticiasnewswire.com\/es\/wp-json\/wp\/v2\/tags?post=61459"}],"curies":[{"name":"wp","href":"https:\/\/api.w.org\/{rel}","templated":true}]}}